		
		{"items":"\t\t\t<link rel=\"stylesheet\" id=\"wd-photoswipe-css\" href=\"https:\/\/www.wizualhome.pl\/wp-content\/themes\/woodmart\/css\/parts\/lib-photoswipe.min.css?ver=8.3.4\" type=\"text\/css\" media=\"all\" \/> \t\t\t\t\t\t<link rel=\"stylesheet\" id=\"wd-project-alt-css\" href=\"https:\/\/www.wizualhome.pl\/wp-content\/themes\/woodmart\/css\/parts\/project-alt.min.css?ver=8.3.4\" type=\"text\/css\" media=\"all\" \/> \t\t\t\n\t\t\n\t\t\n\t\t\t\t\t\t\t\t\n<article id=\"post-11659\" class=\"wd-project portfolio-entry wd-col masonry-item portfolio-hover-inverse proj-cat-dom proj-cat-jadalnia proj-cat-kuchnia proj-cat-lazienka proj-cat-pokoj-dziecka proj-cat-salon proj-cat-sypialnia proj-cat-wizualizacja post-11659 portfolio type-portfolio status-publish has-post-thumbnail hentry project-cat-dom project-cat-jadalnia project-cat-kuchnia project-cat-lazienka project-cat-pokoj-dziecka project-cat-salon project-cat-sypialnia project-cat-wizualizacja\">\n\t<header class=\"entry-header\">\n\t\t\t\t\t<figure class=\"entry-thumbnail color-scheme-light\">\n\t\t\t\t<a href=\"https:\/\/www.wizualhome.pl\/projekt\/dom-w-odcieniach-zieleni-i-granatu\/\" class=\"portfolio-thumbnail\">\n\t\t\t\t\t<img width=\"1024\" height=\"1024\" src=\"https:\/\/www.wizualhome.pl\/wp-content\/uploads\/2021\/06\/dom-w-odcieniach-zieleni-i-granatupion-salon-03-pop-kw-1-1024x1024.jpg\" class=\"attachment-large size-large\" alt=\"\" decoding=\"async\" fetchpriority=\"high\" srcset=\"https:\/\/www.wizualhome.pl\/wp-content\/uploads\/2021\/06\/dom-w-odcieniach-zieleni-i-granatupion-salon-03-pop-kw-1-1024x1024.jpg 1024w, https:\/\/www.wizualhome.pl\/wp-content\/uploads\/2021\/06\/dom-w-odcieniach-zieleni-i-granatupion-salon-03-pop-kw-1-300x300.jpg 300w, https:\/\/www.wizualhome.pl\/wp-content\/uploads\/2021\/06\/dom-w-odcieniach-zieleni-i-granatupion-salon-03-pop-kw-1-150x150.jpg 150w, https:\/\/www.wizualhome.pl\/wp-content\/uploads\/2021\/06\/dom-w-odcieniach-zieleni-i-granatupion-salon-03-pop-kw-1-768x768.jpg 768w, https:\/\/www.wizualhome.pl\/wp-content\/uploads\/2021\/06\/dom-w-odcieniach-zieleni-i-granatupion-salon-03-pop-kw-1-1200x1200.jpg 1200w, https:\/\/www.wizualhome.pl\/wp-content\/uploads\/2021\/06\/dom-w-odcieniach-zieleni-i-granatupion-salon-03-pop-kw-1-600x600.jpg 600w, https:\/\/www.wizualhome.pl\/wp-content\/uploads\/2021\/06\/dom-w-odcieniach-zieleni-i-granatupion-salon-03-pop-kw-1.jpg 1250w\" sizes=\"(max-width: 1024px) 100vw, 1024px\" \/>\t\t\t\t<\/a>\n\t\t\t\t<div class=\"wd-portfolio-btns\">\n\t\t\t\t\t<div class=\"portfolio-enlarge wd-action-btn wd-style-icon wd-enlarge-icon\">\n\t\t\t\t\t\t<a href=\"https:\/\/www.wizualhome.pl\/wp-content\/uploads\/2021\/06\/dom-w-odcieniach-zieleni-i-granatupion-salon-03-pop-kw-1.jpg\" data-elementor-open-lightbox=\"no\">View Large<\/a>\n\t\t\t\t\t<\/div>\n\t\t\t\t\t\t\t\t\t\t\t<div class=\"social-icons-wrapper wd-action-btn wd-style-icon wd-share-icon wd-tltp\">\n\t\t\t\t\t\t\t<a><\/a>\n\t\t\t\t\t\t\t<div class=\"tooltip left\">\n\t\t\t\t\t\t\t\t<div class=\"tooltip-arrow\"><\/div>\n\t\t\t\t\t\t\t\t<div class=\"tooltip-inner\">\n\t\t\t\t\t\t\t\t\t\t\t\t<link rel=\"stylesheet\" id=\"wd-social-icons-css\" href=\"https:\/\/www.wizualhome.pl\/wp-content\/themes\/woodmart\/css\/parts\/el-social-icons.min.css?ver=8.3.4\" type=\"text\/css\" media=\"all\" \/> \t\t\t\t\t\t<div\n\t\t\t\t\t\tclass=\" wd-social-icons  wd-style-default wd-size-small social-share wd-shape-circle color-scheme-light text-center\">\n\t\t\t\t\n\t\t\t\t\n\t\t\t\t\t\t\t\t\t<a rel=\"noopener noreferrer nofollow\" href=\"https:\/\/www.facebook.com\/sharer\/sharer.php?u=https:\/\/www.wizualhome.pl\/projekt\/dom-w-odcieniach-zieleni-i-granatu\/\" target=\"_blank\" class=\" wd-social-icon social-facebook\" aria-label=\"Facebook social link\">\n\t\t\t\t\t\t<span class=\"wd-icon\"><\/span>\n\t\t\t\t\t\t\t\t\t\t\t<\/a>\n\t\t\t\t\n\t\t\t\t\t\t\t\t\t<a rel=\"noopener noreferrer nofollow\" href=\"https:\/\/x.com\/share?url=https:\/\/www.wizualhome.pl\/projekt\/dom-w-odcieniach-zieleni-i-granatu\/\" target=\"_blank\" class=\" wd-social-icon social-twitter\" aria-label=\"X social link\">\n\t\t\t\t\t\t<span class=\"wd-icon\"><\/span>\n\t\t\t\t\t\t\t\t\t\t\t<\/a>\n\t\t\t\t\n\t\t\t\t\n\t\t\t\t\t\t\t\t\t<a rel=\"noopener noreferrer nofollow\" href=\"mailto:?subject=Check%20this%20https:\/\/www.wizualhome.pl\/projekt\/dom-w-odcieniach-zieleni-i-granatu\/\" target=\"_blank\" class=\" wd-social-icon social-email\" aria-label=\"Email social link\">\n\t\t\t\t\t\t<span class=\"wd-icon\"><\/span>\n\t\t\t\t\t\t\t\t\t\t\t<\/a>\n\t\t\t\t\n\t\t\t\t\n\t\t\t\t\n\t\t\t\t\n\t\t\t\t\t\t\t\t\t<a rel=\"noopener noreferrer nofollow\" href=\"https:\/\/pinterest.com\/pin\/create\/button\/?url=https:\/\/www.wizualhome.pl\/projekt\/dom-w-odcieniach-zieleni-i-granatu\/&media=https:\/\/www.wizualhome.pl\/wp-content\/uploads\/2021\/06\/dom-w-odcieniach-zieleni-i-granatupion-salon-03-pop-kw-1.jpg&description=Dom+w%26nbsp%3Bodcieniach+zieleni+i%26nbsp%3Bgranatu\" target=\"_blank\" class=\" wd-social-icon social-pinterest\" aria-label=\"Pinterest social link\">\n\t\t\t\t\t\t<span class=\"wd-icon\"><\/span>\n\t\t\t\t\t\t\t\t\t\t\t<\/a>\n\t\t\t\t\n\t\t\t\t\n\t\t\t\t\t\t\t\t\t<a rel=\"noopener noreferrer nofollow\" href=\"https:\/\/www.linkedin.com\/shareArticle?mini=true&url=https:\/\/www.wizualhome.pl\/projekt\/dom-w-odcieniach-zieleni-i-granatu\/\" target=\"_blank\" class=\" wd-social-icon social-linkedin\" aria-label=\"Linkedin social link\">\n\t\t\t\t\t\t<span class=\"wd-icon\"><\/span>\n\t\t\t\t\t\t\t\t\t\t\t<\/a>\n\t\t\t\t\n\t\t\t\t\n\t\t\t\t\n\t\t\t\t\n\t\t\t\t\n\t\t\t\t\n\t\t\t\t\n\t\t\t\t\n\t\t\t\t\n\t\t\t\t\n\t\t\t\t\n\t\t\t\t\n\t\t\t\t\n\t\t\t\t\n\t\t\t\t\n\t\t\t\t\n\t\t\t\t\n\t\t\t<\/div>\n\n\t\t\t\t\t\t\t\t\t\t<\/div>\n\t\t\t\t\t\t\t<\/div>\n\t\t\t\t\t\t<\/div>\n\t\t\t\t\t\t\t\t\t<\/div>\n\t\t\t<\/figure>\n\t\t\n\t\t<div class=\"portfolio-info color-scheme-light\">\n\t\t\t\t\t\t\t<div class=\"wrap-meta\">\n\t\t\t\t\t<ul class=\"proj-cats-list\">\n\t\t\t\t\t\t\t\t\t\t\t\t\t\t\t\t\t\t\t\t<li>Dom<\/li>\n\t\t\t\t\t\t\t\t\t\t\t\t\t\t\t\t\t\t\t\t<li>Jadalnia<\/li>\n\t\t\t\t\t\t\t\t\t\t\t\t\t\t\t\t\t\t\t\t<li>Kuchnia<\/li>\n\t\t\t\t\t\t\t\t\t\t\t\t\t\t\t\t\t\t\t\t<li>\u0141azienka<\/li>\n\t\t\t\t\t\t\t\t\t\t\t\t\t\t\t\t\t\t\t\t<li>Pok\u00f3j dziecka<\/li>\n\t\t\t\t\t\t\t\t\t\t\t\t\t\t\t\t\t\t\t\t<li>Salon<\/li>\n\t\t\t\t\t\t\t\t\t\t\t\t\t\t\t\t\t\t\t\t<li>Sypialnia<\/li>\n\t\t\t\t\t\t\t\t\t\t\t\t\t\t\t\t\t\t\t\t<li>Wizualizacja<\/li>\n\t\t\t\t\t\t\t\t\t\t\t<\/ul>\n\t\t\t\t<\/div>\n\t\t\t\n\t\t\t<div class=\"wrap-title\">\n\t\t\t\t<h3 class=\"wd-entities-title\">\n\t\t\t\t\t<a href=\"https:\/\/www.wizualhome.pl\/projekt\/dom-w-odcieniach-zieleni-i-granatu\/\" rel=\"bookmark\">Dom w&nbsp;odcieniach zieleni i&nbsp;granatu<\/a>\n\t\t\t\t<\/h3>\n\t\t\t<\/div>\n\t\t<\/div>\n\t<\/header>\n<\/article>\n\t\t\t\t\t\t\t\t\n<article id=\"post-11649\" class=\"wd-project portfolio-entry wd-col masonry-item portfolio-hover-inverse proj-cat-dom proj-cat-lazienka proj-cat-wizualizacja post-11649 portfolio type-portfolio status-publish has-post-thumbnail hentry project-cat-dom project-cat-lazienka project-cat-wizualizacja\">\n\t<header class=\"entry-header\">\n\t\t\t\t\t<figure class=\"entry-thumbnail color-scheme-light\">\n\t\t\t\t<a href=\"https:\/\/www.wizualhome.pl\/projekt\/kuchnia-z-eukaliptusem\/\" class=\"portfolio-thumbnail\">\n\t\t\t\t\t<img width=\"1024\" height=\"1024\" src=\"https:\/\/www.wizualhome.pl\/wp-content\/uploads\/2021\/02\/znaczek_2020.jpg\" class=\"attachment-large size-large wd-lazy-fade\" alt=\"\" decoding=\"async\" srcset=\"\" sizes=\"(max-width: 1024px) 100vw, 1024px\" data-src=\"https:\/\/www.wizualhome.pl\/wp-content\/uploads\/2021\/05\/kuchnia-z-eukaliptusem-02-kw-1024x1024.jpg\" data-srcset=\"https:\/\/www.wizualhome.pl\/wp-content\/uploads\/2021\/05\/kuchnia-z-eukaliptusem-02-kw-1024x1024.jpg 1024w, https:\/\/www.wizualhome.pl\/wp-content\/uploads\/2021\/05\/kuchnia-z-eukaliptusem-02-kw-300x300.jpg 300w, https:\/\/www.wizualhome.pl\/wp-content\/uploads\/2021\/05\/kuchnia-z-eukaliptusem-02-kw-150x150.jpg 150w, https:\/\/www.wizualhome.pl\/wp-content\/uploads\/2021\/05\/kuchnia-z-eukaliptusem-02-kw-768x768.jpg 768w, https:\/\/www.wizualhome.pl\/wp-content\/uploads\/2021\/05\/kuchnia-z-eukaliptusem-02-kw-1536x1536.jpg 1536w, https:\/\/www.wizualhome.pl\/wp-content\/uploads\/2021\/05\/kuchnia-z-eukaliptusem-02-kw-1200x1200.jpg 1200w, https:\/\/www.wizualhome.pl\/wp-content\/uploads\/2021\/05\/kuchnia-z-eukaliptusem-02-kw-600x600.jpg 600w, https:\/\/www.wizualhome.pl\/wp-content\/uploads\/2021\/05\/kuchnia-z-eukaliptusem-02-kw.jpg 1620w\" \/>\t\t\t\t<\/a>\n\t\t\t\t<div class=\"wd-portfolio-btns\">\n\t\t\t\t\t<div class=\"portfolio-enlarge wd-action-btn wd-style-icon wd-enlarge-icon\">\n\t\t\t\t\t\t<a href=\"https:\/\/www.wizualhome.pl\/wp-content\/uploads\/2021\/05\/kuchnia-z-eukaliptusem-02-kw.jpg\" data-elementor-open-lightbox=\"no\">View Large<\/a>\n\t\t\t\t\t<\/div>\n\t\t\t\t\t\t\t\t\t\t\t<div class=\"social-icons-wrapper wd-action-btn wd-style-icon wd-share-icon wd-tltp\">\n\t\t\t\t\t\t\t<a><\/a>\n\t\t\t\t\t\t\t<div class=\"tooltip left\">\n\t\t\t\t\t\t\t\t<div class=\"tooltip-arrow\"><\/div>\n\t\t\t\t\t\t\t\t<div class=\"tooltip-inner\">\n\t\t\t\t\t\t\t\t\t\t\t\t<div\n\t\t\t\t\t\tclass=\" wd-social-icons  wd-style-default wd-size-small social-share wd-shape-circle color-scheme-light text-center\">\n\t\t\t\t\n\t\t\t\t\n\t\t\t\t\t\t\t\t\t<a rel=\"noopener noreferrer nofollow\" href=\"https:\/\/www.facebook.com\/sharer\/sharer.php?u=https:\/\/www.wizualhome.pl\/projekt\/kuchnia-z-eukaliptusem\/\" target=\"_blank\" class=\" wd-social-icon social-facebook\" aria-label=\"Facebook social link\">\n\t\t\t\t\t\t<span class=\"wd-icon\"><\/span>\n\t\t\t\t\t\t\t\t\t\t\t<\/a>\n\t\t\t\t\n\t\t\t\t\t\t\t\t\t<a rel=\"noopener noreferrer nofollow\" href=\"https:\/\/x.com\/share?url=https:\/\/www.wizualhome.pl\/projekt\/kuchnia-z-eukaliptusem\/\" target=\"_blank\" class=\" wd-social-icon social-twitter\" aria-label=\"X social link\">\n\t\t\t\t\t\t<span class=\"wd-icon\"><\/span>\n\t\t\t\t\t\t\t\t\t\t\t<\/a>\n\t\t\t\t\n\t\t\t\t\n\t\t\t\t\t\t\t\t\t<a rel=\"noopener noreferrer nofollow\" href=\"mailto:?subject=Check%20this%20https:\/\/www.wizualhome.pl\/projekt\/kuchnia-z-eukaliptusem\/\" target=\"_blank\" class=\" wd-social-icon social-email\" aria-label=\"Email social link\">\n\t\t\t\t\t\t<span class=\"wd-icon\"><\/span>\n\t\t\t\t\t\t\t\t\t\t\t<\/a>\n\t\t\t\t\n\t\t\t\t\n\t\t\t\t\n\t\t\t\t\n\t\t\t\t\t\t\t\t\t<a rel=\"noopener noreferrer nofollow\" href=\"https:\/\/pinterest.com\/pin\/create\/button\/?url=https:\/\/www.wizualhome.pl\/projekt\/kuchnia-z-eukaliptusem\/&media=https:\/\/www.wizualhome.pl\/wp-content\/uploads\/2021\/05\/kuchnia-z-eukaliptusem-02-kw.jpg&description=Kuchnia+z%26nbsp%3Beukaliptusem\" target=\"_blank\" class=\" wd-social-icon social-pinterest\" aria-label=\"Pinterest social link\">\n\t\t\t\t\t\t<span class=\"wd-icon\"><\/span>\n\t\t\t\t\t\t\t\t\t\t\t<\/a>\n\t\t\t\t\n\t\t\t\t\n\t\t\t\t\t\t\t\t\t<a rel=\"noopener noreferrer nofollow\" href=\"https:\/\/www.linkedin.com\/shareArticle?mini=true&url=https:\/\/www.wizualhome.pl\/projekt\/kuchnia-z-eukaliptusem\/\" target=\"_blank\" class=\" wd-social-icon social-linkedin\" aria-label=\"Linkedin social link\">\n\t\t\t\t\t\t<span class=\"wd-icon\"><\/span>\n\t\t\t\t\t\t\t\t\t\t\t<\/a>\n\t\t\t\t\n\t\t\t\t\n\t\t\t\t\n\t\t\t\t\n\t\t\t\t\n\t\t\t\t\n\t\t\t\t\n\t\t\t\t\n\t\t\t\t\n\t\t\t\t\n\t\t\t\t\n\t\t\t\t\n\t\t\t\t\n\t\t\t\t\n\t\t\t\t\n\t\t\t\t\n\t\t\t\t\n\t\t\t<\/div>\n\n\t\t\t\t\t\t\t\t\t\t<\/div>\n\t\t\t\t\t\t\t<\/div>\n\t\t\t\t\t\t<\/div>\n\t\t\t\t\t\t\t\t\t<\/div>\n\t\t\t<\/figure>\n\t\t\n\t\t<div class=\"portfolio-info color-scheme-light\">\n\t\t\t\t\t\t\t<div class=\"wrap-meta\">\n\t\t\t\t\t<ul class=\"proj-cats-list\">\n\t\t\t\t\t\t\t\t\t\t\t\t\t\t\t\t\t\t\t\t<li>Dom<\/li>\n\t\t\t\t\t\t\t\t\t\t\t\t\t\t\t\t\t\t\t\t<li>\u0141azienka<\/li>\n\t\t\t\t\t\t\t\t\t\t\t\t\t\t\t\t\t\t\t\t<li>Wizualizacja<\/li>\n\t\t\t\t\t\t\t\t\t\t\t<\/ul>\n\t\t\t\t<\/div>\n\t\t\t\n\t\t\t<div class=\"wrap-title\">\n\t\t\t\t<h3 class=\"wd-entities-title\">\n\t\t\t\t\t<a href=\"https:\/\/www.wizualhome.pl\/projekt\/kuchnia-z-eukaliptusem\/\" rel=\"bookmark\">Kuchnia z&nbsp;eukaliptusem<\/a>\n\t\t\t\t<\/h3>\n\t\t\t<\/div>\n\t\t<\/div>\n\t<\/header>\n<\/article>\n\t\t\t\t\t\t\t\t\n<article id=\"post-11728\" class=\"wd-project portfolio-entry wd-col masonry-item portfolio-hover-inverse proj-cat-dom proj-cat-jadalnia proj-cat-salon proj-cat-wizualizacja post-11728 portfolio type-portfolio status-publish has-post-thumbnail hentry project-cat-dom project-cat-jadalnia project-cat-salon project-cat-wizualizacja\">\n\t<header class=\"entry-header\">\n\t\t\t\t\t<figure class=\"entry-thumbnail color-scheme-light\">\n\t\t\t\t<a href=\"https:\/\/www.wizualhome.pl\/projekt\/nowoczesny-salon\/\" class=\"portfolio-thumbnail\">\n\t\t\t\t\t<img width=\"1024\" height=\"1024\" src=\"https:\/\/www.wizualhome.pl\/wp-content\/uploads\/2021\/02\/znaczek_2020.jpg\" class=\"attachment-large size-large wd-lazy-fade\" alt=\"\" decoding=\"async\" srcset=\"\" sizes=\"(max-width: 1024px) 100vw, 1024px\" data-src=\"https:\/\/www.wizualhome.pl\/wp-content\/uploads\/2021\/06\/nowoczesny-salon-01-kw-1-1024x1024.jpg\" data-srcset=\"https:\/\/www.wizualhome.pl\/wp-content\/uploads\/2021\/06\/nowoczesny-salon-01-kw-1-1024x1024.jpg 1024w, https:\/\/www.wizualhome.pl\/wp-content\/uploads\/2021\/06\/nowoczesny-salon-01-kw-1-300x300.jpg 300w, https:\/\/www.wizualhome.pl\/wp-content\/uploads\/2021\/06\/nowoczesny-salon-01-kw-1-150x150.jpg 150w, https:\/\/www.wizualhome.pl\/wp-content\/uploads\/2021\/06\/nowoczesny-salon-01-kw-1-768x768.jpg 768w, https:\/\/www.wizualhome.pl\/wp-content\/uploads\/2021\/06\/nowoczesny-salon-01-kw-1-1536x1536.jpg 1536w, https:\/\/www.wizualhome.pl\/wp-content\/uploads\/2021\/06\/nowoczesny-salon-01-kw-1-1200x1200.jpg 1200w, https:\/\/www.wizualhome.pl\/wp-content\/uploads\/2021\/06\/nowoczesny-salon-01-kw-1-600x600.jpg 600w, https:\/\/www.wizualhome.pl\/wp-content\/uploads\/2021\/06\/nowoczesny-salon-01-kw-1.jpg 1620w\" \/>\t\t\t\t<\/a>\n\t\t\t\t<div class=\"wd-portfolio-btns\">\n\t\t\t\t\t<div class=\"portfolio-enlarge wd-action-btn wd-style-icon wd-enlarge-icon\">\n\t\t\t\t\t\t<a href=\"https:\/\/www.wizualhome.pl\/wp-content\/uploads\/2021\/06\/nowoczesny-salon-01-kw-1.jpg\" data-elementor-open-lightbox=\"no\">View Large<\/a>\n\t\t\t\t\t<\/div>\n\t\t\t\t\t\t\t\t\t\t\t<div class=\"social-icons-wrapper wd-action-btn wd-style-icon wd-share-icon wd-tltp\">\n\t\t\t\t\t\t\t<a><\/a>\n\t\t\t\t\t\t\t<div class=\"tooltip left\">\n\t\t\t\t\t\t\t\t<div class=\"tooltip-arrow\"><\/div>\n\t\t\t\t\t\t\t\t<div class=\"tooltip-inner\">\n\t\t\t\t\t\t\t\t\t\t\t\t<div\n\t\t\t\t\t\tclass=\" wd-social-icons  wd-style-default wd-size-small social-share wd-shape-circle color-scheme-light text-center\">\n\t\t\t\t\n\t\t\t\t\n\t\t\t\t\t\t\t\t\t<a rel=\"noopener noreferrer nofollow\" href=\"https:\/\/www.facebook.com\/sharer\/sharer.php?u=https:\/\/www.wizualhome.pl\/projekt\/nowoczesny-salon\/\" target=\"_blank\" class=\" wd-social-icon social-facebook\" aria-label=\"Facebook social link\">\n\t\t\t\t\t\t<span class=\"wd-icon\"><\/span>\n\t\t\t\t\t\t\t\t\t\t\t<\/a>\n\t\t\t\t\n\t\t\t\t\t\t\t\t\t<a rel=\"noopener noreferrer nofollow\" href=\"https:\/\/x.com\/share?url=https:\/\/www.wizualhome.pl\/projekt\/nowoczesny-salon\/\" target=\"_blank\" class=\" wd-social-icon social-twitter\" aria-label=\"X social link\">\n\t\t\t\t\t\t<span class=\"wd-icon\"><\/span>\n\t\t\t\t\t\t\t\t\t\t\t<\/a>\n\t\t\t\t\n\t\t\t\t\n\t\t\t\t\t\t\t\t\t<a rel=\"noopener noreferrer nofollow\" href=\"mailto:?subject=Check%20this%20https:\/\/www.wizualhome.pl\/projekt\/nowoczesny-salon\/\" target=\"_blank\" class=\" wd-social-icon social-email\" aria-label=\"Email social link\">\n\t\t\t\t\t\t<span class=\"wd-icon\"><\/span>\n\t\t\t\t\t\t\t\t\t\t\t<\/a>\n\t\t\t\t\n\t\t\t\t\n\t\t\t\t\n\t\t\t\t\n\t\t\t\t\t\t\t\t\t<a rel=\"noopener noreferrer nofollow\" href=\"https:\/\/pinterest.com\/pin\/create\/button\/?url=https:\/\/www.wizualhome.pl\/projekt\/nowoczesny-salon\/&media=https:\/\/www.wizualhome.pl\/wp-content\/uploads\/2021\/06\/nowoczesny-salon-01-kw-1.jpg&description=Nowoczesny+salon\" target=\"_blank\" class=\" wd-social-icon social-pinterest\" aria-label=\"Pinterest social link\">\n\t\t\t\t\t\t<span class=\"wd-icon\"><\/span>\n\t\t\t\t\t\t\t\t\t\t\t<\/a>\n\t\t\t\t\n\t\t\t\t\n\t\t\t\t\t\t\t\t\t<a rel=\"noopener noreferrer nofollow\" href=\"https:\/\/www.linkedin.com\/shareArticle?mini=true&url=https:\/\/www.wizualhome.pl\/projekt\/nowoczesny-salon\/\" target=\"_blank\" class=\" wd-social-icon social-linkedin\" aria-label=\"Linkedin social link\">\n\t\t\t\t\t\t<span class=\"wd-icon\"><\/span>\n\t\t\t\t\t\t\t\t\t\t\t<\/a>\n\t\t\t\t\n\t\t\t\t\n\t\t\t\t\n\t\t\t\t\n\t\t\t\t\n\t\t\t\t\n\t\t\t\t\n\t\t\t\t\n\t\t\t\t\n\t\t\t\t\n\t\t\t\t\n\t\t\t\t\n\t\t\t\t\n\t\t\t\t\n\t\t\t\t\n\t\t\t\t\n\t\t\t\t\n\t\t\t<\/div>\n\n\t\t\t\t\t\t\t\t\t\t<\/div>\n\t\t\t\t\t\t\t<\/div>\n\t\t\t\t\t\t<\/div>\n\t\t\t\t\t\t\t\t\t<\/div>\n\t\t\t<\/figure>\n\t\t\n\t\t<div class=\"portfolio-info color-scheme-light\">\n\t\t\t\t\t\t\t<div class=\"wrap-meta\">\n\t\t\t\t\t<ul class=\"proj-cats-list\">\n\t\t\t\t\t\t\t\t\t\t\t\t\t\t\t\t\t\t\t\t<li>Dom<\/li>\n\t\t\t\t\t\t\t\t\t\t\t\t\t\t\t\t\t\t\t\t<li>Jadalnia<\/li>\n\t\t\t\t\t\t\t\t\t\t\t\t\t\t\t\t\t\t\t\t<li>Salon<\/li>\n\t\t\t\t\t\t\t\t\t\t\t\t\t\t\t\t\t\t\t\t<li>Wizualizacja<\/li>\n\t\t\t\t\t\t\t\t\t\t\t<\/ul>\n\t\t\t\t<\/div>\n\t\t\t\n\t\t\t<div class=\"wrap-title\">\n\t\t\t\t<h3 class=\"wd-entities-title\">\n\t\t\t\t\t<a href=\"https:\/\/www.wizualhome.pl\/projekt\/nowoczesny-salon\/\" rel=\"bookmark\">Nowoczesny salon<\/a>\n\t\t\t\t<\/h3>\n\t\t\t<\/div>\n\t\t<\/div>\n\t<\/header>\n<\/article>\n\t\t\t\t\t\t\t\t\n<article id=\"post-11691\" class=\"wd-project portfolio-entry wd-col masonry-item portfolio-hover-inverse proj-cat-dom proj-cat-kuchnia proj-cat-lazienka proj-cat-salon proj-cat-sypialnia proj-cat-wizualizacja post-11691 portfolio type-portfolio status-publish has-post-thumbnail hentry project-cat-dom project-cat-kuchnia project-cat-lazienka project-cat-salon project-cat-sypialnia project-cat-wizualizacja\">\n\t<header class=\"entry-header\">\n\t\t\t\t\t<figure class=\"entry-thumbnail color-scheme-light\">\n\t\t\t\t<a href=\"https:\/\/www.wizualhome.pl\/projekt\/domek-modulowy-cube-35\/\" class=\"portfolio-thumbnail\">\n\t\t\t\t\t<img width=\"1024\" height=\"1024\" src=\"https:\/\/www.wizualhome.pl\/wp-content\/uploads\/2021\/02\/znaczek_2020.jpg\" class=\"attachment-large size-large wd-lazy-fade\" alt=\"\" decoding=\"async\" loading=\"lazy\" srcset=\"\" sizes=\"auto, (max-width: 1024px) 100vw, 1024px\" data-src=\"https:\/\/www.wizualhome.pl\/wp-content\/uploads\/2021\/06\/Wizualhome-Domek-modulowy-Cube-35-kw-1024x1024.jpg\" data-srcset=\"https:\/\/www.wizualhome.pl\/wp-content\/uploads\/2021\/06\/Wizualhome-Domek-modulowy-Cube-35-kw-1024x1024.jpg 1024w, https:\/\/www.wizualhome.pl\/wp-content\/uploads\/2021\/06\/Wizualhome-Domek-modulowy-Cube-35-kw-300x300.jpg 300w, https:\/\/www.wizualhome.pl\/wp-content\/uploads\/2021\/06\/Wizualhome-Domek-modulowy-Cube-35-kw-150x150.jpg 150w, https:\/\/www.wizualhome.pl\/wp-content\/uploads\/2021\/06\/Wizualhome-Domek-modulowy-Cube-35-kw-768x768.jpg 768w, https:\/\/www.wizualhome.pl\/wp-content\/uploads\/2021\/06\/Wizualhome-Domek-modulowy-Cube-35-kw-1536x1536.jpg 1536w, https:\/\/www.wizualhome.pl\/wp-content\/uploads\/2021\/06\/Wizualhome-Domek-modulowy-Cube-35-kw-1200x1200.jpg 1200w, https:\/\/www.wizualhome.pl\/wp-content\/uploads\/2021\/06\/Wizualhome-Domek-modulowy-Cube-35-kw-600x600.jpg 600w, https:\/\/www.wizualhome.pl\/wp-content\/uploads\/2021\/06\/Wizualhome-Domek-modulowy-Cube-35-kw.jpg 1620w\" \/>\t\t\t\t<\/a>\n\t\t\t\t<div class=\"wd-portfolio-btns\">\n\t\t\t\t\t<div class=\"portfolio-enlarge wd-action-btn wd-style-icon wd-enlarge-icon\">\n\t\t\t\t\t\t<a href=\"https:\/\/www.wizualhome.pl\/wp-content\/uploads\/2021\/06\/Wizualhome-Domek-modulowy-Cube-35-kw.jpg\" data-elementor-open-lightbox=\"no\">View Large<\/a>\n\t\t\t\t\t<\/div>\n\t\t\t\t\t\t\t\t\t\t\t<div class=\"social-icons-wrapper wd-action-btn wd-style-icon wd-share-icon wd-tltp\">\n\t\t\t\t\t\t\t<a><\/a>\n\t\t\t\t\t\t\t<div class=\"tooltip left\">\n\t\t\t\t\t\t\t\t<div class=\"tooltip-arrow\"><\/div>\n\t\t\t\t\t\t\t\t<div class=\"tooltip-inner\">\n\t\t\t\t\t\t\t\t\t\t\t\t<div\n\t\t\t\t\t\tclass=\" wd-social-icons  wd-style-default wd-size-small social-share wd-shape-circle color-scheme-light text-center\">\n\t\t\t\t\n\t\t\t\t\n\t\t\t\t\t\t\t\t\t<a rel=\"noopener noreferrer nofollow\" href=\"https:\/\/www.facebook.com\/sharer\/sharer.php?u=https:\/\/www.wizualhome.pl\/projekt\/domek-modulowy-cube-35\/\" target=\"_blank\" class=\" wd-social-icon social-facebook\" aria-label=\"Facebook social link\">\n\t\t\t\t\t\t<span class=\"wd-icon\"><\/span>\n\t\t\t\t\t\t\t\t\t\t\t<\/a>\n\t\t\t\t\n\t\t\t\t\t\t\t\t\t<a rel=\"noopener noreferrer nofollow\" href=\"https:\/\/x.com\/share?url=https:\/\/www.wizualhome.pl\/projekt\/domek-modulowy-cube-35\/\" target=\"_blank\" class=\" wd-social-icon social-twitter\" aria-label=\"X social link\">\n\t\t\t\t\t\t<span class=\"wd-icon\"><\/span>\n\t\t\t\t\t\t\t\t\t\t\t<\/a>\n\t\t\t\t\n\t\t\t\t\n\t\t\t\t\t\t\t\t\t<a rel=\"noopener noreferrer nofollow\" href=\"mailto:?subject=Check%20this%20https:\/\/www.wizualhome.pl\/projekt\/domek-modulowy-cube-35\/\" target=\"_blank\" class=\" wd-social-icon social-email\" aria-label=\"Email social link\">\n\t\t\t\t\t\t<span class=\"wd-icon\"><\/span>\n\t\t\t\t\t\t\t\t\t\t\t<\/a>\n\t\t\t\t\n\t\t\t\t\n\t\t\t\t\n\t\t\t\t\n\t\t\t\t\t\t\t\t\t<a rel=\"noopener noreferrer nofollow\" href=\"https:\/\/pinterest.com\/pin\/create\/button\/?url=https:\/\/www.wizualhome.pl\/projekt\/domek-modulowy-cube-35\/&media=https:\/\/www.wizualhome.pl\/wp-content\/uploads\/2021\/06\/Wizualhome-Domek-modulowy-Cube-35-kw.jpg&description=Domek+modu%C5%82owy+Cube+35%2B\" target=\"_blank\" class=\" wd-social-icon social-pinterest\" aria-label=\"Pinterest social link\">\n\t\t\t\t\t\t<span class=\"wd-icon\"><\/span>\n\t\t\t\t\t\t\t\t\t\t\t<\/a>\n\t\t\t\t\n\t\t\t\t\n\t\t\t\t\t\t\t\t\t<a rel=\"noopener noreferrer nofollow\" href=\"https:\/\/www.linkedin.com\/shareArticle?mini=true&url=https:\/\/www.wizualhome.pl\/projekt\/domek-modulowy-cube-35\/\" target=\"_blank\" class=\" wd-social-icon social-linkedin\" aria-label=\"Linkedin social link\">\n\t\t\t\t\t\t<span class=\"wd-icon\"><\/span>\n\t\t\t\t\t\t\t\t\t\t\t<\/a>\n\t\t\t\t\n\t\t\t\t\n\t\t\t\t\n\t\t\t\t\n\t\t\t\t\n\t\t\t\t\n\t\t\t\t\n\t\t\t\t\n\t\t\t\t\n\t\t\t\t\n\t\t\t\t\n\t\t\t\t\n\t\t\t\t\n\t\t\t\t\n\t\t\t\t\n\t\t\t\t\n\t\t\t\t\n\t\t\t<\/div>\n\n\t\t\t\t\t\t\t\t\t\t<\/div>\n\t\t\t\t\t\t\t<\/div>\n\t\t\t\t\t\t<\/div>\n\t\t\t\t\t\t\t\t\t<\/div>\n\t\t\t<\/figure>\n\t\t\n\t\t<div class=\"portfolio-info color-scheme-light\">\n\t\t\t\t\t\t\t<div class=\"wrap-meta\">\n\t\t\t\t\t<ul class=\"proj-cats-list\">\n\t\t\t\t\t\t\t\t\t\t\t\t\t\t\t\t\t\t\t\t<li>Dom<\/li>\n\t\t\t\t\t\t\t\t\t\t\t\t\t\t\t\t\t\t\t\t<li>Kuchnia<\/li>\n\t\t\t\t\t\t\t\t\t\t\t\t\t\t\t\t\t\t\t\t<li>\u0141azienka<\/li>\n\t\t\t\t\t\t\t\t\t\t\t\t\t\t\t\t\t\t\t\t<li>Salon<\/li>\n\t\t\t\t\t\t\t\t\t\t\t\t\t\t\t\t\t\t\t\t<li>Sypialnia<\/li>\n\t\t\t\t\t\t\t\t\t\t\t\t\t\t\t\t\t\t\t\t<li>Wizualizacja<\/li>\n\t\t\t\t\t\t\t\t\t\t\t<\/ul>\n\t\t\t\t<\/div>\n\t\t\t\n\t\t\t<div class=\"wrap-title\">\n\t\t\t\t<h3 class=\"wd-entities-title\">\n\t\t\t\t\t<a href=\"https:\/\/www.wizualhome.pl\/projekt\/domek-modulowy-cube-35\/\" rel=\"bookmark\">Domek modu\u0142owy Cube 35+<\/a>\n\t\t\t\t<\/h3>\n\t\t\t<\/div>\n\t\t<\/div>\n\t<\/header>\n<\/article>\n\t\t\t\t\t\t\t\t\n<article id=\"post-11251\" class=\"wd-project portfolio-entry wd-col masonry-item portfolio-hover-inverse proj-cat-dom proj-cat-lazienka post-11251 portfolio type-portfolio status-publish has-post-thumbnail hentry project-cat-dom project-cat-lazienka\">\n\t<header class=\"entry-header\">\n\t\t\t\t\t<figure class=\"entry-thumbnail color-scheme-light\">\n\t\t\t\t<a href=\"https:\/\/www.wizualhome.pl\/projekt\/lazienka-z-marmurem\/\" class=\"portfolio-thumbnail\">\n\t\t\t\t\t<img width=\"1024\" height=\"1024\" src=\"https:\/\/www.wizualhome.pl\/wp-content\/uploads\/2021\/02\/znaczek_2020.jpg\" class=\"attachment-large size-large wd-lazy-fade\" alt=\"\" decoding=\"async\" loading=\"lazy\" srcset=\"\" sizes=\"auto, (max-width: 1024px) 100vw, 1024px\" data-src=\"https:\/\/www.wizualhome.pl\/wp-content\/uploads\/2021\/04\/lazienka-z-marmurem-kw-1024x1024.jpg\" data-srcset=\"https:\/\/www.wizualhome.pl\/wp-content\/uploads\/2021\/04\/lazienka-z-marmurem-kw-1024x1024.jpg 1024w, https:\/\/www.wizualhome.pl\/wp-content\/uploads\/2021\/04\/lazienka-z-marmurem-kw-300x300.jpg 300w, https:\/\/www.wizualhome.pl\/wp-content\/uploads\/2021\/04\/lazienka-z-marmurem-kw-150x150.jpg 150w, https:\/\/www.wizualhome.pl\/wp-content\/uploads\/2021\/04\/lazienka-z-marmurem-kw-768x768.jpg 768w, https:\/\/www.wizualhome.pl\/wp-content\/uploads\/2021\/04\/lazienka-z-marmurem-kw-600x600.jpg 600w, https:\/\/www.wizualhome.pl\/wp-content\/uploads\/2021\/04\/lazienka-z-marmurem-kw-100x100.jpg 100w, https:\/\/www.wizualhome.pl\/wp-content\/uploads\/2021\/04\/lazienka-z-marmurem-kw.jpg 1080w\" \/>\t\t\t\t<\/a>\n\t\t\t\t<div class=\"wd-portfolio-btns\">\n\t\t\t\t\t<div class=\"portfolio-enlarge wd-action-btn wd-style-icon wd-enlarge-icon\">\n\t\t\t\t\t\t<a href=\"https:\/\/www.wizualhome.pl\/wp-content\/uploads\/2021\/04\/lazienka-z-marmurem-kw.jpg\" data-elementor-open-lightbox=\"no\">View Large<\/a>\n\t\t\t\t\t<\/div>\n\t\t\t\t\t\t\t\t\t\t\t<div class=\"social-icons-wrapper wd-action-btn wd-style-icon wd-share-icon wd-tltp\">\n\t\t\t\t\t\t\t<a><\/a>\n\t\t\t\t\t\t\t<div class=\"tooltip left\">\n\t\t\t\t\t\t\t\t<div class=\"tooltip-arrow\"><\/div>\n\t\t\t\t\t\t\t\t<div class=\"tooltip-inner\">\n\t\t\t\t\t\t\t\t\t\t\t\t<div\n\t\t\t\t\t\tclass=\" wd-social-icons  wd-style-default wd-size-small social-share wd-shape-circle color-scheme-light text-center\">\n\t\t\t\t\n\t\t\t\t\n\t\t\t\t\t\t\t\t\t<a rel=\"noopener noreferrer nofollow\" href=\"https:\/\/www.facebook.com\/sharer\/sharer.php?u=https:\/\/www.wizualhome.pl\/projekt\/lazienka-z-marmurem\/\" target=\"_blank\" class=\" wd-social-icon social-facebook\" aria-label=\"Facebook social link\">\n\t\t\t\t\t\t<span class=\"wd-icon\"><\/span>\n\t\t\t\t\t\t\t\t\t\t\t<\/a>\n\t\t\t\t\n\t\t\t\t\t\t\t\t\t<a rel=\"noopener noreferrer nofollow\" href=\"https:\/\/x.com\/share?url=https:\/\/www.wizualhome.pl\/projekt\/lazienka-z-marmurem\/\" target=\"_blank\" class=\" wd-social-icon social-twitter\" aria-label=\"X social link\">\n\t\t\t\t\t\t<span class=\"wd-icon\"><\/span>\n\t\t\t\t\t\t\t\t\t\t\t<\/a>\n\t\t\t\t\n\t\t\t\t\n\t\t\t\t\t\t\t\t\t<a rel=\"noopener noreferrer nofollow\" href=\"mailto:?subject=Check%20this%20https:\/\/www.wizualhome.pl\/projekt\/lazienka-z-marmurem\/\" target=\"_blank\" class=\" wd-social-icon social-email\" aria-label=\"Email social link\">\n\t\t\t\t\t\t<span class=\"wd-icon\"><\/span>\n\t\t\t\t\t\t\t\t\t\t\t<\/a>\n\t\t\t\t\n\t\t\t\t\n\t\t\t\t\n\t\t\t\t\n\t\t\t\t\t\t\t\t\t<a rel=\"noopener noreferrer nofollow\" href=\"https:\/\/pinterest.com\/pin\/create\/button\/?url=https:\/\/www.wizualhome.pl\/projekt\/lazienka-z-marmurem\/&media=https:\/\/www.wizualhome.pl\/wp-content\/uploads\/2021\/04\/lazienka-z-marmurem-kw.jpg&description=%C5%81azienka+z%26nbsp%3Bmarmurem\" target=\"_blank\" class=\" wd-social-icon social-pinterest\" aria-label=\"Pinterest social link\">\n\t\t\t\t\t\t<span class=\"wd-icon\"><\/span>\n\t\t\t\t\t\t\t\t\t\t\t<\/a>\n\t\t\t\t\n\t\t\t\t\n\t\t\t\t\t\t\t\t\t<a rel=\"noopener noreferrer nofollow\" href=\"https:\/\/www.linkedin.com\/shareArticle?mini=true&url=https:\/\/www.wizualhome.pl\/projekt\/lazienka-z-marmurem\/\" target=\"_blank\" class=\" wd-social-icon social-linkedin\" aria-label=\"Linkedin social link\">\n\t\t\t\t\t\t<span class=\"wd-icon\"><\/span>\n\t\t\t\t\t\t\t\t\t\t\t<\/a>\n\t\t\t\t\n\t\t\t\t\n\t\t\t\t\n\t\t\t\t\n\t\t\t\t\n\t\t\t\t\n\t\t\t\t\n\t\t\t\t\n\t\t\t\t\n\t\t\t\t\n\t\t\t\t\n\t\t\t\t\n\t\t\t\t\n\t\t\t\t\n\t\t\t\t\n\t\t\t\t\n\t\t\t\t\n\t\t\t<\/div>\n\n\t\t\t\t\t\t\t\t\t\t<\/div>\n\t\t\t\t\t\t\t<\/div>\n\t\t\t\t\t\t<\/div>\n\t\t\t\t\t\t\t\t\t<\/div>\n\t\t\t<\/figure>\n\t\t\n\t\t<div class=\"portfolio-info color-scheme-light\">\n\t\t\t\t\t\t\t<div class=\"wrap-meta\">\n\t\t\t\t\t<ul class=\"proj-cats-list\">\n\t\t\t\t\t\t\t\t\t\t\t\t\t\t\t\t\t\t\t\t<li>Dom<\/li>\n\t\t\t\t\t\t\t\t\t\t\t\t\t\t\t\t\t\t\t\t<li>\u0141azienka<\/li>\n\t\t\t\t\t\t\t\t\t\t\t<\/ul>\n\t\t\t\t<\/div>\n\t\t\t\n\t\t\t<div class=\"wrap-title\">\n\t\t\t\t<h3 class=\"wd-entities-title\">\n\t\t\t\t\t<a href=\"https:\/\/www.wizualhome.pl\/projekt\/lazienka-z-marmurem\/\" rel=\"bookmark\">\u0141azienka z&nbsp;marmurem<\/a>\n\t\t\t\t<\/h3>\n\t\t\t<\/div>\n\t\t<\/div>\n\t<\/header>\n<\/article>\n\t\t\t\t\t\t\t\t\n<article id=\"post-10892\" class=\"wd-project portfolio-entry wd-col masonry-item portfolio-hover-inverse proj-cat-dom proj-cat-lazienka proj-cat-wizualizacja post-10892 portfolio type-portfolio status-publish has-post-thumbnail hentry project-cat-dom project-cat-lazienka project-cat-wizualizacja\">\n\t<header class=\"entry-header\">\n\t\t\t\t\t<figure class=\"entry-thumbnail color-scheme-light\">\n\t\t\t\t<a href=\"https:\/\/www.wizualhome.pl\/projekt\/lazienka-z-eukaliptusem\/\" class=\"portfolio-thumbnail\">\n\t\t\t\t\t<img width=\"1024\" height=\"1024\" src=\"https:\/\/www.wizualhome.pl\/wp-content\/uploads\/2021\/02\/znaczek_2020.jpg\" class=\"attachment-large size-large wd-lazy-fade\" alt=\"\" decoding=\"async\" loading=\"lazy\" srcset=\"\" sizes=\"auto, (max-width: 1024px) 100vw, 1024px\" data-src=\"https:\/\/www.wizualhome.pl\/wp-content\/uploads\/2021\/02\/Wizualizacja_lazienka_eukaliptus_kw-1024x1024.jpg\" data-srcset=\"https:\/\/www.wizualhome.pl\/wp-content\/uploads\/2021\/02\/Wizualizacja_lazienka_eukaliptus_kw-1024x1024.jpg 1024w, https:\/\/www.wizualhome.pl\/wp-content\/uploads\/2021\/02\/Wizualizacja_lazienka_eukaliptus_kw-300x300.jpg 300w, https:\/\/www.wizualhome.pl\/wp-content\/uploads\/2021\/02\/Wizualizacja_lazienka_eukaliptus_kw-150x150.jpg 150w, https:\/\/www.wizualhome.pl\/wp-content\/uploads\/2021\/02\/Wizualizacja_lazienka_eukaliptus_kw-768x768.jpg 768w, https:\/\/www.wizualhome.pl\/wp-content\/uploads\/2021\/02\/Wizualizacja_lazienka_eukaliptus_kw.jpg 1536w, https:\/\/www.wizualhome.pl\/wp-content\/uploads\/2021\/02\/Wizualizacja_lazienka_eukaliptus_kw-1200x1200.jpg 1200w, https:\/\/www.wizualhome.pl\/wp-content\/uploads\/2021\/02\/Wizualizacja_lazienka_eukaliptus_kw-600x600.jpg 600w, https:\/\/www.wizualhome.pl\/wp-content\/uploads\/2021\/02\/Wizualizacja_lazienka_eukaliptus_kw-100x100.jpg 100w\" \/>\t\t\t\t<\/a>\n\t\t\t\t<div class=\"wd-portfolio-btns\">\n\t\t\t\t\t<div class=\"portfolio-enlarge wd-action-btn wd-style-icon wd-enlarge-icon\">\n\t\t\t\t\t\t<a href=\"https:\/\/www.wizualhome.pl\/wp-content\/uploads\/2021\/02\/Wizualizacja_lazienka_eukaliptus_kw.jpg\" data-elementor-open-lightbox=\"no\">View Large<\/a>\n\t\t\t\t\t<\/div>\n\t\t\t\t\t\t\t\t\t\t\t<div class=\"social-icons-wrapper wd-action-btn wd-style-icon wd-share-icon wd-tltp\">\n\t\t\t\t\t\t\t<a><\/a>\n\t\t\t\t\t\t\t<div class=\"tooltip left\">\n\t\t\t\t\t\t\t\t<div class=\"tooltip-arrow\"><\/div>\n\t\t\t\t\t\t\t\t<div class=\"tooltip-inner\">\n\t\t\t\t\t\t\t\t\t\t\t\t<div\n\t\t\t\t\t\tclass=\" wd-social-icons  wd-style-default wd-size-small social-share wd-shape-circle color-scheme-light text-center\">\n\t\t\t\t\n\t\t\t\t\n\t\t\t\t\t\t\t\t\t<a rel=\"noopener noreferrer nofollow\" href=\"https:\/\/www.facebook.com\/sharer\/sharer.php?u=https:\/\/www.wizualhome.pl\/projekt\/lazienka-z-eukaliptusem\/\" target=\"_blank\" class=\" wd-social-icon social-facebook\" aria-label=\"Facebook social link\">\n\t\t\t\t\t\t<span class=\"wd-icon\"><\/span>\n\t\t\t\t\t\t\t\t\t\t\t<\/a>\n\t\t\t\t\n\t\t\t\t\t\t\t\t\t<a rel=\"noopener noreferrer nofollow\" href=\"https:\/\/x.com\/share?url=https:\/\/www.wizualhome.pl\/projekt\/lazienka-z-eukaliptusem\/\" target=\"_blank\" class=\" wd-social-icon social-twitter\" aria-label=\"X social link\">\n\t\t\t\t\t\t<span class=\"wd-icon\"><\/span>\n\t\t\t\t\t\t\t\t\t\t\t<\/a>\n\t\t\t\t\n\t\t\t\t\n\t\t\t\t\t\t\t\t\t<a rel=\"noopener noreferrer nofollow\" href=\"mailto:?subject=Check%20this%20https:\/\/www.wizualhome.pl\/projekt\/lazienka-z-eukaliptusem\/\" target=\"_blank\" class=\" wd-social-icon social-email\" aria-label=\"Email social link\">\n\t\t\t\t\t\t<span class=\"wd-icon\"><\/span>\n\t\t\t\t\t\t\t\t\t\t\t<\/a>\n\t\t\t\t\n\t\t\t\t\n\t\t\t\t\n\t\t\t\t\n\t\t\t\t\t\t\t\t\t<a rel=\"noopener noreferrer nofollow\" href=\"https:\/\/pinterest.com\/pin\/create\/button\/?url=https:\/\/www.wizualhome.pl\/projekt\/lazienka-z-eukaliptusem\/&media=https:\/\/www.wizualhome.pl\/wp-content\/uploads\/2021\/02\/Wizualizacja_lazienka_eukaliptus_kw.jpg&description=%C5%81azienka+z%26nbsp%3Beukaliptusem\" target=\"_blank\" class=\" wd-social-icon social-pinterest\" aria-label=\"Pinterest social link\">\n\t\t\t\t\t\t<span class=\"wd-icon\"><\/span>\n\t\t\t\t\t\t\t\t\t\t\t<\/a>\n\t\t\t\t\n\t\t\t\t\n\t\t\t\t\t\t\t\t\t<a rel=\"noopener noreferrer nofollow\" href=\"https:\/\/www.linkedin.com\/shareArticle?mini=true&url=https:\/\/www.wizualhome.pl\/projekt\/lazienka-z-eukaliptusem\/\" target=\"_blank\" class=\" wd-social-icon social-linkedin\" aria-label=\"Linkedin social link\">\n\t\t\t\t\t\t<span class=\"wd-icon\"><\/span>\n\t\t\t\t\t\t\t\t\t\t\t<\/a>\n\t\t\t\t\n\t\t\t\t\n\t\t\t\t\n\t\t\t\t\n\t\t\t\t\n\t\t\t\t\n\t\t\t\t\n\t\t\t\t\n\t\t\t\t\n\t\t\t\t\n\t\t\t\t\n\t\t\t\t\n\t\t\t\t\n\t\t\t\t\n\t\t\t\t\n\t\t\t\t\n\t\t\t\t\n\t\t\t<\/div>\n\n\t\t\t\t\t\t\t\t\t\t<\/div>\n\t\t\t\t\t\t\t<\/div>\n\t\t\t\t\t\t<\/div>\n\t\t\t\t\t\t\t\t\t<\/div>\n\t\t\t<\/figure>\n\t\t\n\t\t<div class=\"portfolio-info color-scheme-light\">\n\t\t\t\t\t\t\t<div class=\"wrap-meta\">\n\t\t\t\t\t<ul class=\"proj-cats-list\">\n\t\t\t\t\t\t\t\t\t\t\t\t\t\t\t\t\t\t\t\t<li>Dom<\/li>\n\t\t\t\t\t\t\t\t\t\t\t\t\t\t\t\t\t\t\t\t<li>\u0141azienka<\/li>\n\t\t\t\t\t\t\t\t\t\t\t\t\t\t\t\t\t\t\t\t<li>Wizualizacja<\/li>\n\t\t\t\t\t\t\t\t\t\t\t<\/ul>\n\t\t\t\t<\/div>\n\t\t\t\n\t\t\t<div class=\"wrap-title\">\n\t\t\t\t<h3 class=\"wd-entities-title\">\n\t\t\t\t\t<a href=\"https:\/\/www.wizualhome.pl\/projekt\/lazienka-z-eukaliptusem\/\" rel=\"bookmark\">\u0141azienka z&nbsp;eukaliptusem<\/a>\n\t\t\t\t<\/h3>\n\t\t\t<\/div>\n\t\t<\/div>\n\t<\/header>\n<\/article>\n\t\t\t\t\t\t\t\t\n<article id=\"post-10876\" class=\"wd-project portfolio-entry wd-col masonry-item portfolio-hover-inverse proj-cat-dom proj-cat-kuchnia proj-cat-salon proj-cat-wizualizacja post-10876 portfolio type-portfolio status-publish has-post-thumbnail hentry project-cat-dom project-cat-kuchnia project-cat-salon project-cat-wizualizacja\">\n\t<header class=\"entry-header\">\n\t\t\t\t\t<figure class=\"entry-thumbnail color-scheme-light\">\n\t\t\t\t<a href=\"https:\/\/www.wizualhome.pl\/projekt\/salon-w-rozach\/\" class=\"portfolio-thumbnail\">\n\t\t\t\t\t<img width=\"1024\" height=\"1024\" src=\"https:\/\/www.wizualhome.pl\/wp-content\/uploads\/2021\/02\/znaczek_2020.jpg\" class=\"attachment-large size-large wd-lazy-fade\" alt=\"\" decoding=\"async\" loading=\"lazy\" srcset=\"\" sizes=\"auto, (max-width: 1024px) 100vw, 1024px\" data-src=\"https:\/\/www.wizualhome.pl\/wp-content\/uploads\/2021\/02\/Salon-w-rozach-kw-1024x1024.jpg\" data-srcset=\"https:\/\/www.wizualhome.pl\/wp-content\/uploads\/2021\/02\/Salon-w-rozach-kw-1024x1024.jpg 1024w, https:\/\/www.wizualhome.pl\/wp-content\/uploads\/2021\/02\/Salon-w-rozach-kw-300x300.jpg 300w, https:\/\/www.wizualhome.pl\/wp-content\/uploads\/2021\/02\/Salon-w-rozach-kw-150x150.jpg 150w, https:\/\/www.wizualhome.pl\/wp-content\/uploads\/2021\/02\/Salon-w-rozach-kw-768x768.jpg 768w, https:\/\/www.wizualhome.pl\/wp-content\/uploads\/2021\/02\/Salon-w-rozach-kw-600x600.jpg 600w, https:\/\/www.wizualhome.pl\/wp-content\/uploads\/2021\/02\/Salon-w-rozach-kw-100x100.jpg 100w, https:\/\/www.wizualhome.pl\/wp-content\/uploads\/2021\/02\/Salon-w-rozach-kw.jpg 1080w\" \/>\t\t\t\t<\/a>\n\t\t\t\t<div class=\"wd-portfolio-btns\">\n\t\t\t\t\t<div class=\"portfolio-enlarge wd-action-btn wd-style-icon wd-enlarge-icon\">\n\t\t\t\t\t\t<a href=\"https:\/\/www.wizualhome.pl\/wp-content\/uploads\/2021\/02\/Salon-w-rozach-kw.jpg\" data-elementor-open-lightbox=\"no\">View Large<\/a>\n\t\t\t\t\t<\/div>\n\t\t\t\t\t\t\t\t\t\t\t<div class=\"social-icons-wrapper wd-action-btn wd-style-icon wd-share-icon wd-tltp\">\n\t\t\t\t\t\t\t<a><\/a>\n\t\t\t\t\t\t\t<div class=\"tooltip left\">\n\t\t\t\t\t\t\t\t<div class=\"tooltip-arrow\"><\/div>\n\t\t\t\t\t\t\t\t<div class=\"tooltip-inner\">\n\t\t\t\t\t\t\t\t\t\t\t\t<div\n\t\t\t\t\t\tclass=\" wd-social-icons  wd-style-default wd-size-small social-share wd-shape-circle color-scheme-light text-center\">\n\t\t\t\t\n\t\t\t\t\n\t\t\t\t\t\t\t\t\t<a rel=\"noopener noreferrer nofollow\" href=\"https:\/\/www.facebook.com\/sharer\/sharer.php?u=https:\/\/www.wizualhome.pl\/projekt\/salon-w-rozach\/\" target=\"_blank\" class=\" wd-social-icon social-facebook\" aria-label=\"Facebook social link\">\n\t\t\t\t\t\t<span class=\"wd-icon\"><\/span>\n\t\t\t\t\t\t\t\t\t\t\t<\/a>\n\t\t\t\t\n\t\t\t\t\t\t\t\t\t<a rel=\"noopener noreferrer nofollow\" href=\"https:\/\/x.com\/share?url=https:\/\/www.wizualhome.pl\/projekt\/salon-w-rozach\/\" target=\"_blank\" class=\" wd-social-icon social-twitter\" aria-label=\"X social link\">\n\t\t\t\t\t\t<span class=\"wd-icon\"><\/span>\n\t\t\t\t\t\t\t\t\t\t\t<\/a>\n\t\t\t\t\n\t\t\t\t\n\t\t\t\t\t\t\t\t\t<a rel=\"noopener noreferrer nofollow\" href=\"mailto:?subject=Check%20this%20https:\/\/www.wizualhome.pl\/projekt\/salon-w-rozach\/\" target=\"_blank\" class=\" wd-social-icon social-email\" aria-label=\"Email social link\">\n\t\t\t\t\t\t<span class=\"wd-icon\"><\/span>\n\t\t\t\t\t\t\t\t\t\t\t<\/a>\n\t\t\t\t\n\t\t\t\t\n\t\t\t\t\n\t\t\t\t\n\t\t\t\t\t\t\t\t\t<a rel=\"noopener noreferrer nofollow\" href=\"https:\/\/pinterest.com\/pin\/create\/button\/?url=https:\/\/www.wizualhome.pl\/projekt\/salon-w-rozach\/&media=https:\/\/www.wizualhome.pl\/wp-content\/uploads\/2021\/02\/Salon-w-rozach-kw.jpg&description=Salon+w%26nbsp%3Br%C3%B3%C5%BCach\" target=\"_blank\" class=\" wd-social-icon social-pinterest\" aria-label=\"Pinterest social link\">\n\t\t\t\t\t\t<span class=\"wd-icon\"><\/span>\n\t\t\t\t\t\t\t\t\t\t\t<\/a>\n\t\t\t\t\n\t\t\t\t\n\t\t\t\t\t\t\t\t\t<a rel=\"noopener noreferrer nofollow\" href=\"https:\/\/www.linkedin.com\/shareArticle?mini=true&url=https:\/\/www.wizualhome.pl\/projekt\/salon-w-rozach\/\" target=\"_blank\" class=\" wd-social-icon social-linkedin\" aria-label=\"Linkedin social link\">\n\t\t\t\t\t\t<span class=\"wd-icon\"><\/span>\n\t\t\t\t\t\t\t\t\t\t\t<\/a>\n\t\t\t\t\n\t\t\t\t\n\t\t\t\t\n\t\t\t\t\n\t\t\t\t\n\t\t\t\t\n\t\t\t\t\n\t\t\t\t\n\t\t\t\t\n\t\t\t\t\n\t\t\t\t\n\t\t\t\t\n\t\t\t\t\n\t\t\t\t\n\t\t\t\t\n\t\t\t\t\n\t\t\t\t\n\t\t\t<\/div>\n\n\t\t\t\t\t\t\t\t\t\t<\/div>\n\t\t\t\t\t\t\t<\/div>\n\t\t\t\t\t\t<\/div>\n\t\t\t\t\t\t\t\t\t<\/div>\n\t\t\t<\/figure>\n\t\t\n\t\t<div class=\"portfolio-info color-scheme-light\">\n\t\t\t\t\t\t\t<div class=\"wrap-meta\">\n\t\t\t\t\t<ul class=\"proj-cats-list\">\n\t\t\t\t\t\t\t\t\t\t\t\t\t\t\t\t\t\t\t\t<li>Dom<\/li>\n\t\t\t\t\t\t\t\t\t\t\t\t\t\t\t\t\t\t\t\t<li>Kuchnia<\/li>\n\t\t\t\t\t\t\t\t\t\t\t\t\t\t\t\t\t\t\t\t<li>Salon<\/li>\n\t\t\t\t\t\t\t\t\t\t\t\t\t\t\t\t\t\t\t\t<li>Wizualizacja<\/li>\n\t\t\t\t\t\t\t\t\t\t\t<\/ul>\n\t\t\t\t<\/div>\n\t\t\t\n\t\t\t<div class=\"wrap-title\">\n\t\t\t\t<h3 class=\"wd-entities-title\">\n\t\t\t\t\t<a href=\"https:\/\/www.wizualhome.pl\/projekt\/salon-w-rozach\/\" rel=\"bookmark\">Salon w&nbsp;r\u00f3\u017cach<\/a>\n\t\t\t\t<\/h3>\n\t\t\t<\/div>\n\t\t<\/div>\n\t<\/header>\n<\/article>\n\t\t\t\t\t\t\t\t\n<article id=\"post-10845\" class=\"wd-project portfolio-entry wd-col masonry-item portfolio-hover-inverse proj-cat-dom proj-cat-kuchnia proj-cat-wizualizacja post-10845 portfolio type-portfolio status-publish has-post-thumbnail hentry project-cat-dom project-cat-kuchnia project-cat-wizualizacja\">\n\t<header class=\"entry-header\">\n\t\t\t\t\t<figure class=\"entry-thumbnail color-scheme-light\">\n\t\t\t\t<a href=\"https:\/\/www.wizualhome.pl\/projekt\/kuchnia-z-zoltym-akcentem-2\/\" class=\"portfolio-thumbnail\">\n\t\t\t\t\t<img width=\"1024\" height=\"1024\" src=\"https:\/\/www.wizualhome.pl\/wp-content\/uploads\/2021\/02\/znaczek_2020.jpg\" class=\"attachment-large size-large wd-lazy-fade\" alt=\"\" decoding=\"async\" loading=\"lazy\" srcset=\"\" sizes=\"auto, (max-width: 1024px) 100vw, 1024px\" data-src=\"https:\/\/www.wizualhome.pl\/wp-content\/uploads\/2021\/02\/Opole_Zolta_Kuchnia_wiz_kw-1024x1024.jpg\" data-srcset=\"https:\/\/www.wizualhome.pl\/wp-content\/uploads\/2021\/02\/Opole_Zolta_Kuchnia_wiz_kw-1024x1024.jpg 1024w, https:\/\/www.wizualhome.pl\/wp-content\/uploads\/2021\/02\/Opole_Zolta_Kuchnia_wiz_kw-300x300.jpg 300w, https:\/\/www.wizualhome.pl\/wp-content\/uploads\/2021\/02\/Opole_Zolta_Kuchnia_wiz_kw-150x150.jpg 150w, https:\/\/www.wizualhome.pl\/wp-content\/uploads\/2021\/02\/Opole_Zolta_Kuchnia_wiz_kw-768x768.jpg 768w, https:\/\/www.wizualhome.pl\/wp-content\/uploads\/2021\/02\/Opole_Zolta_Kuchnia_wiz_kw.jpg 1536w, https:\/\/www.wizualhome.pl\/wp-content\/uploads\/2021\/02\/Opole_Zolta_Kuchnia_wiz_kw-1200x1200.jpg 1200w, https:\/\/www.wizualhome.pl\/wp-content\/uploads\/2021\/02\/Opole_Zolta_Kuchnia_wiz_kw-600x600.jpg 600w, https:\/\/www.wizualhome.pl\/wp-content\/uploads\/2021\/02\/Opole_Zolta_Kuchnia_wiz_kw-100x100.jpg 100w\" \/>\t\t\t\t<\/a>\n\t\t\t\t<div class=\"wd-portfolio-btns\">\n\t\t\t\t\t<div class=\"portfolio-enlarge wd-action-btn wd-style-icon wd-enlarge-icon\">\n\t\t\t\t\t\t<a href=\"https:\/\/www.wizualhome.pl\/wp-content\/uploads\/2021\/02\/Opole_Zolta_Kuchnia_wiz_kw.jpg\" data-elementor-open-lightbox=\"no\">View Large<\/a>\n\t\t\t\t\t<\/div>\n\t\t\t\t\t\t\t\t\t\t\t<div class=\"social-icons-wrapper wd-action-btn wd-style-icon wd-share-icon wd-tltp\">\n\t\t\t\t\t\t\t<a><\/a>\n\t\t\t\t\t\t\t<div class=\"tooltip left\">\n\t\t\t\t\t\t\t\t<div class=\"tooltip-arrow\"><\/div>\n\t\t\t\t\t\t\t\t<div class=\"tooltip-inner\">\n\t\t\t\t\t\t\t\t\t\t\t\t<div\n\t\t\t\t\t\tclass=\" wd-social-icons  wd-style-default wd-size-small social-share wd-shape-circle color-scheme-light text-center\">\n\t\t\t\t\n\t\t\t\t\n\t\t\t\t\t\t\t\t\t<a rel=\"noopener noreferrer nofollow\" href=\"https:\/\/www.facebook.com\/sharer\/sharer.php?u=https:\/\/www.wizualhome.pl\/projekt\/kuchnia-z-zoltym-akcentem-2\/\" target=\"_blank\" class=\" wd-social-icon social-facebook\" aria-label=\"Facebook social link\">\n\t\t\t\t\t\t<span class=\"wd-icon\"><\/span>\n\t\t\t\t\t\t\t\t\t\t\t<\/a>\n\t\t\t\t\n\t\t\t\t\t\t\t\t\t<a rel=\"noopener noreferrer nofollow\" href=\"https:\/\/x.com\/share?url=https:\/\/www.wizualhome.pl\/projekt\/kuchnia-z-zoltym-akcentem-2\/\" target=\"_blank\" class=\" wd-social-icon social-twitter\" aria-label=\"X social link\">\n\t\t\t\t\t\t<span class=\"wd-icon\"><\/span>\n\t\t\t\t\t\t\t\t\t\t\t<\/a>\n\t\t\t\t\n\t\t\t\t\n\t\t\t\t\t\t\t\t\t<a rel=\"noopener noreferrer nofollow\" href=\"mailto:?subject=Check%20this%20https:\/\/www.wizualhome.pl\/projekt\/kuchnia-z-zoltym-akcentem-2\/\" target=\"_blank\" class=\" wd-social-icon social-email\" aria-label=\"Email social link\">\n\t\t\t\t\t\t<span class=\"wd-icon\"><\/span>\n\t\t\t\t\t\t\t\t\t\t\t<\/a>\n\t\t\t\t\n\t\t\t\t\n\t\t\t\t\n\t\t\t\t\n\t\t\t\t\t\t\t\t\t<a rel=\"noopener noreferrer nofollow\" href=\"https:\/\/pinterest.com\/pin\/create\/button\/?url=https:\/\/www.wizualhome.pl\/projekt\/kuchnia-z-zoltym-akcentem-2\/&media=https:\/\/www.wizualhome.pl\/wp-content\/uploads\/2021\/02\/Opole_Zolta_Kuchnia_wiz_kw.jpg&description=Kuchnia+z%26nbsp%3B%C5%BC%C3%B3%C5%82tym+akcentem\" target=\"_blank\" class=\" wd-social-icon social-pinterest\" aria-label=\"Pinterest social link\">\n\t\t\t\t\t\t<span class=\"wd-icon\"><\/span>\n\t\t\t\t\t\t\t\t\t\t\t<\/a>\n\t\t\t\t\n\t\t\t\t\n\t\t\t\t\t\t\t\t\t<a rel=\"noopener noreferrer nofollow\" href=\"https:\/\/www.linkedin.com\/shareArticle?mini=true&url=https:\/\/www.wizualhome.pl\/projekt\/kuchnia-z-zoltym-akcentem-2\/\" target=\"_blank\" class=\" wd-social-icon social-linkedin\" aria-label=\"Linkedin social link\">\n\t\t\t\t\t\t<span class=\"wd-icon\"><\/span>\n\t\t\t\t\t\t\t\t\t\t\t<\/a>\n\t\t\t\t\n\t\t\t\t\n\t\t\t\t\n\t\t\t\t\n\t\t\t\t\n\t\t\t\t\n\t\t\t\t\n\t\t\t\t\n\t\t\t\t\n\t\t\t\t\n\t\t\t\t\n\t\t\t\t\n\t\t\t\t\n\t\t\t\t\n\t\t\t\t\n\t\t\t\t\n\t\t\t\t\n\t\t\t<\/div>\n\n\t\t\t\t\t\t\t\t\t\t<\/div>\n\t\t\t\t\t\t\t<\/div>\n\t\t\t\t\t\t<\/div>\n\t\t\t\t\t\t\t\t\t<\/div>\n\t\t\t<\/figure>\n\t\t\n\t\t<div class=\"portfolio-info color-scheme-light\">\n\t\t\t\t\t\t\t<div class=\"wrap-meta\">\n\t\t\t\t\t<ul class=\"proj-cats-list\">\n\t\t\t\t\t\t\t\t\t\t\t\t\t\t\t\t\t\t\t\t<li>Dom<\/li>\n\t\t\t\t\t\t\t\t\t\t\t\t\t\t\t\t\t\t\t\t<li>Kuchnia<\/li>\n\t\t\t\t\t\t\t\t\t\t\t\t\t\t\t\t\t\t\t\t<li>Wizualizacja<\/li>\n\t\t\t\t\t\t\t\t\t\t\t<\/ul>\n\t\t\t\t<\/div>\n\t\t\t\n\t\t\t<div class=\"wrap-title\">\n\t\t\t\t<h3 class=\"wd-entities-title\">\n\t\t\t\t\t<a href=\"https:\/\/www.wizualhome.pl\/projekt\/kuchnia-z-zoltym-akcentem-2\/\" rel=\"bookmark\">Kuchnia z&nbsp;\u017c\u00f3\u0142tym akcentem<\/a>\n\t\t\t\t<\/h3>\n\t\t\t<\/div>\n\t\t<\/div>\n\t<\/header>\n<\/article>\n\t\t\t\t\t\t\t\t\n<article id=\"post-9806\" class=\"wd-project portfolio-entry wd-col masonry-item portfolio-hover-inverse proj-cat-dom proj-cat-sypialnia proj-cat-wizualizacja post-9806 portfolio type-portfolio status-publish has-post-thumbnail hentry project-cat-dom project-cat-sypialnia project-cat-wizualizacja\">\n\t<header class=\"entry-header\">\n\t\t\t\t\t<figure class=\"entry-thumbnail color-scheme-light\">\n\t\t\t\t<a href=\"https:\/\/www.wizualhome.pl\/projekt\/granatowo-zielona-sypialnia\/\" class=\"portfolio-thumbnail\">\n\t\t\t\t\t<img width=\"1024\" height=\"1024\" src=\"https:\/\/www.wizualhome.pl\/wp-content\/uploads\/2021\/02\/znaczek_2020.jpg\" class=\"attachment-large size-large wd-lazy-fade\" alt=\"\" decoding=\"async\" loading=\"lazy\" srcset=\"\" sizes=\"auto, (max-width: 1024px) 100vw, 1024px\" data-src=\"https:\/\/www.wizualhome.pl\/wp-content\/uploads\/2020\/05\/sypialnia_wiz_kw-1024x1024.jpg\" data-srcset=\"https:\/\/www.wizualhome.pl\/wp-content\/uploads\/2020\/05\/sypialnia_wiz_kw-1024x1024.jpg 1024w, https:\/\/www.wizualhome.pl\/wp-content\/uploads\/2020\/05\/sypialnia_wiz_kw-300x300.jpg 300w, https:\/\/www.wizualhome.pl\/wp-content\/uploads\/2020\/05\/sypialnia_wiz_kw-150x150.jpg 150w, https:\/\/www.wizualhome.pl\/wp-content\/uploads\/2020\/05\/sypialnia_wiz_kw-768x768.jpg 768w, https:\/\/www.wizualhome.pl\/wp-content\/uploads\/2020\/05\/sypialnia_wiz_kw-1200x1200.jpg 1200w, https:\/\/www.wizualhome.pl\/wp-content\/uploads\/2020\/05\/sypialnia_wiz_kw-600x600.jpg 600w, https:\/\/www.wizualhome.pl\/wp-content\/uploads\/2020\/05\/sypialnia_wiz_kw-100x100.jpg 100w, https:\/\/www.wizualhome.pl\/wp-content\/uploads\/2020\/05\/sypialnia_wiz_kw.jpg 1536w\" \/>\t\t\t\t<\/a>\n\t\t\t\t<div class=\"wd-portfolio-btns\">\n\t\t\t\t\t<div class=\"portfolio-enlarge wd-action-btn wd-style-icon wd-enlarge-icon\">\n\t\t\t\t\t\t<a href=\"https:\/\/www.wizualhome.pl\/wp-content\/uploads\/2020\/05\/sypialnia_wiz_kw.jpg\" data-elementor-open-lightbox=\"no\">View Large<\/a>\n\t\t\t\t\t<\/div>\n\t\t\t\t\t\t\t\t\t\t\t<div class=\"social-icons-wrapper wd-action-btn wd-style-icon wd-share-icon wd-tltp\">\n\t\t\t\t\t\t\t<a><\/a>\n\t\t\t\t\t\t\t<div class=\"tooltip left\">\n\t\t\t\t\t\t\t\t<div class=\"tooltip-arrow\"><\/div>\n\t\t\t\t\t\t\t\t<div class=\"tooltip-inner\">\n\t\t\t\t\t\t\t\t\t\t\t\t<div\n\t\t\t\t\t\tclass=\" wd-social-icons  wd-style-default wd-size-small social-share wd-shape-circle color-scheme-light text-center\">\n\t\t\t\t\n\t\t\t\t\n\t\t\t\t\t\t\t\t\t<a rel=\"noopener noreferrer nofollow\" href=\"https:\/\/www.facebook.com\/sharer\/sharer.php?u=https:\/\/www.wizualhome.pl\/projekt\/granatowo-zielona-sypialnia\/\" target=\"_blank\" class=\" wd-social-icon social-facebook\" aria-label=\"Facebook social link\">\n\t\t\t\t\t\t<span class=\"wd-icon\"><\/span>\n\t\t\t\t\t\t\t\t\t\t\t<\/a>\n\t\t\t\t\n\t\t\t\t\t\t\t\t\t<a rel=\"noopener noreferrer nofollow\" href=\"https:\/\/x.com\/share?url=https:\/\/www.wizualhome.pl\/projekt\/granatowo-zielona-sypialnia\/\" target=\"_blank\" class=\" wd-social-icon social-twitter\" aria-label=\"X social link\">\n\t\t\t\t\t\t<span class=\"wd-icon\"><\/span>\n\t\t\t\t\t\t\t\t\t\t\t<\/a>\n\t\t\t\t\n\t\t\t\t\n\t\t\t\t\t\t\t\t\t<a rel=\"noopener noreferrer nofollow\" href=\"mailto:?subject=Check%20this%20https:\/\/www.wizualhome.pl\/projekt\/granatowo-zielona-sypialnia\/\" target=\"_blank\" class=\" wd-social-icon social-email\" aria-label=\"Email social link\">\n\t\t\t\t\t\t<span class=\"wd-icon\"><\/span>\n\t\t\t\t\t\t\t\t\t\t\t<\/a>\n\t\t\t\t\n\t\t\t\t\n\t\t\t\t\n\t\t\t\t\n\t\t\t\t\t\t\t\t\t<a rel=\"noopener noreferrer nofollow\" href=\"https:\/\/pinterest.com\/pin\/create\/button\/?url=https:\/\/www.wizualhome.pl\/projekt\/granatowo-zielona-sypialnia\/&media=https:\/\/www.wizualhome.pl\/wp-content\/uploads\/2020\/05\/sypialnia_wiz_kw.jpg&description=Granatowo-zielona+sypialnia\" target=\"_blank\" class=\" wd-social-icon social-pinterest\" aria-label=\"Pinterest social link\">\n\t\t\t\t\t\t<span class=\"wd-icon\"><\/span>\n\t\t\t\t\t\t\t\t\t\t\t<\/a>\n\t\t\t\t\n\t\t\t\t\n\t\t\t\t\t\t\t\t\t<a rel=\"noopener noreferrer nofollow\" href=\"https:\/\/www.linkedin.com\/shareArticle?mini=true&url=https:\/\/www.wizualhome.pl\/projekt\/granatowo-zielona-sypialnia\/\" target=\"_blank\" class=\" wd-social-icon social-linkedin\" aria-label=\"Linkedin social link\">\n\t\t\t\t\t\t<span class=\"wd-icon\"><\/span>\n\t\t\t\t\t\t\t\t\t\t\t<\/a>\n\t\t\t\t\n\t\t\t\t\n\t\t\t\t\n\t\t\t\t\n\t\t\t\t\n\t\t\t\t\n\t\t\t\t\n\t\t\t\t\n\t\t\t\t\n\t\t\t\t\n\t\t\t\t\n\t\t\t\t\n\t\t\t\t\n\t\t\t\t\n\t\t\t\t\n\t\t\t\t\n\t\t\t\t\n\t\t\t<\/div>\n\n\t\t\t\t\t\t\t\t\t\t<\/div>\n\t\t\t\t\t\t\t<\/div>\n\t\t\t\t\t\t<\/div>\n\t\t\t\t\t\t\t\t\t<\/div>\n\t\t\t<\/figure>\n\t\t\n\t\t<div class=\"portfolio-info color-scheme-light\">\n\t\t\t\t\t\t\t<div class=\"wrap-meta\">\n\t\t\t\t\t<ul class=\"proj-cats-list\">\n\t\t\t\t\t\t\t\t\t\t\t\t\t\t\t\t\t\t\t\t<li>Dom<\/li>\n\t\t\t\t\t\t\t\t\t\t\t\t\t\t\t\t\t\t\t\t<li>Sypialnia<\/li>\n\t\t\t\t\t\t\t\t\t\t\t\t\t\t\t\t\t\t\t\t<li>Wizualizacja<\/li>\n\t\t\t\t\t\t\t\t\t\t\t<\/ul>\n\t\t\t\t<\/div>\n\t\t\t\n\t\t\t<div class=\"wrap-title\">\n\t\t\t\t<h3 class=\"wd-entities-title\">\n\t\t\t\t\t<a href=\"https:\/\/www.wizualhome.pl\/projekt\/granatowo-zielona-sypialnia\/\" rel=\"bookmark\">Granatowo-zielona sypialnia<\/a>\n\t\t\t\t<\/h3>\n\t\t\t<\/div>\n\t\t<\/div>\n\t<\/header>\n<\/article>\n\t\t\t\t\t\t\t\t\n<article id=\"post-9804\" class=\"wd-project portfolio-entry wd-col masonry-item portfolio-hover-inverse proj-cat-dom proj-cat-lazienka proj-cat-wizualizacja post-9804 portfolio type-portfolio status-publish has-post-thumbnail hentry project-cat-dom project-cat-lazienka project-cat-wizualizacja\">\n\t<header class=\"entry-header\">\n\t\t\t\t\t<figure class=\"entry-thumbnail color-scheme-light\">\n\t\t\t\t<a href=\"https:\/\/www.wizualhome.pl\/projekt\/lazienka-ze-wzorem-i-jodelka\/\" class=\"portfolio-thumbnail\">\n\t\t\t\t\t<img width=\"1024\" height=\"1024\" src=\"https:\/\/www.wizualhome.pl\/wp-content\/uploads\/2021\/02\/znaczek_2020.jpg\" class=\"attachment-large size-large wd-lazy-fade\" alt=\"\" decoding=\"async\" loading=\"lazy\" srcset=\"\" sizes=\"auto, (max-width: 1024px) 100vw, 1024px\" data-src=\"https:\/\/www.wizualhome.pl\/wp-content\/uploads\/2020\/05\/wizualizacja_lazienka_kw-1024x1024.jpg\" data-srcset=\"https:\/\/www.wizualhome.pl\/wp-content\/uploads\/2020\/05\/wizualizacja_lazienka_kw-1024x1024.jpg 1024w, https:\/\/www.wizualhome.pl\/wp-content\/uploads\/2020\/05\/wizualizacja_lazienka_kw-300x300.jpg 300w, https:\/\/www.wizualhome.pl\/wp-content\/uploads\/2020\/05\/wizualizacja_lazienka_kw-150x150.jpg 150w, https:\/\/www.wizualhome.pl\/wp-content\/uploads\/2020\/05\/wizualizacja_lazienka_kw-768x768.jpg 768w, https:\/\/www.wizualhome.pl\/wp-content\/uploads\/2020\/05\/wizualizacja_lazienka_kw-600x600.jpg 600w, https:\/\/www.wizualhome.pl\/wp-content\/uploads\/2020\/05\/wizualizacja_lazienka_kw-100x100.jpg 100w, https:\/\/www.wizualhome.pl\/wp-content\/uploads\/2020\/05\/wizualizacja_lazienka_kw.jpg 1080w\" \/>\t\t\t\t<\/a>\n\t\t\t\t<div class=\"wd-portfolio-btns\">\n\t\t\t\t\t<div class=\"portfolio-enlarge wd-action-btn wd-style-icon wd-enlarge-icon\">\n\t\t\t\t\t\t<a href=\"https:\/\/www.wizualhome.pl\/wp-content\/uploads\/2020\/05\/wizualizacja_lazienka_kw.jpg\" data-elementor-open-lightbox=\"no\">View Large<\/a>\n\t\t\t\t\t<\/div>\n\t\t\t\t\t\t\t\t\t\t\t<div class=\"social-icons-wrapper wd-action-btn wd-style-icon wd-share-icon wd-tltp\">\n\t\t\t\t\t\t\t<a><\/a>\n\t\t\t\t\t\t\t<div class=\"tooltip left\">\n\t\t\t\t\t\t\t\t<div class=\"tooltip-arrow\"><\/div>\n\t\t\t\t\t\t\t\t<div class=\"tooltip-inner\">\n\t\t\t\t\t\t\t\t\t\t\t\t<div\n\t\t\t\t\t\tclass=\" wd-social-icons  wd-style-default wd-size-small social-share wd-shape-circle color-scheme-light text-center\">\n\t\t\t\t\n\t\t\t\t\n\t\t\t\t\t\t\t\t\t<a rel=\"noopener noreferrer nofollow\" href=\"https:\/\/www.facebook.com\/sharer\/sharer.php?u=https:\/\/www.wizualhome.pl\/projekt\/lazienka-ze-wzorem-i-jodelka\/\" target=\"_blank\" class=\" wd-social-icon social-facebook\" aria-label=\"Facebook social link\">\n\t\t\t\t\t\t<span class=\"wd-icon\"><\/span>\n\t\t\t\t\t\t\t\t\t\t\t<\/a>\n\t\t\t\t\n\t\t\t\t\t\t\t\t\t<a rel=\"noopener noreferrer nofollow\" href=\"https:\/\/x.com\/share?url=https:\/\/www.wizualhome.pl\/projekt\/lazienka-ze-wzorem-i-jodelka\/\" target=\"_blank\" class=\" wd-social-icon social-twitter\" aria-label=\"X social link\">\n\t\t\t\t\t\t<span class=\"wd-icon\"><\/span>\n\t\t\t\t\t\t\t\t\t\t\t<\/a>\n\t\t\t\t\n\t\t\t\t\n\t\t\t\t\t\t\t\t\t<a rel=\"noopener noreferrer nofollow\" href=\"mailto:?subject=Check%20this%20https:\/\/www.wizualhome.pl\/projekt\/lazienka-ze-wzorem-i-jodelka\/\" target=\"_blank\" class=\" wd-social-icon social-email\" aria-label=\"Email social link\">\n\t\t\t\t\t\t<span class=\"wd-icon\"><\/span>\n\t\t\t\t\t\t\t\t\t\t\t<\/a>\n\t\t\t\t\n\t\t\t\t\n\t\t\t\t\n\t\t\t\t\n\t\t\t\t\t\t\t\t\t<a rel=\"noopener noreferrer nofollow\" href=\"https:\/\/pinterest.com\/pin\/create\/button\/?url=https:\/\/www.wizualhome.pl\/projekt\/lazienka-ze-wzorem-i-jodelka\/&media=https:\/\/www.wizualhome.pl\/wp-content\/uploads\/2020\/05\/wizualizacja_lazienka_kw.jpg&description=%C5%81azienka+ze%26nbsp%3Bwzorem+i%26nbsp%3Bjode%C5%82k%C4%85\" target=\"_blank\" class=\" wd-social-icon social-pinterest\" aria-label=\"Pinterest social link\">\n\t\t\t\t\t\t<span class=\"wd-icon\"><\/span>\n\t\t\t\t\t\t\t\t\t\t\t<\/a>\n\t\t\t\t\n\t\t\t\t\n\t\t\t\t\t\t\t\t\t<a rel=\"noopener noreferrer nofollow\" href=\"https:\/\/www.linkedin.com\/shareArticle?mini=true&url=https:\/\/www.wizualhome.pl\/projekt\/lazienka-ze-wzorem-i-jodelka\/\" target=\"_blank\" class=\" wd-social-icon social-linkedin\" aria-label=\"Linkedin social link\">\n\t\t\t\t\t\t<span class=\"wd-icon\"><\/span>\n\t\t\t\t\t\t\t\t\t\t\t<\/a>\n\t\t\t\t\n\t\t\t\t\n\t\t\t\t\n\t\t\t\t\n\t\t\t\t\n\t\t\t\t\n\t\t\t\t\n\t\t\t\t\n\t\t\t\t\n\t\t\t\t\n\t\t\t\t\n\t\t\t\t\n\t\t\t\t\n\t\t\t\t\n\t\t\t\t\n\t\t\t\t\n\t\t\t\t\n\t\t\t<\/div>\n\n\t\t\t\t\t\t\t\t\t\t<\/div>\n\t\t\t\t\t\t\t<\/div>\n\t\t\t\t\t\t<\/div>\n\t\t\t\t\t\t\t\t\t<\/div>\n\t\t\t<\/figure>\n\t\t\n\t\t<div class=\"portfolio-info color-scheme-light\">\n\t\t\t\t\t\t\t<div class=\"wrap-meta\">\n\t\t\t\t\t<ul class=\"proj-cats-list\">\n\t\t\t\t\t\t\t\t\t\t\t\t\t\t\t\t\t\t\t\t<li>Dom<\/li>\n\t\t\t\t\t\t\t\t\t\t\t\t\t\t\t\t\t\t\t\t<li>\u0141azienka<\/li>\n\t\t\t\t\t\t\t\t\t\t\t\t\t\t\t\t\t\t\t\t<li>Wizualizacja<\/li>\n\t\t\t\t\t\t\t\t\t\t\t<\/ul>\n\t\t\t\t<\/div>\n\t\t\t\n\t\t\t<div class=\"wrap-title\">\n\t\t\t\t<h3 class=\"wd-entities-title\">\n\t\t\t\t\t<a href=\"https:\/\/www.wizualhome.pl\/projekt\/lazienka-ze-wzorem-i-jodelka\/\" rel=\"bookmark\">\u0141azienka ze&nbsp;wzorem i&nbsp;jode\u0142k\u0105<\/a>\n\t\t\t\t<\/h3>\n\t\t\t<\/div>\n\t\t<\/div>\n\t<\/header>\n<\/article>\n\t\t\t\t\t\t\t\t\n<article id=\"post-9801\" class=\"wd-project portfolio-entry wd-col masonry-item portfolio-hover-inverse proj-cat-dom proj-cat-lazienka proj-cat-wizualizacja post-9801 portfolio type-portfolio status-publish has-post-thumbnail hentry project-cat-dom project-cat-lazienka project-cat-wizualizacja\">\n\t<header class=\"entry-header\">\n\t\t\t\t\t<figure class=\"entry-thumbnail color-scheme-light\">\n\t\t\t\t<a href=\"https:\/\/www.wizualhome.pl\/projekt\/lazienka-z-cegla\/\" class=\"portfolio-thumbnail\">\n\t\t\t\t\t<img width=\"1024\" height=\"1024\" src=\"https:\/\/www.wizualhome.pl\/wp-content\/uploads\/2021\/02\/znaczek_2020.jpg\" class=\"attachment-large size-large wd-lazy-fade\" alt=\"\" decoding=\"async\" loading=\"lazy\" srcset=\"\" sizes=\"auto, (max-width: 1024px) 100vw, 1024px\" data-src=\"https:\/\/www.wizualhome.pl\/wp-content\/uploads\/2020\/05\/Lazienka-w-cegle-kw-1024x1024.jpg\" data-srcset=\"https:\/\/www.wizualhome.pl\/wp-content\/uploads\/2020\/05\/Lazienka-w-cegle-kw-1024x1024.jpg 1024w, https:\/\/www.wizualhome.pl\/wp-content\/uploads\/2020\/05\/Lazienka-w-cegle-kw-300x300.jpg 300w, https:\/\/www.wizualhome.pl\/wp-content\/uploads\/2020\/05\/Lazienka-w-cegle-kw-150x150.jpg 150w, https:\/\/www.wizualhome.pl\/wp-content\/uploads\/2020\/05\/Lazienka-w-cegle-kw-768x768.jpg 768w, https:\/\/www.wizualhome.pl\/wp-content\/uploads\/2020\/05\/Lazienka-w-cegle-kw-1200x1200.jpg 1200w, https:\/\/www.wizualhome.pl\/wp-content\/uploads\/2020\/05\/Lazienka-w-cegle-kw-600x600.jpg 600w, https:\/\/www.wizualhome.pl\/wp-content\/uploads\/2020\/05\/Lazienka-w-cegle-kw-100x100.jpg 100w, https:\/\/www.wizualhome.pl\/wp-content\/uploads\/2020\/05\/Lazienka-w-cegle-kw.jpg 1536w\" \/>\t\t\t\t<\/a>\n\t\t\t\t<div class=\"wd-portfolio-btns\">\n\t\t\t\t\t<div class=\"portfolio-enlarge wd-action-btn wd-style-icon wd-enlarge-icon\">\n\t\t\t\t\t\t<a href=\"https:\/\/www.wizualhome.pl\/wp-content\/uploads\/2020\/05\/Lazienka-w-cegle-kw.jpg\" data-elementor-open-lightbox=\"no\">View Large<\/a>\n\t\t\t\t\t<\/div>\n\t\t\t\t\t\t\t\t\t\t\t<div class=\"social-icons-wrapper wd-action-btn wd-style-icon wd-share-icon wd-tltp\">\n\t\t\t\t\t\t\t<a><\/a>\n\t\t\t\t\t\t\t<div class=\"tooltip left\">\n\t\t\t\t\t\t\t\t<div class=\"tooltip-arrow\"><\/div>\n\t\t\t\t\t\t\t\t<div class=\"tooltip-inner\">\n\t\t\t\t\t\t\t\t\t\t\t\t<div\n\t\t\t\t\t\tclass=\" wd-social-icons  wd-style-default wd-size-small social-share wd-shape-circle color-scheme-light text-center\">\n\t\t\t\t\n\t\t\t\t\n\t\t\t\t\t\t\t\t\t<a rel=\"noopener noreferrer nofollow\" href=\"https:\/\/www.facebook.com\/sharer\/sharer.php?u=https:\/\/www.wizualhome.pl\/projekt\/lazienka-z-cegla\/\" target=\"_blank\" class=\" wd-social-icon social-facebook\" aria-label=\"Facebook social link\">\n\t\t\t\t\t\t<span class=\"wd-icon\"><\/span>\n\t\t\t\t\t\t\t\t\t\t\t<\/a>\n\t\t\t\t\n\t\t\t\t\t\t\t\t\t<a rel=\"noopener noreferrer nofollow\" href=\"https:\/\/x.com\/share?url=https:\/\/www.wizualhome.pl\/projekt\/lazienka-z-cegla\/\" target=\"_blank\" class=\" wd-social-icon social-twitter\" aria-label=\"X social link\">\n\t\t\t\t\t\t<span class=\"wd-icon\"><\/span>\n\t\t\t\t\t\t\t\t\t\t\t<\/a>\n\t\t\t\t\n\t\t\t\t\n\t\t\t\t\t\t\t\t\t<a rel=\"noopener noreferrer nofollow\" href=\"mailto:?subject=Check%20this%20https:\/\/www.wizualhome.pl\/projekt\/lazienka-z-cegla\/\" target=\"_blank\" class=\" wd-social-icon social-email\" aria-label=\"Email social link\">\n\t\t\t\t\t\t<span class=\"wd-icon\"><\/span>\n\t\t\t\t\t\t\t\t\t\t\t<\/a>\n\t\t\t\t\n\t\t\t\t\n\t\t\t\t\n\t\t\t\t\n\t\t\t\t\t\t\t\t\t<a rel=\"noopener noreferrer nofollow\" href=\"https:\/\/pinterest.com\/pin\/create\/button\/?url=https:\/\/www.wizualhome.pl\/projekt\/lazienka-z-cegla\/&media=https:\/\/www.wizualhome.pl\/wp-content\/uploads\/2020\/05\/Lazienka-w-cegle-kw.jpg&description=%C5%81azienka+z%26nbsp%3Bceg%C5%82%C4%85\" target=\"_blank\" class=\" wd-social-icon social-pinterest\" aria-label=\"Pinterest social link\">\n\t\t\t\t\t\t<span class=\"wd-icon\"><\/span>\n\t\t\t\t\t\t\t\t\t\t\t<\/a>\n\t\t\t\t\n\t\t\t\t\n\t\t\t\t\t\t\t\t\t<a rel=\"noopener noreferrer nofollow\" href=\"https:\/\/www.linkedin.com\/shareArticle?mini=true&url=https:\/\/www.wizualhome.pl\/projekt\/lazienka-z-cegla\/\" target=\"_blank\" class=\" wd-social-icon social-linkedin\" aria-label=\"Linkedin social link\">\n\t\t\t\t\t\t<span class=\"wd-icon\"><\/span>\n\t\t\t\t\t\t\t\t\t\t\t<\/a>\n\t\t\t\t\n\t\t\t\t\n\t\t\t\t\n\t\t\t\t\n\t\t\t\t\n\t\t\t\t\n\t\t\t\t\n\t\t\t\t\n\t\t\t\t\n\t\t\t\t\n\t\t\t\t\n\t\t\t\t\n\t\t\t\t\n\t\t\t\t\n\t\t\t\t\n\t\t\t\t\n\t\t\t\t\n\t\t\t<\/div>\n\n\t\t\t\t\t\t\t\t\t\t<\/div>\n\t\t\t\t\t\t\t<\/div>\n\t\t\t\t\t\t<\/div>\n\t\t\t\t\t\t\t\t\t<\/div>\n\t\t\t<\/figure>\n\t\t\n\t\t<div class=\"portfolio-info color-scheme-light\">\n\t\t\t\t\t\t\t<div class=\"wrap-meta\">\n\t\t\t\t\t<ul class=\"proj-cats-list\">\n\t\t\t\t\t\t\t\t\t\t\t\t\t\t\t\t\t\t\t\t<li>Dom<\/li>\n\t\t\t\t\t\t\t\t\t\t\t\t\t\t\t\t\t\t\t\t<li>\u0141azienka<\/li>\n\t\t\t\t\t\t\t\t\t\t\t\t\t\t\t\t\t\t\t\t<li>Wizualizacja<\/li>\n\t\t\t\t\t\t\t\t\t\t\t<\/ul>\n\t\t\t\t<\/div>\n\t\t\t\n\t\t\t<div class=\"wrap-title\">\n\t\t\t\t<h3 class=\"wd-entities-title\">\n\t\t\t\t\t<a href=\"https:\/\/www.wizualhome.pl\/projekt\/lazienka-z-cegla\/\" rel=\"bookmark\">\u0141azienka z&nbsp;ceg\u0142\u0105<\/a>\n\t\t\t\t<\/h3>\n\t\t\t<\/div>\n\t\t<\/div>\n\t<\/header>\n<\/article>\n\t\t\t\t\t\t\t\t\n<article id=\"post-9798\" class=\"wd-project portfolio-entry wd-col masonry-item portfolio-hover-inverse proj-cat-dom proj-cat-lazienka post-9798 portfolio type-portfolio status-publish has-post-thumbnail hentry project-cat-dom project-cat-lazienka\">\n\t<header class=\"entry-header\">\n\t\t\t\t\t<figure class=\"entry-thumbnail color-scheme-light\">\n\t\t\t\t<a href=\"https:\/\/www.wizualhome.pl\/projekt\/lazienka-z-zoltym-akcentem\/\" class=\"portfolio-thumbnail\">\n\t\t\t\t\t<img width=\"1024\" height=\"1024\" src=\"https:\/\/www.wizualhome.pl\/wp-content\/uploads\/2021\/02\/znaczek_2020.jpg\" class=\"attachment-large size-large wd-lazy-fade\" alt=\"\" decoding=\"async\" loading=\"lazy\" srcset=\"\" sizes=\"auto, (max-width: 1024px) 100vw, 1024px\" data-src=\"https:\/\/www.wizualhome.pl\/wp-content\/uploads\/2020\/05\/Zolta_lazienka_kw-1024x1024.jpg\" data-srcset=\"https:\/\/www.wizualhome.pl\/wp-content\/uploads\/2020\/05\/Zolta_lazienka_kw-1024x1024.jpg 1024w, https:\/\/www.wizualhome.pl\/wp-content\/uploads\/2020\/05\/Zolta_lazienka_kw-300x300.jpg 300w, https:\/\/www.wizualhome.pl\/wp-content\/uploads\/2020\/05\/Zolta_lazienka_kw-150x150.jpg 150w, https:\/\/www.wizualhome.pl\/wp-content\/uploads\/2020\/05\/Zolta_lazienka_kw-768x768.jpg 768w, https:\/\/www.wizualhome.pl\/wp-content\/uploads\/2020\/05\/Zolta_lazienka_kw-1200x1200.jpg 1200w, https:\/\/www.wizualhome.pl\/wp-content\/uploads\/2020\/05\/Zolta_lazienka_kw-600x600.jpg 600w, https:\/\/www.wizualhome.pl\/wp-content\/uploads\/2020\/05\/Zolta_lazienka_kw-100x100.jpg 100w, https:\/\/www.wizualhome.pl\/wp-content\/uploads\/2020\/05\/Zolta_lazienka_kw.jpg 1440w\" \/>\t\t\t\t<\/a>\n\t\t\t\t<div class=\"wd-portfolio-btns\">\n\t\t\t\t\t<div class=\"portfolio-enlarge wd-action-btn wd-style-icon wd-enlarge-icon\">\n\t\t\t\t\t\t<a href=\"https:\/\/www.wizualhome.pl\/wp-content\/uploads\/2020\/05\/Zolta_lazienka_kw.jpg\" data-elementor-open-lightbox=\"no\">View Large<\/a>\n\t\t\t\t\t<\/div>\n\t\t\t\t\t\t\t\t\t\t\t<div class=\"social-icons-wrapper wd-action-btn wd-style-icon wd-share-icon wd-tltp\">\n\t\t\t\t\t\t\t<a><\/a>\n\t\t\t\t\t\t\t<div class=\"tooltip left\">\n\t\t\t\t\t\t\t\t<div class=\"tooltip-arrow\"><\/div>\n\t\t\t\t\t\t\t\t<div class=\"tooltip-inner\">\n\t\t\t\t\t\t\t\t\t\t\t\t<div\n\t\t\t\t\t\tclass=\" wd-social-icons  wd-style-default wd-size-small social-share wd-shape-circle color-scheme-light text-center\">\n\t\t\t\t\n\t\t\t\t\n\t\t\t\t\t\t\t\t\t<a rel=\"noopener noreferrer nofollow\" href=\"https:\/\/www.facebook.com\/sharer\/sharer.php?u=https:\/\/www.wizualhome.pl\/projekt\/lazienka-z-zoltym-akcentem\/\" target=\"_blank\" class=\" wd-social-icon social-facebook\" aria-label=\"Facebook social link\">\n\t\t\t\t\t\t<span class=\"wd-icon\"><\/span>\n\t\t\t\t\t\t\t\t\t\t\t<\/a>\n\t\t\t\t\n\t\t\t\t\t\t\t\t\t<a rel=\"noopener noreferrer nofollow\" href=\"https:\/\/x.com\/share?url=https:\/\/www.wizualhome.pl\/projekt\/lazienka-z-zoltym-akcentem\/\" target=\"_blank\" class=\" wd-social-icon social-twitter\" aria-label=\"X social link\">\n\t\t\t\t\t\t<span class=\"wd-icon\"><\/span>\n\t\t\t\t\t\t\t\t\t\t\t<\/a>\n\t\t\t\t\n\t\t\t\t\n\t\t\t\t\t\t\t\t\t<a rel=\"noopener noreferrer nofollow\" href=\"mailto:?subject=Check%20this%20https:\/\/www.wizualhome.pl\/projekt\/lazienka-z-zoltym-akcentem\/\" target=\"_blank\" class=\" wd-social-icon social-email\" aria-label=\"Email social link\">\n\t\t\t\t\t\t<span class=\"wd-icon\"><\/span>\n\t\t\t\t\t\t\t\t\t\t\t<\/a>\n\t\t\t\t\n\t\t\t\t\n\t\t\t\t\n\t\t\t\t\n\t\t\t\t\t\t\t\t\t<a rel=\"noopener noreferrer nofollow\" href=\"https:\/\/pinterest.com\/pin\/create\/button\/?url=https:\/\/www.wizualhome.pl\/projekt\/lazienka-z-zoltym-akcentem\/&media=https:\/\/www.wizualhome.pl\/wp-content\/uploads\/2020\/05\/Zolta_lazienka_kw.jpg&description=%C5%81azienka+z%26nbsp%3B%C5%BC%C3%B3%C5%82tym+akcentem\" target=\"_blank\" class=\" wd-social-icon social-pinterest\" aria-label=\"Pinterest social link\">\n\t\t\t\t\t\t<span class=\"wd-icon\"><\/span>\n\t\t\t\t\t\t\t\t\t\t\t<\/a>\n\t\t\t\t\n\t\t\t\t\n\t\t\t\t\t\t\t\t\t<a rel=\"noopener noreferrer nofollow\" href=\"https:\/\/www.linkedin.com\/shareArticle?mini=true&url=https:\/\/www.wizualhome.pl\/projekt\/lazienka-z-zoltym-akcentem\/\" target=\"_blank\" class=\" wd-social-icon social-linkedin\" aria-label=\"Linkedin social link\">\n\t\t\t\t\t\t<span class=\"wd-icon\"><\/span>\n\t\t\t\t\t\t\t\t\t\t\t<\/a>\n\t\t\t\t\n\t\t\t\t\n\t\t\t\t\n\t\t\t\t\n\t\t\t\t\n\t\t\t\t\n\t\t\t\t\n\t\t\t\t\n\t\t\t\t\n\t\t\t\t\n\t\t\t\t\n\t\t\t\t\n\t\t\t\t\n\t\t\t\t\n\t\t\t\t\n\t\t\t\t\n\t\t\t\t\n\t\t\t<\/div>\n\n\t\t\t\t\t\t\t\t\t\t<\/div>\n\t\t\t\t\t\t\t<\/div>\n\t\t\t\t\t\t<\/div>\n\t\t\t\t\t\t\t\t\t<\/div>\n\t\t\t<\/figure>\n\t\t\n\t\t<div class=\"portfolio-info color-scheme-light\">\n\t\t\t\t\t\t\t<div class=\"wrap-meta\">\n\t\t\t\t\t<ul class=\"proj-cats-list\">\n\t\t\t\t\t\t\t\t\t\t\t\t\t\t\t\t\t\t\t\t<li>Dom<\/li>\n\t\t\t\t\t\t\t\t\t\t\t\t\t\t\t\t\t\t\t\t<li>\u0141azienka<\/li>\n\t\t\t\t\t\t\t\t\t\t\t<\/ul>\n\t\t\t\t<\/div>\n\t\t\t\n\t\t\t<div class=\"wrap-title\">\n\t\t\t\t<h3 class=\"wd-entities-title\">\n\t\t\t\t\t<a href=\"https:\/\/www.wizualhome.pl\/projekt\/lazienka-z-zoltym-akcentem\/\" rel=\"bookmark\">\u0141azienka z&nbsp;\u017c\u00f3\u0142tym akcentem<\/a>\n\t\t\t\t<\/h3>\n\t\t\t<\/div>\n\t\t<\/div>\n\t<\/header>\n<\/article>\n\t\t\n\t\t\n\t\t\n\t\t\t\t\t","status":"have-posts","nextPage":"https:\/\/www.wizualhome.pl\/portfolio\/dom\/page\/3\/?woo_ajax=1","currentPage":"https:\/\/www.wizualhome.pl\/portfolio\/dom\/page\/2"}