		
		{"items":"\t\t\t<link rel=\"stylesheet\" id=\"wd-photoswipe-css\" href=\"https:\/\/www.wizualhome.pl\/wp-content\/themes\/woodmart\/css\/parts\/lib-photoswipe.min.css?ver=8.3.4\" type=\"text\/css\" media=\"all\" \/> \t\t\t\t\t\t<link rel=\"stylesheet\" id=\"wd-project-alt-css\" href=\"https:\/\/www.wizualhome.pl\/wp-content\/themes\/woodmart\/css\/parts\/project-alt.min.css?ver=8.3.4\" type=\"text\/css\" media=\"all\" \/> \t\t\t\n\t\t\n\t\t\n\t\t\t\t\t\t\t\t\n<article id=\"post-9801\" class=\"wd-project portfolio-entry wd-col masonry-item portfolio-hover-inverse proj-cat-dom proj-cat-lazienka proj-cat-wizualizacja post-9801 portfolio type-portfolio status-publish has-post-thumbnail hentry project-cat-dom project-cat-lazienka project-cat-wizualizacja\">\n\t<header class=\"entry-header\">\n\t\t\t\t\t<figure class=\"entry-thumbnail color-scheme-light\">\n\t\t\t\t<a href=\"https:\/\/www.wizualhome.pl\/projekt\/lazienka-z-cegla\/\" class=\"portfolio-thumbnail\">\n\t\t\t\t\t<img width=\"1024\" height=\"1024\" src=\"https:\/\/www.wizualhome.pl\/wp-content\/uploads\/2020\/05\/Lazienka-w-cegle-kw-1024x1024.jpg\" class=\"attachment-large size-large\" alt=\"\" decoding=\"async\" fetchpriority=\"high\" srcset=\"https:\/\/www.wizualhome.pl\/wp-content\/uploads\/2020\/05\/Lazienka-w-cegle-kw-1024x1024.jpg 1024w, https:\/\/www.wizualhome.pl\/wp-content\/uploads\/2020\/05\/Lazienka-w-cegle-kw-300x300.jpg 300w, https:\/\/www.wizualhome.pl\/wp-content\/uploads\/2020\/05\/Lazienka-w-cegle-kw-150x150.jpg 150w, https:\/\/www.wizualhome.pl\/wp-content\/uploads\/2020\/05\/Lazienka-w-cegle-kw-768x768.jpg 768w, https:\/\/www.wizualhome.pl\/wp-content\/uploads\/2020\/05\/Lazienka-w-cegle-kw-1200x1200.jpg 1200w, https:\/\/www.wizualhome.pl\/wp-content\/uploads\/2020\/05\/Lazienka-w-cegle-kw-600x600.jpg 600w, https:\/\/www.wizualhome.pl\/wp-content\/uploads\/2020\/05\/Lazienka-w-cegle-kw-100x100.jpg 100w, https:\/\/www.wizualhome.pl\/wp-content\/uploads\/2020\/05\/Lazienka-w-cegle-kw.jpg 1536w\" sizes=\"(max-width: 1024px) 100vw, 1024px\" \/>\t\t\t\t<\/a>\n\t\t\t\t<div class=\"wd-portfolio-btns\">\n\t\t\t\t\t<div class=\"portfolio-enlarge wd-action-btn wd-style-icon wd-enlarge-icon\">\n\t\t\t\t\t\t<a href=\"https:\/\/www.wizualhome.pl\/wp-content\/uploads\/2020\/05\/Lazienka-w-cegle-kw.jpg\" data-elementor-open-lightbox=\"no\">View Large<\/a>\n\t\t\t\t\t<\/div>\n\t\t\t\t\t\t\t\t\t\t\t<div class=\"social-icons-wrapper wd-action-btn wd-style-icon wd-share-icon wd-tltp\">\n\t\t\t\t\t\t\t<a><\/a>\n\t\t\t\t\t\t\t<div class=\"tooltip left\">\n\t\t\t\t\t\t\t\t<div class=\"tooltip-arrow\"><\/div>\n\t\t\t\t\t\t\t\t<div class=\"tooltip-inner\">\n\t\t\t\t\t\t\t\t\t\t\t\t<link rel=\"stylesheet\" id=\"wd-social-icons-css\" href=\"https:\/\/www.wizualhome.pl\/wp-content\/themes\/woodmart\/css\/parts\/el-social-icons.min.css?ver=8.3.4\" type=\"text\/css\" media=\"all\" \/> \t\t\t\t\t\t<div\n\t\t\t\t\t\tclass=\" wd-social-icons  wd-style-default wd-size-small social-share wd-shape-circle color-scheme-light text-center\">\n\t\t\t\t\n\t\t\t\t\n\t\t\t\t\t\t\t\t\t<a rel=\"noopener noreferrer nofollow\" href=\"https:\/\/www.facebook.com\/sharer\/sharer.php?u=https:\/\/www.wizualhome.pl\/projekt\/lazienka-z-cegla\/\" target=\"_blank\" class=\" wd-social-icon social-facebook\" aria-label=\"Facebook social link\">\n\t\t\t\t\t\t<span class=\"wd-icon\"><\/span>\n\t\t\t\t\t\t\t\t\t\t\t<\/a>\n\t\t\t\t\n\t\t\t\t\t\t\t\t\t<a rel=\"noopener noreferrer nofollow\" href=\"https:\/\/x.com\/share?url=https:\/\/www.wizualhome.pl\/projekt\/lazienka-z-cegla\/\" target=\"_blank\" class=\" wd-social-icon social-twitter\" aria-label=\"X social link\">\n\t\t\t\t\t\t<span class=\"wd-icon\"><\/span>\n\t\t\t\t\t\t\t\t\t\t\t<\/a>\n\t\t\t\t\n\t\t\t\t\n\t\t\t\t\t\t\t\t\t<a rel=\"noopener noreferrer nofollow\" href=\"mailto:?subject=Check%20this%20https:\/\/www.wizualhome.pl\/projekt\/lazienka-z-cegla\/\" target=\"_blank\" class=\" wd-social-icon social-email\" aria-label=\"Email social link\">\n\t\t\t\t\t\t<span class=\"wd-icon\"><\/span>\n\t\t\t\t\t\t\t\t\t\t\t<\/a>\n\t\t\t\t\n\t\t\t\t\n\t\t\t\t\n\t\t\t\t\n\t\t\t\t\t\t\t\t\t<a rel=\"noopener noreferrer nofollow\" href=\"https:\/\/pinterest.com\/pin\/create\/button\/?url=https:\/\/www.wizualhome.pl\/projekt\/lazienka-z-cegla\/&media=https:\/\/www.wizualhome.pl\/wp-content\/uploads\/2020\/05\/Lazienka-w-cegle-kw.jpg&description=%C5%81azienka+z%26nbsp%3Bceg%C5%82%C4%85\" target=\"_blank\" class=\" wd-social-icon social-pinterest\" aria-label=\"Pinterest social link\">\n\t\t\t\t\t\t<span class=\"wd-icon\"><\/span>\n\t\t\t\t\t\t\t\t\t\t\t<\/a>\n\t\t\t\t\n\t\t\t\t\n\t\t\t\t\t\t\t\t\t<a rel=\"noopener noreferrer nofollow\" href=\"https:\/\/www.linkedin.com\/shareArticle?mini=true&url=https:\/\/www.wizualhome.pl\/projekt\/lazienka-z-cegla\/\" target=\"_blank\" class=\" wd-social-icon social-linkedin\" aria-label=\"Linkedin social link\">\n\t\t\t\t\t\t<span class=\"wd-icon\"><\/span>\n\t\t\t\t\t\t\t\t\t\t\t<\/a>\n\t\t\t\t\n\t\t\t\t\n\t\t\t\t\n\t\t\t\t\n\t\t\t\t\n\t\t\t\t\n\t\t\t\t\n\t\t\t\t\n\t\t\t\t\n\t\t\t\t\n\t\t\t\t\n\t\t\t\t\n\t\t\t\t\n\t\t\t\t\n\t\t\t\t\n\t\t\t\t\n\t\t\t\t\n\t\t\t<\/div>\n\n\t\t\t\t\t\t\t\t\t\t<\/div>\n\t\t\t\t\t\t\t<\/div>\n\t\t\t\t\t\t<\/div>\n\t\t\t\t\t\t\t\t\t<\/div>\n\t\t\t<\/figure>\n\t\t\n\t\t<div class=\"portfolio-info color-scheme-light\">\n\t\t\t\t\t\t\t<div class=\"wrap-meta\">\n\t\t\t\t\t<ul class=\"proj-cats-list\">\n\t\t\t\t\t\t\t\t\t\t\t\t\t\t\t\t\t\t\t\t<li>Dom<\/li>\n\t\t\t\t\t\t\t\t\t\t\t\t\t\t\t\t\t\t\t\t<li>\u0141azienka<\/li>\n\t\t\t\t\t\t\t\t\t\t\t\t\t\t\t\t\t\t\t\t<li>Wizualizacja<\/li>\n\t\t\t\t\t\t\t\t\t\t\t<\/ul>\n\t\t\t\t<\/div>\n\t\t\t\n\t\t\t<div class=\"wrap-title\">\n\t\t\t\t<h3 class=\"wd-entities-title\">\n\t\t\t\t\t<a href=\"https:\/\/www.wizualhome.pl\/projekt\/lazienka-z-cegla\/\" rel=\"bookmark\">\u0141azienka z&nbsp;ceg\u0142\u0105<\/a>\n\t\t\t\t<\/h3>\n\t\t\t<\/div>\n\t\t<\/div>\n\t<\/header>\n<\/article>\n\t\t\t\t\t\t\t\t\n<article id=\"post-9798\" class=\"wd-project portfolio-entry wd-col masonry-item portfolio-hover-inverse proj-cat-dom proj-cat-lazienka post-9798 portfolio type-portfolio status-publish has-post-thumbnail hentry project-cat-dom project-cat-lazienka\">\n\t<header class=\"entry-header\">\n\t\t\t\t\t<figure class=\"entry-thumbnail color-scheme-light\">\n\t\t\t\t<a href=\"https:\/\/www.wizualhome.pl\/projekt\/lazienka-z-zoltym-akcentem\/\" class=\"portfolio-thumbnail\">\n\t\t\t\t\t<img width=\"1024\" height=\"1024\" src=\"https:\/\/www.wizualhome.pl\/wp-content\/uploads\/2021\/02\/znaczek_2020.jpg\" class=\"attachment-large size-large wd-lazy-fade\" alt=\"\" decoding=\"async\" srcset=\"\" sizes=\"(max-width: 1024px) 100vw, 1024px\" data-src=\"https:\/\/www.wizualhome.pl\/wp-content\/uploads\/2020\/05\/Zolta_lazienka_kw-1024x1024.jpg\" data-srcset=\"https:\/\/www.wizualhome.pl\/wp-content\/uploads\/2020\/05\/Zolta_lazienka_kw-1024x1024.jpg 1024w, https:\/\/www.wizualhome.pl\/wp-content\/uploads\/2020\/05\/Zolta_lazienka_kw-300x300.jpg 300w, https:\/\/www.wizualhome.pl\/wp-content\/uploads\/2020\/05\/Zolta_lazienka_kw-150x150.jpg 150w, https:\/\/www.wizualhome.pl\/wp-content\/uploads\/2020\/05\/Zolta_lazienka_kw-768x768.jpg 768w, https:\/\/www.wizualhome.pl\/wp-content\/uploads\/2020\/05\/Zolta_lazienka_kw-1200x1200.jpg 1200w, https:\/\/www.wizualhome.pl\/wp-content\/uploads\/2020\/05\/Zolta_lazienka_kw-600x600.jpg 600w, https:\/\/www.wizualhome.pl\/wp-content\/uploads\/2020\/05\/Zolta_lazienka_kw-100x100.jpg 100w, https:\/\/www.wizualhome.pl\/wp-content\/uploads\/2020\/05\/Zolta_lazienka_kw.jpg 1440w\" \/>\t\t\t\t<\/a>\n\t\t\t\t<div class=\"wd-portfolio-btns\">\n\t\t\t\t\t<div class=\"portfolio-enlarge wd-action-btn wd-style-icon wd-enlarge-icon\">\n\t\t\t\t\t\t<a href=\"https:\/\/www.wizualhome.pl\/wp-content\/uploads\/2020\/05\/Zolta_lazienka_kw.jpg\" data-elementor-open-lightbox=\"no\">View Large<\/a>\n\t\t\t\t\t<\/div>\n\t\t\t\t\t\t\t\t\t\t\t<div class=\"social-icons-wrapper wd-action-btn wd-style-icon wd-share-icon wd-tltp\">\n\t\t\t\t\t\t\t<a><\/a>\n\t\t\t\t\t\t\t<div class=\"tooltip left\">\n\t\t\t\t\t\t\t\t<div class=\"tooltip-arrow\"><\/div>\n\t\t\t\t\t\t\t\t<div class=\"tooltip-inner\">\n\t\t\t\t\t\t\t\t\t\t\t\t<div\n\t\t\t\t\t\tclass=\" wd-social-icons  wd-style-default wd-size-small social-share wd-shape-circle color-scheme-light text-center\">\n\t\t\t\t\n\t\t\t\t\n\t\t\t\t\t\t\t\t\t<a rel=\"noopener noreferrer nofollow\" href=\"https:\/\/www.facebook.com\/sharer\/sharer.php?u=https:\/\/www.wizualhome.pl\/projekt\/lazienka-z-zoltym-akcentem\/\" target=\"_blank\" class=\" wd-social-icon social-facebook\" aria-label=\"Facebook social link\">\n\t\t\t\t\t\t<span class=\"wd-icon\"><\/span>\n\t\t\t\t\t\t\t\t\t\t\t<\/a>\n\t\t\t\t\n\t\t\t\t\t\t\t\t\t<a rel=\"noopener noreferrer nofollow\" href=\"https:\/\/x.com\/share?url=https:\/\/www.wizualhome.pl\/projekt\/lazienka-z-zoltym-akcentem\/\" target=\"_blank\" class=\" wd-social-icon social-twitter\" aria-label=\"X social link\">\n\t\t\t\t\t\t<span class=\"wd-icon\"><\/span>\n\t\t\t\t\t\t\t\t\t\t\t<\/a>\n\t\t\t\t\n\t\t\t\t\n\t\t\t\t\t\t\t\t\t<a rel=\"noopener noreferrer nofollow\" href=\"mailto:?subject=Check%20this%20https:\/\/www.wizualhome.pl\/projekt\/lazienka-z-zoltym-akcentem\/\" target=\"_blank\" class=\" wd-social-icon social-email\" aria-label=\"Email social link\">\n\t\t\t\t\t\t<span class=\"wd-icon\"><\/span>\n\t\t\t\t\t\t\t\t\t\t\t<\/a>\n\t\t\t\t\n\t\t\t\t\n\t\t\t\t\n\t\t\t\t\n\t\t\t\t\t\t\t\t\t<a rel=\"noopener noreferrer nofollow\" href=\"https:\/\/pinterest.com\/pin\/create\/button\/?url=https:\/\/www.wizualhome.pl\/projekt\/lazienka-z-zoltym-akcentem\/&media=https:\/\/www.wizualhome.pl\/wp-content\/uploads\/2020\/05\/Zolta_lazienka_kw.jpg&description=%C5%81azienka+z%26nbsp%3B%C5%BC%C3%B3%C5%82tym+akcentem\" target=\"_blank\" class=\" wd-social-icon social-pinterest\" aria-label=\"Pinterest social link\">\n\t\t\t\t\t\t<span class=\"wd-icon\"><\/span>\n\t\t\t\t\t\t\t\t\t\t\t<\/a>\n\t\t\t\t\n\t\t\t\t\n\t\t\t\t\t\t\t\t\t<a rel=\"noopener noreferrer nofollow\" href=\"https:\/\/www.linkedin.com\/shareArticle?mini=true&url=https:\/\/www.wizualhome.pl\/projekt\/lazienka-z-zoltym-akcentem\/\" target=\"_blank\" class=\" wd-social-icon social-linkedin\" aria-label=\"Linkedin social link\">\n\t\t\t\t\t\t<span class=\"wd-icon\"><\/span>\n\t\t\t\t\t\t\t\t\t\t\t<\/a>\n\t\t\t\t\n\t\t\t\t\n\t\t\t\t\n\t\t\t\t\n\t\t\t\t\n\t\t\t\t\n\t\t\t\t\n\t\t\t\t\n\t\t\t\t\n\t\t\t\t\n\t\t\t\t\n\t\t\t\t\n\t\t\t\t\n\t\t\t\t\n\t\t\t\t\n\t\t\t\t\n\t\t\t\t\n\t\t\t<\/div>\n\n\t\t\t\t\t\t\t\t\t\t<\/div>\n\t\t\t\t\t\t\t<\/div>\n\t\t\t\t\t\t<\/div>\n\t\t\t\t\t\t\t\t\t<\/div>\n\t\t\t<\/figure>\n\t\t\n\t\t<div class=\"portfolio-info color-scheme-light\">\n\t\t\t\t\t\t\t<div class=\"wrap-meta\">\n\t\t\t\t\t<ul class=\"proj-cats-list\">\n\t\t\t\t\t\t\t\t\t\t\t\t\t\t\t\t\t\t\t\t<li>Dom<\/li>\n\t\t\t\t\t\t\t\t\t\t\t\t\t\t\t\t\t\t\t\t<li>\u0141azienka<\/li>\n\t\t\t\t\t\t\t\t\t\t\t<\/ul>\n\t\t\t\t<\/div>\n\t\t\t\n\t\t\t<div class=\"wrap-title\">\n\t\t\t\t<h3 class=\"wd-entities-title\">\n\t\t\t\t\t<a href=\"https:\/\/www.wizualhome.pl\/projekt\/lazienka-z-zoltym-akcentem\/\" rel=\"bookmark\">\u0141azienka z&nbsp;\u017c\u00f3\u0142tym akcentem<\/a>\n\t\t\t\t<\/h3>\n\t\t\t<\/div>\n\t\t<\/div>\n\t<\/header>\n<\/article>\n\t\t\t\t\t\t\t\t\n<article id=\"post-9767\" class=\"wd-project portfolio-entry wd-col masonry-item portfolio-hover-inverse proj-cat-dom proj-cat-lazienka proj-cat-wizualizacja post-9767 portfolio type-portfolio status-publish has-post-thumbnail hentry project-cat-dom project-cat-lazienka project-cat-wizualizacja\">\n\t<header class=\"entry-header\">\n\t\t\t\t\t<figure class=\"entry-thumbnail color-scheme-light\">\n\t\t\t\t<a href=\"https:\/\/www.wizualhome.pl\/projekt\/lazienka-z-zielonymi-plytkami\/\" class=\"portfolio-thumbnail\">\n\t\t\t\t\t<img width=\"1024\" height=\"1024\" src=\"https:\/\/www.wizualhome.pl\/wp-content\/uploads\/2021\/02\/znaczek_2020.jpg\" class=\"attachment-large size-large wd-lazy-fade\" alt=\"\" decoding=\"async\" srcset=\"\" sizes=\"(max-width: 1024px) 100vw, 1024px\" data-src=\"https:\/\/www.wizualhome.pl\/wp-content\/uploads\/2020\/05\/Brzeg_Lazienka_01_kw-1024x1024.jpg\" data-srcset=\"https:\/\/www.wizualhome.pl\/wp-content\/uploads\/2020\/05\/Brzeg_Lazienka_01_kw-1024x1024.jpg 1024w, https:\/\/www.wizualhome.pl\/wp-content\/uploads\/2020\/05\/Brzeg_Lazienka_01_kw-300x300.jpg 300w, https:\/\/www.wizualhome.pl\/wp-content\/uploads\/2020\/05\/Brzeg_Lazienka_01_kw-150x150.jpg 150w, https:\/\/www.wizualhome.pl\/wp-content\/uploads\/2020\/05\/Brzeg_Lazienka_01_kw-768x768.jpg 768w, https:\/\/www.wizualhome.pl\/wp-content\/uploads\/2020\/05\/Brzeg_Lazienka_01_kw-1200x1200.jpg 1200w, https:\/\/www.wizualhome.pl\/wp-content\/uploads\/2020\/05\/Brzeg_Lazienka_01_kw-600x600.jpg 600w, https:\/\/www.wizualhome.pl\/wp-content\/uploads\/2020\/05\/Brzeg_Lazienka_01_kw-100x100.jpg 100w, https:\/\/www.wizualhome.pl\/wp-content\/uploads\/2020\/05\/Brzeg_Lazienka_01_kw.jpg 1536w\" \/>\t\t\t\t<\/a>\n\t\t\t\t<div class=\"wd-portfolio-btns\">\n\t\t\t\t\t<div class=\"portfolio-enlarge wd-action-btn wd-style-icon wd-enlarge-icon\">\n\t\t\t\t\t\t<a href=\"https:\/\/www.wizualhome.pl\/wp-content\/uploads\/2020\/05\/Brzeg_Lazienka_01_kw.jpg\" data-elementor-open-lightbox=\"no\">View Large<\/a>\n\t\t\t\t\t<\/div>\n\t\t\t\t\t\t\t\t\t\t\t<div class=\"social-icons-wrapper wd-action-btn wd-style-icon wd-share-icon wd-tltp\">\n\t\t\t\t\t\t\t<a><\/a>\n\t\t\t\t\t\t\t<div class=\"tooltip left\">\n\t\t\t\t\t\t\t\t<div class=\"tooltip-arrow\"><\/div>\n\t\t\t\t\t\t\t\t<div class=\"tooltip-inner\">\n\t\t\t\t\t\t\t\t\t\t\t\t<div\n\t\t\t\t\t\tclass=\" wd-social-icons  wd-style-default wd-size-small social-share wd-shape-circle color-scheme-light text-center\">\n\t\t\t\t\n\t\t\t\t\n\t\t\t\t\t\t\t\t\t<a rel=\"noopener noreferrer nofollow\" href=\"https:\/\/www.facebook.com\/sharer\/sharer.php?u=https:\/\/www.wizualhome.pl\/projekt\/lazienka-z-zielonymi-plytkami\/\" target=\"_blank\" class=\" wd-social-icon social-facebook\" aria-label=\"Facebook social link\">\n\t\t\t\t\t\t<span class=\"wd-icon\"><\/span>\n\t\t\t\t\t\t\t\t\t\t\t<\/a>\n\t\t\t\t\n\t\t\t\t\t\t\t\t\t<a rel=\"noopener noreferrer nofollow\" href=\"https:\/\/x.com\/share?url=https:\/\/www.wizualhome.pl\/projekt\/lazienka-z-zielonymi-plytkami\/\" target=\"_blank\" class=\" wd-social-icon social-twitter\" aria-label=\"X social link\">\n\t\t\t\t\t\t<span class=\"wd-icon\"><\/span>\n\t\t\t\t\t\t\t\t\t\t\t<\/a>\n\t\t\t\t\n\t\t\t\t\n\t\t\t\t\t\t\t\t\t<a rel=\"noopener noreferrer nofollow\" href=\"mailto:?subject=Check%20this%20https:\/\/www.wizualhome.pl\/projekt\/lazienka-z-zielonymi-plytkami\/\" target=\"_blank\" class=\" wd-social-icon social-email\" aria-label=\"Email social link\">\n\t\t\t\t\t\t<span class=\"wd-icon\"><\/span>\n\t\t\t\t\t\t\t\t\t\t\t<\/a>\n\t\t\t\t\n\t\t\t\t\n\t\t\t\t\n\t\t\t\t\n\t\t\t\t\t\t\t\t\t<a rel=\"noopener noreferrer nofollow\" href=\"https:\/\/pinterest.com\/pin\/create\/button\/?url=https:\/\/www.wizualhome.pl\/projekt\/lazienka-z-zielonymi-plytkami\/&media=https:\/\/www.wizualhome.pl\/wp-content\/uploads\/2020\/05\/Brzeg_Lazienka_01_kw.jpg&description=%C5%81azienka+z%26nbsp%3Bzielonymi+p%C5%82ytkami\" target=\"_blank\" class=\" wd-social-icon social-pinterest\" aria-label=\"Pinterest social link\">\n\t\t\t\t\t\t<span class=\"wd-icon\"><\/span>\n\t\t\t\t\t\t\t\t\t\t\t<\/a>\n\t\t\t\t\n\t\t\t\t\n\t\t\t\t\t\t\t\t\t<a rel=\"noopener noreferrer nofollow\" href=\"https:\/\/www.linkedin.com\/shareArticle?mini=true&url=https:\/\/www.wizualhome.pl\/projekt\/lazienka-z-zielonymi-plytkami\/\" target=\"_blank\" class=\" wd-social-icon social-linkedin\" aria-label=\"Linkedin social link\">\n\t\t\t\t\t\t<span class=\"wd-icon\"><\/span>\n\t\t\t\t\t\t\t\t\t\t\t<\/a>\n\t\t\t\t\n\t\t\t\t\n\t\t\t\t\n\t\t\t\t\n\t\t\t\t\n\t\t\t\t\n\t\t\t\t\n\t\t\t\t\n\t\t\t\t\n\t\t\t\t\n\t\t\t\t\n\t\t\t\t\n\t\t\t\t\n\t\t\t\t\n\t\t\t\t\n\t\t\t\t\n\t\t\t\t\n\t\t\t<\/div>\n\n\t\t\t\t\t\t\t\t\t\t<\/div>\n\t\t\t\t\t\t\t<\/div>\n\t\t\t\t\t\t<\/div>\n\t\t\t\t\t\t\t\t\t<\/div>\n\t\t\t<\/figure>\n\t\t\n\t\t<div class=\"portfolio-info color-scheme-light\">\n\t\t\t\t\t\t\t<div class=\"wrap-meta\">\n\t\t\t\t\t<ul class=\"proj-cats-list\">\n\t\t\t\t\t\t\t\t\t\t\t\t\t\t\t\t\t\t\t\t<li>Dom<\/li>\n\t\t\t\t\t\t\t\t\t\t\t\t\t\t\t\t\t\t\t\t<li>\u0141azienka<\/li>\n\t\t\t\t\t\t\t\t\t\t\t\t\t\t\t\t\t\t\t\t<li>Wizualizacja<\/li>\n\t\t\t\t\t\t\t\t\t\t\t<\/ul>\n\t\t\t\t<\/div>\n\t\t\t\n\t\t\t<div class=\"wrap-title\">\n\t\t\t\t<h3 class=\"wd-entities-title\">\n\t\t\t\t\t<a href=\"https:\/\/www.wizualhome.pl\/projekt\/lazienka-z-zielonymi-plytkami\/\" rel=\"bookmark\">\u0141azienka z&nbsp;zielonymi p\u0142ytkami<\/a>\n\t\t\t\t<\/h3>\n\t\t\t<\/div>\n\t\t<\/div>\n\t<\/header>\n<\/article>\n\t\t\t\t\t\t\t\t\n<article id=\"post-4787\" class=\"wd-project portfolio-entry wd-col masonry-item portfolio-hover-inverse proj-cat-kuchnia proj-cat-lazienka proj-cat-mieszkanie proj-cat-pokoj proj-cat-salon proj-cat-sypialnia post-4787 portfolio type-portfolio status-publish has-post-thumbnail hentry project-cat-kuchnia project-cat-lazienka project-cat-mieszkanie project-cat-pokoj project-cat-salon project-cat-sypialnia\">\n\t<header class=\"entry-header\">\n\t\t\t\t\t<figure class=\"entry-thumbnail color-scheme-light\">\n\t\t\t\t<a href=\"https:\/\/www.wizualhome.pl\/projekt\/niebiesko-zielone-mieszkanie\/\" class=\"portfolio-thumbnail\">\n\t\t\t\t\t<img width=\"1024\" height=\"1024\" src=\"https:\/\/www.wizualhome.pl\/wp-content\/uploads\/2021\/02\/znaczek_2020.jpg\" class=\"attachment-large size-large wd-lazy-fade\" alt=\"\" decoding=\"async\" loading=\"lazy\" srcset=\"\" sizes=\"auto, (max-width: 1024px) 100vw, 1024px\" data-src=\"https:\/\/www.wizualhome.pl\/wp-content\/uploads\/2019\/09\/Realizacja-Warszawa-Ursus-Kuchnia-kw-1024x1024.jpg\" data-srcset=\"https:\/\/www.wizualhome.pl\/wp-content\/uploads\/2019\/09\/Realizacja-Warszawa-Ursus-Kuchnia-kw-1024x1024.jpg 1024w, https:\/\/www.wizualhome.pl\/wp-content\/uploads\/2019\/09\/Realizacja-Warszawa-Ursus-Kuchnia-kw-300x300.jpg 300w, https:\/\/www.wizualhome.pl\/wp-content\/uploads\/2019\/09\/Realizacja-Warszawa-Ursus-Kuchnia-kw-150x150.jpg 150w, https:\/\/www.wizualhome.pl\/wp-content\/uploads\/2019\/09\/Realizacja-Warszawa-Ursus-Kuchnia-kw-768x768.jpg 768w, https:\/\/www.wizualhome.pl\/wp-content\/uploads\/2019\/09\/Realizacja-Warszawa-Ursus-Kuchnia-kw-1536x1536.jpg 1536w, https:\/\/www.wizualhome.pl\/wp-content\/uploads\/2019\/09\/Realizacja-Warszawa-Ursus-Kuchnia-kw-1200x1200.jpg 1200w, https:\/\/www.wizualhome.pl\/wp-content\/uploads\/2019\/09\/Realizacja-Warszawa-Ursus-Kuchnia-kw-600x600.jpg 600w, https:\/\/www.wizualhome.pl\/wp-content\/uploads\/2019\/09\/Realizacja-Warszawa-Ursus-Kuchnia-kw.jpg 1920w\" \/>\t\t\t\t<\/a>\n\t\t\t\t<div class=\"wd-portfolio-btns\">\n\t\t\t\t\t<div class=\"portfolio-enlarge wd-action-btn wd-style-icon wd-enlarge-icon\">\n\t\t\t\t\t\t<a href=\"https:\/\/www.wizualhome.pl\/wp-content\/uploads\/2019\/09\/Realizacja-Warszawa-Ursus-Kuchnia-kw.jpg\" data-elementor-open-lightbox=\"no\">View Large<\/a>\n\t\t\t\t\t<\/div>\n\t\t\t\t\t\t\t\t\t\t\t<div class=\"social-icons-wrapper wd-action-btn wd-style-icon wd-share-icon wd-tltp\">\n\t\t\t\t\t\t\t<a><\/a>\n\t\t\t\t\t\t\t<div class=\"tooltip left\">\n\t\t\t\t\t\t\t\t<div class=\"tooltip-arrow\"><\/div>\n\t\t\t\t\t\t\t\t<div class=\"tooltip-inner\">\n\t\t\t\t\t\t\t\t\t\t\t\t<div\n\t\t\t\t\t\tclass=\" wd-social-icons  wd-style-default wd-size-small social-share wd-shape-circle color-scheme-light text-center\">\n\t\t\t\t\n\t\t\t\t\n\t\t\t\t\t\t\t\t\t<a rel=\"noopener noreferrer nofollow\" href=\"https:\/\/www.facebook.com\/sharer\/sharer.php?u=https:\/\/www.wizualhome.pl\/projekt\/niebiesko-zielone-mieszkanie\/\" target=\"_blank\" class=\" wd-social-icon social-facebook\" aria-label=\"Facebook social link\">\n\t\t\t\t\t\t<span class=\"wd-icon\"><\/span>\n\t\t\t\t\t\t\t\t\t\t\t<\/a>\n\t\t\t\t\n\t\t\t\t\t\t\t\t\t<a rel=\"noopener noreferrer nofollow\" href=\"https:\/\/x.com\/share?url=https:\/\/www.wizualhome.pl\/projekt\/niebiesko-zielone-mieszkanie\/\" target=\"_blank\" class=\" wd-social-icon social-twitter\" aria-label=\"X social link\">\n\t\t\t\t\t\t<span class=\"wd-icon\"><\/span>\n\t\t\t\t\t\t\t\t\t\t\t<\/a>\n\t\t\t\t\n\t\t\t\t\n\t\t\t\t\t\t\t\t\t<a rel=\"noopener noreferrer nofollow\" href=\"mailto:?subject=Check%20this%20https:\/\/www.wizualhome.pl\/projekt\/niebiesko-zielone-mieszkanie\/\" target=\"_blank\" class=\" wd-social-icon social-email\" aria-label=\"Email social link\">\n\t\t\t\t\t\t<span class=\"wd-icon\"><\/span>\n\t\t\t\t\t\t\t\t\t\t\t<\/a>\n\t\t\t\t\n\t\t\t\t\n\t\t\t\t\n\t\t\t\t\n\t\t\t\t\t\t\t\t\t<a rel=\"noopener noreferrer nofollow\" href=\"https:\/\/pinterest.com\/pin\/create\/button\/?url=https:\/\/www.wizualhome.pl\/projekt\/niebiesko-zielone-mieszkanie\/&media=https:\/\/www.wizualhome.pl\/wp-content\/uploads\/2019\/09\/Realizacja-Warszawa-Ursus-Kuchnia-kw.jpg&description=Niebiesko-zielone+mieszkanie\" target=\"_blank\" class=\" wd-social-icon social-pinterest\" aria-label=\"Pinterest social link\">\n\t\t\t\t\t\t<span class=\"wd-icon\"><\/span>\n\t\t\t\t\t\t\t\t\t\t\t<\/a>\n\t\t\t\t\n\t\t\t\t\n\t\t\t\t\t\t\t\t\t<a rel=\"noopener noreferrer nofollow\" href=\"https:\/\/www.linkedin.com\/shareArticle?mini=true&url=https:\/\/www.wizualhome.pl\/projekt\/niebiesko-zielone-mieszkanie\/\" target=\"_blank\" class=\" wd-social-icon social-linkedin\" aria-label=\"Linkedin social link\">\n\t\t\t\t\t\t<span class=\"wd-icon\"><\/span>\n\t\t\t\t\t\t\t\t\t\t\t<\/a>\n\t\t\t\t\n\t\t\t\t\n\t\t\t\t\n\t\t\t\t\n\t\t\t\t\n\t\t\t\t\n\t\t\t\t\n\t\t\t\t\n\t\t\t\t\n\t\t\t\t\n\t\t\t\t\n\t\t\t\t\n\t\t\t\t\n\t\t\t\t\n\t\t\t\t\n\t\t\t\t\n\t\t\t\t\n\t\t\t<\/div>\n\n\t\t\t\t\t\t\t\t\t\t<\/div>\n\t\t\t\t\t\t\t<\/div>\n\t\t\t\t\t\t<\/div>\n\t\t\t\t\t\t\t\t\t<\/div>\n\t\t\t<\/figure>\n\t\t\n\t\t<div class=\"portfolio-info color-scheme-light\">\n\t\t\t\t\t\t\t<div class=\"wrap-meta\">\n\t\t\t\t\t<ul class=\"proj-cats-list\">\n\t\t\t\t\t\t\t\t\t\t\t\t\t\t\t\t\t\t\t\t<li>Kuchnia<\/li>\n\t\t\t\t\t\t\t\t\t\t\t\t\t\t\t\t\t\t\t\t<li>\u0141azienka<\/li>\n\t\t\t\t\t\t\t\t\t\t\t\t\t\t\t\t\t\t\t\t<li>Mieszkanie<\/li>\n\t\t\t\t\t\t\t\t\t\t\t\t\t\t\t\t\t\t\t\t<li>Pok\u00f3j<\/li>\n\t\t\t\t\t\t\t\t\t\t\t\t\t\t\t\t\t\t\t\t<li>Salon<\/li>\n\t\t\t\t\t\t\t\t\t\t\t\t\t\t\t\t\t\t\t\t<li>Sypialnia<\/li>\n\t\t\t\t\t\t\t\t\t\t\t<\/ul>\n\t\t\t\t<\/div>\n\t\t\t\n\t\t\t<div class=\"wrap-title\">\n\t\t\t\t<h3 class=\"wd-entities-title\">\n\t\t\t\t\t<a href=\"https:\/\/www.wizualhome.pl\/projekt\/niebiesko-zielone-mieszkanie\/\" rel=\"bookmark\">Niebiesko-zielone mieszkanie<\/a>\n\t\t\t\t<\/h3>\n\t\t\t<\/div>\n\t\t<\/div>\n\t<\/header>\n<\/article>\n\t\t\t\t\t\t\t\t\n<article id=\"post-2614\" class=\"wd-project portfolio-entry wd-col masonry-item portfolio-hover-inverse proj-cat-kuchnia proj-cat-lazienka proj-cat-mieszkanie proj-cat-pokoj post-2614 portfolio type-portfolio status-publish has-post-thumbnail hentry project-cat-kuchnia project-cat-lazienka project-cat-mieszkanie project-cat-pokoj\">\n\t<header class=\"entry-header\">\n\t\t\t\t\t<figure class=\"entry-thumbnail color-scheme-light\">\n\t\t\t\t<a href=\"https:\/\/www.wizualhome.pl\/projekt\/turkusowa-metamorfoza\/\" class=\"portfolio-thumbnail\">\n\t\t\t\t\t<img width=\"1024\" height=\"1024\" src=\"https:\/\/www.wizualhome.pl\/wp-content\/uploads\/2021\/02\/znaczek_2020.jpg\" class=\"attachment-large size-large wd-lazy-fade\" alt=\"\" decoding=\"async\" loading=\"lazy\" srcset=\"\" sizes=\"auto, (max-width: 1024px) 100vw, 1024px\" data-src=\"https:\/\/www.wizualhome.pl\/wp-content\/uploads\/2019\/04\/Mieszkanie_Kedzierzyn_kuchnia_KW-1024x1024.jpg\" data-srcset=\"https:\/\/www.wizualhome.pl\/wp-content\/uploads\/2019\/04\/Mieszkanie_Kedzierzyn_kuchnia_KW-1024x1024.jpg 1024w, https:\/\/www.wizualhome.pl\/wp-content\/uploads\/2019\/04\/Mieszkanie_Kedzierzyn_kuchnia_KW-150x150.jpg 150w, https:\/\/www.wizualhome.pl\/wp-content\/uploads\/2019\/04\/Mieszkanie_Kedzierzyn_kuchnia_KW-300x300.jpg 300w, https:\/\/www.wizualhome.pl\/wp-content\/uploads\/2019\/04\/Mieszkanie_Kedzierzyn_kuchnia_KW-768x768.jpg 768w, https:\/\/www.wizualhome.pl\/wp-content\/uploads\/2019\/04\/Mieszkanie_Kedzierzyn_kuchnia_KW-1200x1200.jpg 1200w, https:\/\/www.wizualhome.pl\/wp-content\/uploads\/2019\/04\/Mieszkanie_Kedzierzyn_kuchnia_KW-600x600.jpg 600w, https:\/\/www.wizualhome.pl\/wp-content\/uploads\/2019\/04\/Mieszkanie_Kedzierzyn_kuchnia_KW-100x100.jpg 100w, https:\/\/www.wizualhome.pl\/wp-content\/uploads\/2019\/04\/Mieszkanie_Kedzierzyn_kuchnia_KW.jpg 1536w\" \/>\t\t\t\t<\/a>\n\t\t\t\t<div class=\"wd-portfolio-btns\">\n\t\t\t\t\t<div class=\"portfolio-enlarge wd-action-btn wd-style-icon wd-enlarge-icon\">\n\t\t\t\t\t\t<a href=\"https:\/\/www.wizualhome.pl\/wp-content\/uploads\/2019\/04\/Mieszkanie_Kedzierzyn_kuchnia_KW.jpg\" data-elementor-open-lightbox=\"no\">View Large<\/a>\n\t\t\t\t\t<\/div>\n\t\t\t\t\t\t\t\t\t\t\t<div class=\"social-icons-wrapper wd-action-btn wd-style-icon wd-share-icon wd-tltp\">\n\t\t\t\t\t\t\t<a><\/a>\n\t\t\t\t\t\t\t<div class=\"tooltip left\">\n\t\t\t\t\t\t\t\t<div class=\"tooltip-arrow\"><\/div>\n\t\t\t\t\t\t\t\t<div class=\"tooltip-inner\">\n\t\t\t\t\t\t\t\t\t\t\t\t<div\n\t\t\t\t\t\tclass=\" wd-social-icons  wd-style-default wd-size-small social-share wd-shape-circle color-scheme-light text-center\">\n\t\t\t\t\n\t\t\t\t\n\t\t\t\t\t\t\t\t\t<a rel=\"noopener noreferrer nofollow\" href=\"https:\/\/www.facebook.com\/sharer\/sharer.php?u=https:\/\/www.wizualhome.pl\/projekt\/turkusowa-metamorfoza\/\" target=\"_blank\" class=\" wd-social-icon social-facebook\" aria-label=\"Facebook social link\">\n\t\t\t\t\t\t<span class=\"wd-icon\"><\/span>\n\t\t\t\t\t\t\t\t\t\t\t<\/a>\n\t\t\t\t\n\t\t\t\t\t\t\t\t\t<a rel=\"noopener noreferrer nofollow\" href=\"https:\/\/x.com\/share?url=https:\/\/www.wizualhome.pl\/projekt\/turkusowa-metamorfoza\/\" target=\"_blank\" class=\" wd-social-icon social-twitter\" aria-label=\"X social link\">\n\t\t\t\t\t\t<span class=\"wd-icon\"><\/span>\n\t\t\t\t\t\t\t\t\t\t\t<\/a>\n\t\t\t\t\n\t\t\t\t\n\t\t\t\t\t\t\t\t\t<a rel=\"noopener noreferrer nofollow\" href=\"mailto:?subject=Check%20this%20https:\/\/www.wizualhome.pl\/projekt\/turkusowa-metamorfoza\/\" target=\"_blank\" class=\" wd-social-icon social-email\" aria-label=\"Email social link\">\n\t\t\t\t\t\t<span class=\"wd-icon\"><\/span>\n\t\t\t\t\t\t\t\t\t\t\t<\/a>\n\t\t\t\t\n\t\t\t\t\n\t\t\t\t\n\t\t\t\t\n\t\t\t\t\t\t\t\t\t<a rel=\"noopener noreferrer nofollow\" href=\"https:\/\/pinterest.com\/pin\/create\/button\/?url=https:\/\/www.wizualhome.pl\/projekt\/turkusowa-metamorfoza\/&media=https:\/\/www.wizualhome.pl\/wp-content\/uploads\/2019\/04\/Mieszkanie_Kedzierzyn_kuchnia_KW.jpg&description=Turkusowa+metamorfoza\" target=\"_blank\" class=\" wd-social-icon social-pinterest\" aria-label=\"Pinterest social link\">\n\t\t\t\t\t\t<span class=\"wd-icon\"><\/span>\n\t\t\t\t\t\t\t\t\t\t\t<\/a>\n\t\t\t\t\n\t\t\t\t\n\t\t\t\t\t\t\t\t\t<a rel=\"noopener noreferrer nofollow\" href=\"https:\/\/www.linkedin.com\/shareArticle?mini=true&url=https:\/\/www.wizualhome.pl\/projekt\/turkusowa-metamorfoza\/\" target=\"_blank\" class=\" wd-social-icon social-linkedin\" aria-label=\"Linkedin social link\">\n\t\t\t\t\t\t<span class=\"wd-icon\"><\/span>\n\t\t\t\t\t\t\t\t\t\t\t<\/a>\n\t\t\t\t\n\t\t\t\t\n\t\t\t\t\n\t\t\t\t\n\t\t\t\t\n\t\t\t\t\n\t\t\t\t\n\t\t\t\t\n\t\t\t\t\n\t\t\t\t\n\t\t\t\t\n\t\t\t\t\n\t\t\t\t\n\t\t\t\t\n\t\t\t\t\n\t\t\t\t\n\t\t\t\t\n\t\t\t<\/div>\n\n\t\t\t\t\t\t\t\t\t\t<\/div>\n\t\t\t\t\t\t\t<\/div>\n\t\t\t\t\t\t<\/div>\n\t\t\t\t\t\t\t\t\t<\/div>\n\t\t\t<\/figure>\n\t\t\n\t\t<div class=\"portfolio-info color-scheme-light\">\n\t\t\t\t\t\t\t<div class=\"wrap-meta\">\n\t\t\t\t\t<ul class=\"proj-cats-list\">\n\t\t\t\t\t\t\t\t\t\t\t\t\t\t\t\t\t\t\t\t<li>Kuchnia<\/li>\n\t\t\t\t\t\t\t\t\t\t\t\t\t\t\t\t\t\t\t\t<li>\u0141azienka<\/li>\n\t\t\t\t\t\t\t\t\t\t\t\t\t\t\t\t\t\t\t\t<li>Mieszkanie<\/li>\n\t\t\t\t\t\t\t\t\t\t\t\t\t\t\t\t\t\t\t\t<li>Pok\u00f3j<\/li>\n\t\t\t\t\t\t\t\t\t\t\t<\/ul>\n\t\t\t\t<\/div>\n\t\t\t\n\t\t\t<div class=\"wrap-title\">\n\t\t\t\t<h3 class=\"wd-entities-title\">\n\t\t\t\t\t<a href=\"https:\/\/www.wizualhome.pl\/projekt\/turkusowa-metamorfoza\/\" rel=\"bookmark\">Turkusowa metamorfoza<\/a>\n\t\t\t\t<\/h3>\n\t\t\t<\/div>\n\t\t<\/div>\n\t<\/header>\n<\/article>\n\t\t\t\t\t\t\t\t\n<article id=\"post-2497\" class=\"wd-project portfolio-entry wd-col masonry-item portfolio-hover-inverse proj-cat-kuchnia proj-cat-lazienka proj-cat-mieszkanie proj-cat-pokoj proj-cat-salon post-2497 portfolio type-portfolio status-publish has-post-thumbnail hentry project-cat-kuchnia project-cat-lazienka project-cat-mieszkanie project-cat-pokoj project-cat-salon\">\n\t<header class=\"entry-header\">\n\t\t\t\t\t<figure class=\"entry-thumbnail color-scheme-light\">\n\t\t\t\t<a href=\"https:\/\/www.wizualhome.pl\/projekt\/kawalerka-na-wynajem\/\" class=\"portfolio-thumbnail\">\n\t\t\t\t\t<img width=\"1024\" height=\"1024\" src=\"https:\/\/www.wizualhome.pl\/wp-content\/uploads\/2021\/02\/znaczek_2020.jpg\" class=\"attachment-large size-large wd-lazy-fade\" alt=\"\" decoding=\"async\" loading=\"lazy\" srcset=\"\" sizes=\"auto, (max-width: 1024px) 100vw, 1024px\" data-src=\"https:\/\/www.wizualhome.pl\/wp-content\/uploads\/2019\/04\/Brzeg_salon_05_kw-1024x1024.jpg\" data-srcset=\"https:\/\/www.wizualhome.pl\/wp-content\/uploads\/2019\/04\/Brzeg_salon_05_kw-1024x1024.jpg 1024w, https:\/\/www.wizualhome.pl\/wp-content\/uploads\/2019\/04\/Brzeg_salon_05_kw-150x150.jpg 150w, https:\/\/www.wizualhome.pl\/wp-content\/uploads\/2019\/04\/Brzeg_salon_05_kw-300x300.jpg 300w, https:\/\/www.wizualhome.pl\/wp-content\/uploads\/2019\/04\/Brzeg_salon_05_kw-768x768.jpg 768w, https:\/\/www.wizualhome.pl\/wp-content\/uploads\/2019\/04\/Brzeg_salon_05_kw-1200x1200.jpg 1200w, https:\/\/www.wizualhome.pl\/wp-content\/uploads\/2019\/04\/Brzeg_salon_05_kw-600x600.jpg 600w, https:\/\/www.wizualhome.pl\/wp-content\/uploads\/2019\/04\/Brzeg_salon_05_kw-100x100.jpg 100w, https:\/\/www.wizualhome.pl\/wp-content\/uploads\/2019\/04\/Brzeg_salon_05_kw.jpg 1280w\" \/>\t\t\t\t<\/a>\n\t\t\t\t<div class=\"wd-portfolio-btns\">\n\t\t\t\t\t<div class=\"portfolio-enlarge wd-action-btn wd-style-icon wd-enlarge-icon\">\n\t\t\t\t\t\t<a href=\"https:\/\/www.wizualhome.pl\/wp-content\/uploads\/2019\/04\/Brzeg_salon_05_kw.jpg\" data-elementor-open-lightbox=\"no\">View Large<\/a>\n\t\t\t\t\t<\/div>\n\t\t\t\t\t\t\t\t\t\t\t<div class=\"social-icons-wrapper wd-action-btn wd-style-icon wd-share-icon wd-tltp\">\n\t\t\t\t\t\t\t<a><\/a>\n\t\t\t\t\t\t\t<div class=\"tooltip left\">\n\t\t\t\t\t\t\t\t<div class=\"tooltip-arrow\"><\/div>\n\t\t\t\t\t\t\t\t<div class=\"tooltip-inner\">\n\t\t\t\t\t\t\t\t\t\t\t\t<div\n\t\t\t\t\t\tclass=\" wd-social-icons  wd-style-default wd-size-small social-share wd-shape-circle color-scheme-light text-center\">\n\t\t\t\t\n\t\t\t\t\n\t\t\t\t\t\t\t\t\t<a rel=\"noopener noreferrer nofollow\" href=\"https:\/\/www.facebook.com\/sharer\/sharer.php?u=https:\/\/www.wizualhome.pl\/projekt\/kawalerka-na-wynajem\/\" target=\"_blank\" class=\" wd-social-icon social-facebook\" aria-label=\"Facebook social link\">\n\t\t\t\t\t\t<span class=\"wd-icon\"><\/span>\n\t\t\t\t\t\t\t\t\t\t\t<\/a>\n\t\t\t\t\n\t\t\t\t\t\t\t\t\t<a rel=\"noopener noreferrer nofollow\" href=\"https:\/\/x.com\/share?url=https:\/\/www.wizualhome.pl\/projekt\/kawalerka-na-wynajem\/\" target=\"_blank\" class=\" wd-social-icon social-twitter\" aria-label=\"X social link\">\n\t\t\t\t\t\t<span class=\"wd-icon\"><\/span>\n\t\t\t\t\t\t\t\t\t\t\t<\/a>\n\t\t\t\t\n\t\t\t\t\n\t\t\t\t\t\t\t\t\t<a rel=\"noopener noreferrer nofollow\" href=\"mailto:?subject=Check%20this%20https:\/\/www.wizualhome.pl\/projekt\/kawalerka-na-wynajem\/\" target=\"_blank\" class=\" wd-social-icon social-email\" aria-label=\"Email social link\">\n\t\t\t\t\t\t<span class=\"wd-icon\"><\/span>\n\t\t\t\t\t\t\t\t\t\t\t<\/a>\n\t\t\t\t\n\t\t\t\t\n\t\t\t\t\n\t\t\t\t\n\t\t\t\t\t\t\t\t\t<a rel=\"noopener noreferrer nofollow\" href=\"https:\/\/pinterest.com\/pin\/create\/button\/?url=https:\/\/www.wizualhome.pl\/projekt\/kawalerka-na-wynajem\/&media=https:\/\/www.wizualhome.pl\/wp-content\/uploads\/2019\/04\/Brzeg_salon_05_kw.jpg&description=Kawalerka+na%26nbsp%3Bwynajem\" target=\"_blank\" class=\" wd-social-icon social-pinterest\" aria-label=\"Pinterest social link\">\n\t\t\t\t\t\t<span class=\"wd-icon\"><\/span>\n\t\t\t\t\t\t\t\t\t\t\t<\/a>\n\t\t\t\t\n\t\t\t\t\n\t\t\t\t\t\t\t\t\t<a rel=\"noopener noreferrer nofollow\" href=\"https:\/\/www.linkedin.com\/shareArticle?mini=true&url=https:\/\/www.wizualhome.pl\/projekt\/kawalerka-na-wynajem\/\" target=\"_blank\" class=\" wd-social-icon social-linkedin\" aria-label=\"Linkedin social link\">\n\t\t\t\t\t\t<span class=\"wd-icon\"><\/span>\n\t\t\t\t\t\t\t\t\t\t\t<\/a>\n\t\t\t\t\n\t\t\t\t\n\t\t\t\t\n\t\t\t\t\n\t\t\t\t\n\t\t\t\t\n\t\t\t\t\n\t\t\t\t\n\t\t\t\t\n\t\t\t\t\n\t\t\t\t\n\t\t\t\t\n\t\t\t\t\n\t\t\t\t\n\t\t\t\t\n\t\t\t\t\n\t\t\t\t\n\t\t\t<\/div>\n\n\t\t\t\t\t\t\t\t\t\t<\/div>\n\t\t\t\t\t\t\t<\/div>\n\t\t\t\t\t\t<\/div>\n\t\t\t\t\t\t\t\t\t<\/div>\n\t\t\t<\/figure>\n\t\t\n\t\t<div class=\"portfolio-info color-scheme-light\">\n\t\t\t\t\t\t\t<div class=\"wrap-meta\">\n\t\t\t\t\t<ul class=\"proj-cats-list\">\n\t\t\t\t\t\t\t\t\t\t\t\t\t\t\t\t\t\t\t\t<li>Kuchnia<\/li>\n\t\t\t\t\t\t\t\t\t\t\t\t\t\t\t\t\t\t\t\t<li>\u0141azienka<\/li>\n\t\t\t\t\t\t\t\t\t\t\t\t\t\t\t\t\t\t\t\t<li>Mieszkanie<\/li>\n\t\t\t\t\t\t\t\t\t\t\t\t\t\t\t\t\t\t\t\t<li>Pok\u00f3j<\/li>\n\t\t\t\t\t\t\t\t\t\t\t\t\t\t\t\t\t\t\t\t<li>Salon<\/li>\n\t\t\t\t\t\t\t\t\t\t\t<\/ul>\n\t\t\t\t<\/div>\n\t\t\t\n\t\t\t<div class=\"wrap-title\">\n\t\t\t\t<h3 class=\"wd-entities-title\">\n\t\t\t\t\t<a href=\"https:\/\/www.wizualhome.pl\/projekt\/kawalerka-na-wynajem\/\" rel=\"bookmark\">Kawalerka na&nbsp;wynajem<\/a>\n\t\t\t\t<\/h3>\n\t\t\t<\/div>\n\t\t<\/div>\n\t<\/header>\n<\/article>\n\t\t\t\t\t\t\t\t\n<article id=\"post-2486\" class=\"wd-project portfolio-entry wd-col masonry-item portfolio-hover-inverse proj-cat-lazienka proj-cat-wizualizacja post-2486 portfolio type-portfolio status-publish has-post-thumbnail hentry project-cat-lazienka project-cat-wizualizacja\">\n\t<header class=\"entry-header\">\n\t\t\t\t\t<figure class=\"entry-thumbnail color-scheme-light\">\n\t\t\t\t<a href=\"https:\/\/www.wizualhome.pl\/projekt\/lazienka-w-szarosciach\/\" class=\"portfolio-thumbnail\">\n\t\t\t\t\t<img width=\"1024\" height=\"1024\" src=\"https:\/\/www.wizualhome.pl\/wp-content\/uploads\/2021\/02\/znaczek_2020.jpg\" class=\"attachment-large size-large wd-lazy-fade\" alt=\"\" decoding=\"async\" loading=\"lazy\" srcset=\"\" sizes=\"auto, (max-width: 1024px) 100vw, 1024px\" data-src=\"https:\/\/www.wizualhome.pl\/wp-content\/uploads\/2019\/01\/Lazienka_w_szarosciach_KW-1024x1024.jpg\" data-srcset=\"https:\/\/www.wizualhome.pl\/wp-content\/uploads\/2019\/01\/Lazienka_w_szarosciach_KW-1024x1024.jpg 1024w, https:\/\/www.wizualhome.pl\/wp-content\/uploads\/2019\/01\/Lazienka_w_szarosciach_KW-600x600.jpg 600w, https:\/\/www.wizualhome.pl\/wp-content\/uploads\/2019\/01\/Lazienka_w_szarosciach_KW-150x150.jpg 150w, https:\/\/www.wizualhome.pl\/wp-content\/uploads\/2019\/01\/Lazienka_w_szarosciach_KW-300x300.jpg 300w, https:\/\/www.wizualhome.pl\/wp-content\/uploads\/2019\/01\/Lazienka_w_szarosciach_KW-768x768.jpg 768w, https:\/\/www.wizualhome.pl\/wp-content\/uploads\/2019\/01\/Lazienka_w_szarosciach_KW-100x100.jpg 100w, https:\/\/www.wizualhome.pl\/wp-content\/uploads\/2019\/01\/Lazienka_w_szarosciach_KW.jpg 1080w\" \/>\t\t\t\t<\/a>\n\t\t\t\t<div class=\"wd-portfolio-btns\">\n\t\t\t\t\t<div class=\"portfolio-enlarge wd-action-btn wd-style-icon wd-enlarge-icon\">\n\t\t\t\t\t\t<a href=\"https:\/\/www.wizualhome.pl\/wp-content\/uploads\/2019\/01\/Lazienka_w_szarosciach_KW.jpg\" data-elementor-open-lightbox=\"no\">View Large<\/a>\n\t\t\t\t\t<\/div>\n\t\t\t\t\t\t\t\t\t\t\t<div class=\"social-icons-wrapper wd-action-btn wd-style-icon wd-share-icon wd-tltp\">\n\t\t\t\t\t\t\t<a><\/a>\n\t\t\t\t\t\t\t<div class=\"tooltip left\">\n\t\t\t\t\t\t\t\t<div class=\"tooltip-arrow\"><\/div>\n\t\t\t\t\t\t\t\t<div class=\"tooltip-inner\">\n\t\t\t\t\t\t\t\t\t\t\t\t<div\n\t\t\t\t\t\tclass=\" wd-social-icons  wd-style-default wd-size-small social-share wd-shape-circle color-scheme-light text-center\">\n\t\t\t\t\n\t\t\t\t\n\t\t\t\t\t\t\t\t\t<a rel=\"noopener noreferrer nofollow\" href=\"https:\/\/www.facebook.com\/sharer\/sharer.php?u=https:\/\/www.wizualhome.pl\/projekt\/lazienka-w-szarosciach\/\" target=\"_blank\" class=\" wd-social-icon social-facebook\" aria-label=\"Facebook social link\">\n\t\t\t\t\t\t<span class=\"wd-icon\"><\/span>\n\t\t\t\t\t\t\t\t\t\t\t<\/a>\n\t\t\t\t\n\t\t\t\t\t\t\t\t\t<a rel=\"noopener noreferrer nofollow\" href=\"https:\/\/x.com\/share?url=https:\/\/www.wizualhome.pl\/projekt\/lazienka-w-szarosciach\/\" target=\"_blank\" class=\" wd-social-icon social-twitter\" aria-label=\"X social link\">\n\t\t\t\t\t\t<span class=\"wd-icon\"><\/span>\n\t\t\t\t\t\t\t\t\t\t\t<\/a>\n\t\t\t\t\n\t\t\t\t\n\t\t\t\t\t\t\t\t\t<a rel=\"noopener noreferrer nofollow\" href=\"mailto:?subject=Check%20this%20https:\/\/www.wizualhome.pl\/projekt\/lazienka-w-szarosciach\/\" target=\"_blank\" class=\" wd-social-icon social-email\" aria-label=\"Email social link\">\n\t\t\t\t\t\t<span class=\"wd-icon\"><\/span>\n\t\t\t\t\t\t\t\t\t\t\t<\/a>\n\t\t\t\t\n\t\t\t\t\n\t\t\t\t\n\t\t\t\t\n\t\t\t\t\t\t\t\t\t<a rel=\"noopener noreferrer nofollow\" href=\"https:\/\/pinterest.com\/pin\/create\/button\/?url=https:\/\/www.wizualhome.pl\/projekt\/lazienka-w-szarosciach\/&media=https:\/\/www.wizualhome.pl\/wp-content\/uploads\/2019\/01\/Lazienka_w_szarosciach_KW.jpg&description=%C5%81azienka+w%26nbsp%3Bszaro%C5%9Bciach\" target=\"_blank\" class=\" wd-social-icon social-pinterest\" aria-label=\"Pinterest social link\">\n\t\t\t\t\t\t<span class=\"wd-icon\"><\/span>\n\t\t\t\t\t\t\t\t\t\t\t<\/a>\n\t\t\t\t\n\t\t\t\t\n\t\t\t\t\t\t\t\t\t<a rel=\"noopener noreferrer nofollow\" href=\"https:\/\/www.linkedin.com\/shareArticle?mini=true&url=https:\/\/www.wizualhome.pl\/projekt\/lazienka-w-szarosciach\/\" target=\"_blank\" class=\" wd-social-icon social-linkedin\" aria-label=\"Linkedin social link\">\n\t\t\t\t\t\t<span class=\"wd-icon\"><\/span>\n\t\t\t\t\t\t\t\t\t\t\t<\/a>\n\t\t\t\t\n\t\t\t\t\n\t\t\t\t\n\t\t\t\t\n\t\t\t\t\n\t\t\t\t\n\t\t\t\t\n\t\t\t\t\n\t\t\t\t\n\t\t\t\t\n\t\t\t\t\n\t\t\t\t\n\t\t\t\t\n\t\t\t\t\n\t\t\t\t\n\t\t\t\t\n\t\t\t\t\n\t\t\t<\/div>\n\n\t\t\t\t\t\t\t\t\t\t<\/div>\n\t\t\t\t\t\t\t<\/div>\n\t\t\t\t\t\t<\/div>\n\t\t\t\t\t\t\t\t\t<\/div>\n\t\t\t<\/figure>\n\t\t\n\t\t<div class=\"portfolio-info color-scheme-light\">\n\t\t\t\t\t\t\t<div class=\"wrap-meta\">\n\t\t\t\t\t<ul class=\"proj-cats-list\">\n\t\t\t\t\t\t\t\t\t\t\t\t\t\t\t\t\t\t\t\t<li>\u0141azienka<\/li>\n\t\t\t\t\t\t\t\t\t\t\t\t\t\t\t\t\t\t\t\t<li>Wizualizacja<\/li>\n\t\t\t\t\t\t\t\t\t\t\t<\/ul>\n\t\t\t\t<\/div>\n\t\t\t\n\t\t\t<div class=\"wrap-title\">\n\t\t\t\t<h3 class=\"wd-entities-title\">\n\t\t\t\t\t<a href=\"https:\/\/www.wizualhome.pl\/projekt\/lazienka-w-szarosciach\/\" rel=\"bookmark\">\u0141azienka w&nbsp;szaro\u015bciach<\/a>\n\t\t\t\t<\/h3>\n\t\t\t<\/div>\n\t\t<\/div>\n\t<\/header>\n<\/article>\n\t\t\t\t\t\t\t\t\n<article id=\"post-2365\" class=\"wd-project portfolio-entry wd-col masonry-item portfolio-hover-inverse proj-cat-kuchnia proj-cat-lazienka proj-cat-wizualizacja post-2365 portfolio type-portfolio status-publish has-post-thumbnail hentry project-cat-kuchnia project-cat-lazienka project-cat-wizualizacja\">\n\t<header class=\"entry-header\">\n\t\t\t\t\t<figure class=\"entry-thumbnail color-scheme-light\">\n\t\t\t\t<a href=\"https:\/\/www.wizualhome.pl\/projekt\/kuchnia-i-lazienka-w-brazach\/\" class=\"portfolio-thumbnail\">\n\t\t\t\t\t<img width=\"1024\" height=\"1024\" src=\"https:\/\/www.wizualhome.pl\/wp-content\/uploads\/2021\/02\/znaczek_2020.jpg\" class=\"attachment-large size-large wd-lazy-fade\" alt=\"\" decoding=\"async\" loading=\"lazy\" srcset=\"\" sizes=\"auto, (max-width: 1024px) 100vw, 1024px\" data-src=\"https:\/\/www.wizualhome.pl\/wp-content\/uploads\/2018\/10\/kuchnia_w_brazach_KW-1024x1024.jpg\" data-srcset=\"https:\/\/www.wizualhome.pl\/wp-content\/uploads\/2018\/10\/kuchnia_w_brazach_KW-1024x1024.jpg 1024w, https:\/\/www.wizualhome.pl\/wp-content\/uploads\/2018\/10\/kuchnia_w_brazach_KW-600x600.jpg 600w, https:\/\/www.wizualhome.pl\/wp-content\/uploads\/2018\/10\/kuchnia_w_brazach_KW-100x100.jpg 100w, https:\/\/www.wizualhome.pl\/wp-content\/uploads\/2018\/10\/kuchnia_w_brazach_KW-1200x1200.jpg 1200w, https:\/\/www.wizualhome.pl\/wp-content\/uploads\/2018\/10\/kuchnia_w_brazach_KW-150x150.jpg 150w, https:\/\/www.wizualhome.pl\/wp-content\/uploads\/2018\/10\/kuchnia_w_brazach_KW-300x300.jpg 300w, https:\/\/www.wizualhome.pl\/wp-content\/uploads\/2018\/10\/kuchnia_w_brazach_KW-768x768.jpg 768w, https:\/\/www.wizualhome.pl\/wp-content\/uploads\/2018\/10\/kuchnia_w_brazach_KW.jpg 1536w\" \/>\t\t\t\t<\/a>\n\t\t\t\t<div class=\"wd-portfolio-btns\">\n\t\t\t\t\t<div class=\"portfolio-enlarge wd-action-btn wd-style-icon wd-enlarge-icon\">\n\t\t\t\t\t\t<a href=\"https:\/\/www.wizualhome.pl\/wp-content\/uploads\/2018\/10\/kuchnia_w_brazach_KW.jpg\" data-elementor-open-lightbox=\"no\">View Large<\/a>\n\t\t\t\t\t<\/div>\n\t\t\t\t\t\t\t\t\t\t\t<div class=\"social-icons-wrapper wd-action-btn wd-style-icon wd-share-icon wd-tltp\">\n\t\t\t\t\t\t\t<a><\/a>\n\t\t\t\t\t\t\t<div class=\"tooltip left\">\n\t\t\t\t\t\t\t\t<div class=\"tooltip-arrow\"><\/div>\n\t\t\t\t\t\t\t\t<div class=\"tooltip-inner\">\n\t\t\t\t\t\t\t\t\t\t\t\t<div\n\t\t\t\t\t\tclass=\" wd-social-icons  wd-style-default wd-size-small social-share wd-shape-circle color-scheme-light text-center\">\n\t\t\t\t\n\t\t\t\t\n\t\t\t\t\t\t\t\t\t<a rel=\"noopener noreferrer nofollow\" href=\"https:\/\/www.facebook.com\/sharer\/sharer.php?u=https:\/\/www.wizualhome.pl\/projekt\/kuchnia-i-lazienka-w-brazach\/\" target=\"_blank\" class=\" wd-social-icon social-facebook\" aria-label=\"Facebook social link\">\n\t\t\t\t\t\t<span class=\"wd-icon\"><\/span>\n\t\t\t\t\t\t\t\t\t\t\t<\/a>\n\t\t\t\t\n\t\t\t\t\t\t\t\t\t<a rel=\"noopener noreferrer nofollow\" href=\"https:\/\/x.com\/share?url=https:\/\/www.wizualhome.pl\/projekt\/kuchnia-i-lazienka-w-brazach\/\" target=\"_blank\" class=\" wd-social-icon social-twitter\" aria-label=\"X social link\">\n\t\t\t\t\t\t<span class=\"wd-icon\"><\/span>\n\t\t\t\t\t\t\t\t\t\t\t<\/a>\n\t\t\t\t\n\t\t\t\t\n\t\t\t\t\t\t\t\t\t<a rel=\"noopener noreferrer nofollow\" href=\"mailto:?subject=Check%20this%20https:\/\/www.wizualhome.pl\/projekt\/kuchnia-i-lazienka-w-brazach\/\" target=\"_blank\" class=\" wd-social-icon social-email\" aria-label=\"Email social link\">\n\t\t\t\t\t\t<span class=\"wd-icon\"><\/span>\n\t\t\t\t\t\t\t\t\t\t\t<\/a>\n\t\t\t\t\n\t\t\t\t\n\t\t\t\t\n\t\t\t\t\n\t\t\t\t\t\t\t\t\t<a rel=\"noopener noreferrer nofollow\" href=\"https:\/\/pinterest.com\/pin\/create\/button\/?url=https:\/\/www.wizualhome.pl\/projekt\/kuchnia-i-lazienka-w-brazach\/&media=https:\/\/www.wizualhome.pl\/wp-content\/uploads\/2018\/10\/kuchnia_w_brazach_KW.jpg&description=Kuchnia+i%26nbsp%3B%C5%82azienka+w%26nbsp%3Bbr%C4%85zach\" target=\"_blank\" class=\" wd-social-icon social-pinterest\" aria-label=\"Pinterest social link\">\n\t\t\t\t\t\t<span class=\"wd-icon\"><\/span>\n\t\t\t\t\t\t\t\t\t\t\t<\/a>\n\t\t\t\t\n\t\t\t\t\n\t\t\t\t\t\t\t\t\t<a rel=\"noopener noreferrer nofollow\" href=\"https:\/\/www.linkedin.com\/shareArticle?mini=true&url=https:\/\/www.wizualhome.pl\/projekt\/kuchnia-i-lazienka-w-brazach\/\" target=\"_blank\" class=\" wd-social-icon social-linkedin\" aria-label=\"Linkedin social link\">\n\t\t\t\t\t\t<span class=\"wd-icon\"><\/span>\n\t\t\t\t\t\t\t\t\t\t\t<\/a>\n\t\t\t\t\n\t\t\t\t\n\t\t\t\t\n\t\t\t\t\n\t\t\t\t\n\t\t\t\t\n\t\t\t\t\n\t\t\t\t\n\t\t\t\t\n\t\t\t\t\n\t\t\t\t\n\t\t\t\t\n\t\t\t\t\n\t\t\t\t\n\t\t\t\t\n\t\t\t\t\n\t\t\t\t\n\t\t\t<\/div>\n\n\t\t\t\t\t\t\t\t\t\t<\/div>\n\t\t\t\t\t\t\t<\/div>\n\t\t\t\t\t\t<\/div>\n\t\t\t\t\t\t\t\t\t<\/div>\n\t\t\t<\/figure>\n\t\t\n\t\t<div class=\"portfolio-info color-scheme-light\">\n\t\t\t\t\t\t\t<div class=\"wrap-meta\">\n\t\t\t\t\t<ul class=\"proj-cats-list\">\n\t\t\t\t\t\t\t\t\t\t\t\t\t\t\t\t\t\t\t\t<li>Kuchnia<\/li>\n\t\t\t\t\t\t\t\t\t\t\t\t\t\t\t\t\t\t\t\t<li>\u0141azienka<\/li>\n\t\t\t\t\t\t\t\t\t\t\t\t\t\t\t\t\t\t\t\t<li>Wizualizacja<\/li>\n\t\t\t\t\t\t\t\t\t\t\t<\/ul>\n\t\t\t\t<\/div>\n\t\t\t\n\t\t\t<div class=\"wrap-title\">\n\t\t\t\t<h3 class=\"wd-entities-title\">\n\t\t\t\t\t<a href=\"https:\/\/www.wizualhome.pl\/projekt\/kuchnia-i-lazienka-w-brazach\/\" rel=\"bookmark\">Kuchnia i&nbsp;\u0142azienka w&nbsp;br\u0105zach<\/a>\n\t\t\t\t<\/h3>\n\t\t\t<\/div>\n\t\t<\/div>\n\t<\/header>\n<\/article>\n\t\t\t\t\t\t\t\t\n<article id=\"post-2345\" class=\"wd-project portfolio-entry wd-col masonry-item portfolio-hover-inverse proj-cat-kuchnia proj-cat-lazienka proj-cat-wizualizacja post-2345 portfolio type-portfolio status-publish has-post-thumbnail hentry project-cat-kuchnia project-cat-lazienka project-cat-wizualizacja\">\n\t<header class=\"entry-header\">\n\t\t\t\t\t<figure class=\"entry-thumbnail color-scheme-light\">\n\t\t\t\t<a href=\"https:\/\/www.wizualhome.pl\/projekt\/kuchnia-i-lazienki-w-pastelach\/\" class=\"portfolio-thumbnail\">\n\t\t\t\t\t<img width=\"1024\" height=\"1024\" src=\"https:\/\/www.wizualhome.pl\/wp-content\/uploads\/2021\/02\/znaczek_2020.jpg\" class=\"attachment-large size-large wd-lazy-fade\" alt=\"\" decoding=\"async\" loading=\"lazy\" srcset=\"\" sizes=\"auto, (max-width: 1024px) 100vw, 1024px\" data-src=\"https:\/\/www.wizualhome.pl\/wp-content\/uploads\/2018\/10\/Bierkowice_kw-1024x1024.jpg\" data-srcset=\"https:\/\/www.wizualhome.pl\/wp-content\/uploads\/2018\/10\/Bierkowice_kw-1024x1024.jpg 1024w, https:\/\/www.wizualhome.pl\/wp-content\/uploads\/2018\/10\/Bierkowice_kw-600x600.jpg 600w, https:\/\/www.wizualhome.pl\/wp-content\/uploads\/2018\/10\/Bierkowice_kw-100x100.jpg 100w, https:\/\/www.wizualhome.pl\/wp-content\/uploads\/2018\/10\/Bierkowice_kw-150x150.jpg 150w, https:\/\/www.wizualhome.pl\/wp-content\/uploads\/2018\/10\/Bierkowice_kw-300x300.jpg 300w, https:\/\/www.wizualhome.pl\/wp-content\/uploads\/2018\/10\/Bierkowice_kw-768x768.jpg 768w, https:\/\/www.wizualhome.pl\/wp-content\/uploads\/2018\/10\/Bierkowice_kw.jpg 1080w\" \/>\t\t\t\t<\/a>\n\t\t\t\t<div class=\"wd-portfolio-btns\">\n\t\t\t\t\t<div class=\"portfolio-enlarge wd-action-btn wd-style-icon wd-enlarge-icon\">\n\t\t\t\t\t\t<a href=\"https:\/\/www.wizualhome.pl\/wp-content\/uploads\/2018\/10\/Bierkowice_kw.jpg\" data-elementor-open-lightbox=\"no\">View Large<\/a>\n\t\t\t\t\t<\/div>\n\t\t\t\t\t\t\t\t\t\t\t<div class=\"social-icons-wrapper wd-action-btn wd-style-icon wd-share-icon wd-tltp\">\n\t\t\t\t\t\t\t<a><\/a>\n\t\t\t\t\t\t\t<div class=\"tooltip left\">\n\t\t\t\t\t\t\t\t<div class=\"tooltip-arrow\"><\/div>\n\t\t\t\t\t\t\t\t<div class=\"tooltip-inner\">\n\t\t\t\t\t\t\t\t\t\t\t\t<div\n\t\t\t\t\t\tclass=\" wd-social-icons  wd-style-default wd-size-small social-share wd-shape-circle color-scheme-light text-center\">\n\t\t\t\t\n\t\t\t\t\n\t\t\t\t\t\t\t\t\t<a rel=\"noopener noreferrer nofollow\" href=\"https:\/\/www.facebook.com\/sharer\/sharer.php?u=https:\/\/www.wizualhome.pl\/projekt\/kuchnia-i-lazienki-w-pastelach\/\" target=\"_blank\" class=\" wd-social-icon social-facebook\" aria-label=\"Facebook social link\">\n\t\t\t\t\t\t<span class=\"wd-icon\"><\/span>\n\t\t\t\t\t\t\t\t\t\t\t<\/a>\n\t\t\t\t\n\t\t\t\t\t\t\t\t\t<a rel=\"noopener noreferrer nofollow\" href=\"https:\/\/x.com\/share?url=https:\/\/www.wizualhome.pl\/projekt\/kuchnia-i-lazienki-w-pastelach\/\" target=\"_blank\" class=\" wd-social-icon social-twitter\" aria-label=\"X social link\">\n\t\t\t\t\t\t<span class=\"wd-icon\"><\/span>\n\t\t\t\t\t\t\t\t\t\t\t<\/a>\n\t\t\t\t\n\t\t\t\t\n\t\t\t\t\t\t\t\t\t<a rel=\"noopener noreferrer nofollow\" href=\"mailto:?subject=Check%20this%20https:\/\/www.wizualhome.pl\/projekt\/kuchnia-i-lazienki-w-pastelach\/\" target=\"_blank\" class=\" wd-social-icon social-email\" aria-label=\"Email social link\">\n\t\t\t\t\t\t<span class=\"wd-icon\"><\/span>\n\t\t\t\t\t\t\t\t\t\t\t<\/a>\n\t\t\t\t\n\t\t\t\t\n\t\t\t\t\n\t\t\t\t\n\t\t\t\t\t\t\t\t\t<a rel=\"noopener noreferrer nofollow\" href=\"https:\/\/pinterest.com\/pin\/create\/button\/?url=https:\/\/www.wizualhome.pl\/projekt\/kuchnia-i-lazienki-w-pastelach\/&media=https:\/\/www.wizualhome.pl\/wp-content\/uploads\/2018\/10\/Bierkowice_kw.jpg&description=Kuchnia+i%26nbsp%3B%C5%82azienki+w%26nbsp%3Bpastelach\" target=\"_blank\" class=\" wd-social-icon social-pinterest\" aria-label=\"Pinterest social link\">\n\t\t\t\t\t\t<span class=\"wd-icon\"><\/span>\n\t\t\t\t\t\t\t\t\t\t\t<\/a>\n\t\t\t\t\n\t\t\t\t\n\t\t\t\t\t\t\t\t\t<a rel=\"noopener noreferrer nofollow\" href=\"https:\/\/www.linkedin.com\/shareArticle?mini=true&url=https:\/\/www.wizualhome.pl\/projekt\/kuchnia-i-lazienki-w-pastelach\/\" target=\"_blank\" class=\" wd-social-icon social-linkedin\" aria-label=\"Linkedin social link\">\n\t\t\t\t\t\t<span class=\"wd-icon\"><\/span>\n\t\t\t\t\t\t\t\t\t\t\t<\/a>\n\t\t\t\t\n\t\t\t\t\n\t\t\t\t\n\t\t\t\t\n\t\t\t\t\n\t\t\t\t\n\t\t\t\t\n\t\t\t\t\n\t\t\t\t\n\t\t\t\t\n\t\t\t\t\n\t\t\t\t\n\t\t\t\t\n\t\t\t\t\n\t\t\t\t\n\t\t\t\t\n\t\t\t\t\n\t\t\t<\/div>\n\n\t\t\t\t\t\t\t\t\t\t<\/div>\n\t\t\t\t\t\t\t<\/div>\n\t\t\t\t\t\t<\/div>\n\t\t\t\t\t\t\t\t\t<\/div>\n\t\t\t<\/figure>\n\t\t\n\t\t<div class=\"portfolio-info color-scheme-light\">\n\t\t\t\t\t\t\t<div class=\"wrap-meta\">\n\t\t\t\t\t<ul class=\"proj-cats-list\">\n\t\t\t\t\t\t\t\t\t\t\t\t\t\t\t\t\t\t\t\t<li>Kuchnia<\/li>\n\t\t\t\t\t\t\t\t\t\t\t\t\t\t\t\t\t\t\t\t<li>\u0141azienka<\/li>\n\t\t\t\t\t\t\t\t\t\t\t\t\t\t\t\t\t\t\t\t<li>Wizualizacja<\/li>\n\t\t\t\t\t\t\t\t\t\t\t<\/ul>\n\t\t\t\t<\/div>\n\t\t\t\n\t\t\t<div class=\"wrap-title\">\n\t\t\t\t<h3 class=\"wd-entities-title\">\n\t\t\t\t\t<a href=\"https:\/\/www.wizualhome.pl\/projekt\/kuchnia-i-lazienki-w-pastelach\/\" rel=\"bookmark\">Kuchnia i&nbsp;\u0142azienki w&nbsp;pastelach<\/a>\n\t\t\t\t<\/h3>\n\t\t\t<\/div>\n\t\t<\/div>\n\t<\/header>\n<\/article>\n\t\t\t\t\t\t\t\t\n<article id=\"post-2304\" class=\"wd-project portfolio-entry wd-col masonry-item portfolio-hover-inverse proj-cat-jadalnia proj-cat-kuchnia proj-cat-lazienka proj-cat-mieszkanie proj-cat-salon proj-cat-wizualizacja post-2304 portfolio type-portfolio status-publish has-post-thumbnail hentry project-cat-jadalnia project-cat-kuchnia project-cat-lazienka project-cat-mieszkanie project-cat-salon project-cat-wizualizacja\">\n\t<header class=\"entry-header\">\n\t\t\t\t\t<figure class=\"entry-thumbnail color-scheme-light\">\n\t\t\t\t<a href=\"https:\/\/www.wizualhome.pl\/projekt\/mieszkanie-w-stylu-industrialnym\/\" class=\"portfolio-thumbnail\">\n\t\t\t\t\t<img width=\"1024\" height=\"1024\" src=\"https:\/\/www.wizualhome.pl\/wp-content\/uploads\/2021\/02\/znaczek_2020.jpg\" class=\"attachment-large size-large wd-lazy-fade\" alt=\"\" decoding=\"async\" loading=\"lazy\" srcset=\"\" sizes=\"auto, (max-width: 1024px) 100vw, 1024px\" data-src=\"https:\/\/www.wizualhome.pl\/wp-content\/uploads\/2018\/06\/wizualizacja_01_kw-1024x1024.jpg\" data-srcset=\"https:\/\/www.wizualhome.pl\/wp-content\/uploads\/2018\/06\/wizualizacja_01_kw-1024x1024.jpg 1024w, https:\/\/www.wizualhome.pl\/wp-content\/uploads\/2018\/06\/wizualizacja_01_kw-600x600.jpg 600w, https:\/\/www.wizualhome.pl\/wp-content\/uploads\/2018\/06\/wizualizacja_01_kw-100x100.jpg 100w, https:\/\/www.wizualhome.pl\/wp-content\/uploads\/2018\/06\/wizualizacja_01_kw-150x150.jpg 150w, https:\/\/www.wizualhome.pl\/wp-content\/uploads\/2018\/06\/wizualizacja_01_kw-300x300.jpg 300w, https:\/\/www.wizualhome.pl\/wp-content\/uploads\/2018\/06\/wizualizacja_01_kw-768x768.jpg 768w, https:\/\/www.wizualhome.pl\/wp-content\/uploads\/2018\/06\/wizualizacja_01_kw.jpg 1103w\" \/>\t\t\t\t<\/a>\n\t\t\t\t<div class=\"wd-portfolio-btns\">\n\t\t\t\t\t<div class=\"portfolio-enlarge wd-action-btn wd-style-icon wd-enlarge-icon\">\n\t\t\t\t\t\t<a href=\"https:\/\/www.wizualhome.pl\/wp-content\/uploads\/2018\/06\/wizualizacja_01_kw.jpg\" data-elementor-open-lightbox=\"no\">View Large<\/a>\n\t\t\t\t\t<\/div>\n\t\t\t\t\t\t\t\t\t\t\t<div class=\"social-icons-wrapper wd-action-btn wd-style-icon wd-share-icon wd-tltp\">\n\t\t\t\t\t\t\t<a><\/a>\n\t\t\t\t\t\t\t<div class=\"tooltip left\">\n\t\t\t\t\t\t\t\t<div class=\"tooltip-arrow\"><\/div>\n\t\t\t\t\t\t\t\t<div class=\"tooltip-inner\">\n\t\t\t\t\t\t\t\t\t\t\t\t<div\n\t\t\t\t\t\tclass=\" wd-social-icons  wd-style-default wd-size-small social-share wd-shape-circle color-scheme-light text-center\">\n\t\t\t\t\n\t\t\t\t\n\t\t\t\t\t\t\t\t\t<a rel=\"noopener noreferrer nofollow\" href=\"https:\/\/www.facebook.com\/sharer\/sharer.php?u=https:\/\/www.wizualhome.pl\/projekt\/mieszkanie-w-stylu-industrialnym\/\" target=\"_blank\" class=\" wd-social-icon social-facebook\" aria-label=\"Facebook social link\">\n\t\t\t\t\t\t<span class=\"wd-icon\"><\/span>\n\t\t\t\t\t\t\t\t\t\t\t<\/a>\n\t\t\t\t\n\t\t\t\t\t\t\t\t\t<a rel=\"noopener noreferrer nofollow\" href=\"https:\/\/x.com\/share?url=https:\/\/www.wizualhome.pl\/projekt\/mieszkanie-w-stylu-industrialnym\/\" target=\"_blank\" class=\" wd-social-icon social-twitter\" aria-label=\"X social link\">\n\t\t\t\t\t\t<span class=\"wd-icon\"><\/span>\n\t\t\t\t\t\t\t\t\t\t\t<\/a>\n\t\t\t\t\n\t\t\t\t\n\t\t\t\t\t\t\t\t\t<a rel=\"noopener noreferrer nofollow\" href=\"mailto:?subject=Check%20this%20https:\/\/www.wizualhome.pl\/projekt\/mieszkanie-w-stylu-industrialnym\/\" target=\"_blank\" class=\" wd-social-icon social-email\" aria-label=\"Email social link\">\n\t\t\t\t\t\t<span class=\"wd-icon\"><\/span>\n\t\t\t\t\t\t\t\t\t\t\t<\/a>\n\t\t\t\t\n\t\t\t\t\n\t\t\t\t\n\t\t\t\t\n\t\t\t\t\t\t\t\t\t<a rel=\"noopener noreferrer nofollow\" href=\"https:\/\/pinterest.com\/pin\/create\/button\/?url=https:\/\/www.wizualhome.pl\/projekt\/mieszkanie-w-stylu-industrialnym\/&media=https:\/\/www.wizualhome.pl\/wp-content\/uploads\/2018\/06\/wizualizacja_01_kw.jpg&description=Mieszkanie+w%26nbsp%3Bstylu+industrialnym\" target=\"_blank\" class=\" wd-social-icon social-pinterest\" aria-label=\"Pinterest social link\">\n\t\t\t\t\t\t<span class=\"wd-icon\"><\/span>\n\t\t\t\t\t\t\t\t\t\t\t<\/a>\n\t\t\t\t\n\t\t\t\t\n\t\t\t\t\t\t\t\t\t<a rel=\"noopener noreferrer nofollow\" href=\"https:\/\/www.linkedin.com\/shareArticle?mini=true&url=https:\/\/www.wizualhome.pl\/projekt\/mieszkanie-w-stylu-industrialnym\/\" target=\"_blank\" class=\" wd-social-icon social-linkedin\" aria-label=\"Linkedin social link\">\n\t\t\t\t\t\t<span class=\"wd-icon\"><\/span>\n\t\t\t\t\t\t\t\t\t\t\t<\/a>\n\t\t\t\t\n\t\t\t\t\n\t\t\t\t\n\t\t\t\t\n\t\t\t\t\n\t\t\t\t\n\t\t\t\t\n\t\t\t\t\n\t\t\t\t\n\t\t\t\t\n\t\t\t\t\n\t\t\t\t\n\t\t\t\t\n\t\t\t\t\n\t\t\t\t\n\t\t\t\t\n\t\t\t\t\n\t\t\t<\/div>\n\n\t\t\t\t\t\t\t\t\t\t<\/div>\n\t\t\t\t\t\t\t<\/div>\n\t\t\t\t\t\t<\/div>\n\t\t\t\t\t\t\t\t\t<\/div>\n\t\t\t<\/figure>\n\t\t\n\t\t<div class=\"portfolio-info color-scheme-light\">\n\t\t\t\t\t\t\t<div class=\"wrap-meta\">\n\t\t\t\t\t<ul class=\"proj-cats-list\">\n\t\t\t\t\t\t\t\t\t\t\t\t\t\t\t\t\t\t\t\t<li>Jadalnia<\/li>\n\t\t\t\t\t\t\t\t\t\t\t\t\t\t\t\t\t\t\t\t<li>Kuchnia<\/li>\n\t\t\t\t\t\t\t\t\t\t\t\t\t\t\t\t\t\t\t\t<li>\u0141azienka<\/li>\n\t\t\t\t\t\t\t\t\t\t\t\t\t\t\t\t\t\t\t\t<li>Mieszkanie<\/li>\n\t\t\t\t\t\t\t\t\t\t\t\t\t\t\t\t\t\t\t\t<li>Salon<\/li>\n\t\t\t\t\t\t\t\t\t\t\t\t\t\t\t\t\t\t\t\t<li>Wizualizacja<\/li>\n\t\t\t\t\t\t\t\t\t\t\t<\/ul>\n\t\t\t\t<\/div>\n\t\t\t\n\t\t\t<div class=\"wrap-title\">\n\t\t\t\t<h3 class=\"wd-entities-title\">\n\t\t\t\t\t<a href=\"https:\/\/www.wizualhome.pl\/projekt\/mieszkanie-w-stylu-industrialnym\/\" rel=\"bookmark\">Mieszkanie w&nbsp;stylu industrialnym<\/a>\n\t\t\t\t<\/h3>\n\t\t\t<\/div>\n\t\t<\/div>\n\t<\/header>\n<\/article>\n\t\t\t\t\t\t\t\t\n<article id=\"post-2259\" class=\"wd-project portfolio-entry wd-col masonry-item portfolio-hover-inverse proj-cat-jadalnia proj-cat-kuchnia proj-cat-lazienka proj-cat-mieszkanie post-2259 portfolio type-portfolio status-publish has-post-thumbnail hentry project-cat-jadalnia project-cat-kuchnia project-cat-lazienka project-cat-mieszkanie\">\n\t<header class=\"entry-header\">\n\t\t\t\t\t<figure class=\"entry-thumbnail color-scheme-light\">\n\t\t\t\t<a href=\"https:\/\/www.wizualhome.pl\/projekt\/mieszkanie-na-wynajem\/\" class=\"portfolio-thumbnail\">\n\t\t\t\t\t<img width=\"1024\" height=\"1024\" src=\"https:\/\/www.wizualhome.pl\/wp-content\/uploads\/2021\/02\/znaczek_2020.jpg\" class=\"attachment-large size-large wd-lazy-fade\" alt=\"\" decoding=\"async\" loading=\"lazy\" srcset=\"\" sizes=\"auto, (max-width: 1024px) 100vw, 1024px\" data-src=\"https:\/\/www.wizualhome.pl\/wp-content\/uploads\/2018\/04\/Mieszkanie_na_wynajem_kwadrat-1-1024x1024.jpg\" data-srcset=\"https:\/\/www.wizualhome.pl\/wp-content\/uploads\/2018\/04\/Mieszkanie_na_wynajem_kwadrat-1-1024x1024.jpg 1024w, https:\/\/www.wizualhome.pl\/wp-content\/uploads\/2018\/04\/Mieszkanie_na_wynajem_kwadrat-1-600x600.jpg 600w, https:\/\/www.wizualhome.pl\/wp-content\/uploads\/2018\/04\/Mieszkanie_na_wynajem_kwadrat-1-100x100.jpg 100w, https:\/\/www.wizualhome.pl\/wp-content\/uploads\/2018\/04\/Mieszkanie_na_wynajem_kwadrat-1-150x150.jpg 150w, https:\/\/www.wizualhome.pl\/wp-content\/uploads\/2018\/04\/Mieszkanie_na_wynajem_kwadrat-1-300x300.jpg 300w, https:\/\/www.wizualhome.pl\/wp-content\/uploads\/2018\/04\/Mieszkanie_na_wynajem_kwadrat-1-768x768.jpg 768w, https:\/\/www.wizualhome.pl\/wp-content\/uploads\/2018\/04\/Mieszkanie_na_wynajem_kwadrat-1.jpg 1103w\" \/>\t\t\t\t<\/a>\n\t\t\t\t<div class=\"wd-portfolio-btns\">\n\t\t\t\t\t<div class=\"portfolio-enlarge wd-action-btn wd-style-icon wd-enlarge-icon\">\n\t\t\t\t\t\t<a href=\"https:\/\/www.wizualhome.pl\/wp-content\/uploads\/2018\/04\/Mieszkanie_na_wynajem_kwadrat-1.jpg\" data-elementor-open-lightbox=\"no\">View Large<\/a>\n\t\t\t\t\t<\/div>\n\t\t\t\t\t\t\t\t\t\t\t<div class=\"social-icons-wrapper wd-action-btn wd-style-icon wd-share-icon wd-tltp\">\n\t\t\t\t\t\t\t<a><\/a>\n\t\t\t\t\t\t\t<div class=\"tooltip left\">\n\t\t\t\t\t\t\t\t<div class=\"tooltip-arrow\"><\/div>\n\t\t\t\t\t\t\t\t<div class=\"tooltip-inner\">\n\t\t\t\t\t\t\t\t\t\t\t\t<div\n\t\t\t\t\t\tclass=\" wd-social-icons  wd-style-default wd-size-small social-share wd-shape-circle color-scheme-light text-center\">\n\t\t\t\t\n\t\t\t\t\n\t\t\t\t\t\t\t\t\t<a rel=\"noopener noreferrer nofollow\" href=\"https:\/\/www.facebook.com\/sharer\/sharer.php?u=https:\/\/www.wizualhome.pl\/projekt\/mieszkanie-na-wynajem\/\" target=\"_blank\" class=\" wd-social-icon social-facebook\" aria-label=\"Facebook social link\">\n\t\t\t\t\t\t<span class=\"wd-icon\"><\/span>\n\t\t\t\t\t\t\t\t\t\t\t<\/a>\n\t\t\t\t\n\t\t\t\t\t\t\t\t\t<a rel=\"noopener noreferrer nofollow\" href=\"https:\/\/x.com\/share?url=https:\/\/www.wizualhome.pl\/projekt\/mieszkanie-na-wynajem\/\" target=\"_blank\" class=\" wd-social-icon social-twitter\" aria-label=\"X social link\">\n\t\t\t\t\t\t<span class=\"wd-icon\"><\/span>\n\t\t\t\t\t\t\t\t\t\t\t<\/a>\n\t\t\t\t\n\t\t\t\t\n\t\t\t\t\t\t\t\t\t<a rel=\"noopener noreferrer nofollow\" href=\"mailto:?subject=Check%20this%20https:\/\/www.wizualhome.pl\/projekt\/mieszkanie-na-wynajem\/\" target=\"_blank\" class=\" wd-social-icon social-email\" aria-label=\"Email social link\">\n\t\t\t\t\t\t<span class=\"wd-icon\"><\/span>\n\t\t\t\t\t\t\t\t\t\t\t<\/a>\n\t\t\t\t\n\t\t\t\t\n\t\t\t\t\n\t\t\t\t\n\t\t\t\t\t\t\t\t\t<a rel=\"noopener noreferrer nofollow\" href=\"https:\/\/pinterest.com\/pin\/create\/button\/?url=https:\/\/www.wizualhome.pl\/projekt\/mieszkanie-na-wynajem\/&media=https:\/\/www.wizualhome.pl\/wp-content\/uploads\/2018\/04\/Mieszkanie_na_wynajem_kwadrat-1.jpg&description=Mieszkanie+na%26nbsp%3Bwynajem\" target=\"_blank\" class=\" wd-social-icon social-pinterest\" aria-label=\"Pinterest social link\">\n\t\t\t\t\t\t<span class=\"wd-icon\"><\/span>\n\t\t\t\t\t\t\t\t\t\t\t<\/a>\n\t\t\t\t\n\t\t\t\t\n\t\t\t\t\t\t\t\t\t<a rel=\"noopener noreferrer nofollow\" href=\"https:\/\/www.linkedin.com\/shareArticle?mini=true&url=https:\/\/www.wizualhome.pl\/projekt\/mieszkanie-na-wynajem\/\" target=\"_blank\" class=\" wd-social-icon social-linkedin\" aria-label=\"Linkedin social link\">\n\t\t\t\t\t\t<span class=\"wd-icon\"><\/span>\n\t\t\t\t\t\t\t\t\t\t\t<\/a>\n\t\t\t\t\n\t\t\t\t\n\t\t\t\t\n\t\t\t\t\n\t\t\t\t\n\t\t\t\t\n\t\t\t\t\n\t\t\t\t\n\t\t\t\t\n\t\t\t\t\n\t\t\t\t\n\t\t\t\t\n\t\t\t\t\n\t\t\t\t\n\t\t\t\t\n\t\t\t\t\n\t\t\t\t\n\t\t\t<\/div>\n\n\t\t\t\t\t\t\t\t\t\t<\/div>\n\t\t\t\t\t\t\t<\/div>\n\t\t\t\t\t\t<\/div>\n\t\t\t\t\t\t\t\t\t<\/div>\n\t\t\t<\/figure>\n\t\t\n\t\t<div class=\"portfolio-info color-scheme-light\">\n\t\t\t\t\t\t\t<div class=\"wrap-meta\">\n\t\t\t\t\t<ul class=\"proj-cats-list\">\n\t\t\t\t\t\t\t\t\t\t\t\t\t\t\t\t\t\t\t\t<li>Jadalnia<\/li>\n\t\t\t\t\t\t\t\t\t\t\t\t\t\t\t\t\t\t\t\t<li>Kuchnia<\/li>\n\t\t\t\t\t\t\t\t\t\t\t\t\t\t\t\t\t\t\t\t<li>\u0141azienka<\/li>\n\t\t\t\t\t\t\t\t\t\t\t\t\t\t\t\t\t\t\t\t<li>Mieszkanie<\/li>\n\t\t\t\t\t\t\t\t\t\t\t<\/ul>\n\t\t\t\t<\/div>\n\t\t\t\n\t\t\t<div class=\"wrap-title\">\n\t\t\t\t<h3 class=\"wd-entities-title\">\n\t\t\t\t\t<a href=\"https:\/\/www.wizualhome.pl\/projekt\/mieszkanie-na-wynajem\/\" rel=\"bookmark\">Mieszkanie na&nbsp;wynajem<\/a>\n\t\t\t\t<\/h3>\n\t\t\t<\/div>\n\t\t<\/div>\n\t<\/header>\n<\/article>\n\t\t\t\t\t\t\t\t\n<article id=\"post-1975\" class=\"wd-project portfolio-entry wd-col masonry-item portfolio-hover-inverse proj-cat-kuchnia proj-cat-lazienka proj-cat-mieszkanie proj-cat-pokoj-dziecka proj-cat-salon proj-cat-sypialnia post-1975 portfolio type-portfolio status-publish has-post-thumbnail hentry project-cat-kuchnia project-cat-lazienka project-cat-mieszkanie project-cat-pokoj-dziecka project-cat-salon project-cat-sypialnia\">\n\t<header class=\"entry-header\">\n\t\t\t\t\t<figure class=\"entry-thumbnail color-scheme-light\">\n\t\t\t\t<a href=\"https:\/\/www.wizualhome.pl\/projekt\/mieszkanie-z-antresola-2\/\" class=\"portfolio-thumbnail\">\n\t\t\t\t\t<img width=\"1024\" height=\"1024\" src=\"https:\/\/www.wizualhome.pl\/wp-content\/uploads\/2021\/02\/znaczek_2020.jpg\" class=\"attachment-large size-large wd-lazy-fade\" alt=\"Projekt mieszkania w Opolu od Wizualhome.\" decoding=\"async\" loading=\"lazy\" srcset=\"\" sizes=\"auto, (max-width: 1024px) 100vw, 1024px\" data-src=\"https:\/\/www.wizualhome.pl\/wp-content\/uploads\/2018\/01\/MieszkanieZAntresola_kw-1024x1024.jpg\" data-srcset=\"https:\/\/www.wizualhome.pl\/wp-content\/uploads\/2018\/01\/MieszkanieZAntresola_kw-1024x1024.jpg 1024w, https:\/\/www.wizualhome.pl\/wp-content\/uploads\/2018\/01\/MieszkanieZAntresola_kw-600x600.jpg 600w, https:\/\/www.wizualhome.pl\/wp-content\/uploads\/2018\/01\/MieszkanieZAntresola_kw-100x100.jpg 100w, https:\/\/www.wizualhome.pl\/wp-content\/uploads\/2018\/01\/MieszkanieZAntresola_kw-150x150.jpg 150w, https:\/\/www.wizualhome.pl\/wp-content\/uploads\/2018\/01\/MieszkanieZAntresola_kw-300x300.jpg 300w, https:\/\/www.wizualhome.pl\/wp-content\/uploads\/2018\/01\/MieszkanieZAntresola_kw-768x768.jpg 768w, https:\/\/www.wizualhome.pl\/wp-content\/uploads\/2018\/01\/MieszkanieZAntresola_kw.jpg 1103w\" \/>\t\t\t\t<\/a>\n\t\t\t\t<div class=\"wd-portfolio-btns\">\n\t\t\t\t\t<div class=\"portfolio-enlarge wd-action-btn wd-style-icon wd-enlarge-icon\">\n\t\t\t\t\t\t<a href=\"https:\/\/www.wizualhome.pl\/wp-content\/uploads\/2018\/01\/MieszkanieZAntresola_kw.jpg\" data-elementor-open-lightbox=\"no\">View Large<\/a>\n\t\t\t\t\t<\/div>\n\t\t\t\t\t\t\t\t\t\t\t<div class=\"social-icons-wrapper wd-action-btn wd-style-icon wd-share-icon wd-tltp\">\n\t\t\t\t\t\t\t<a><\/a>\n\t\t\t\t\t\t\t<div class=\"tooltip left\">\n\t\t\t\t\t\t\t\t<div class=\"tooltip-arrow\"><\/div>\n\t\t\t\t\t\t\t\t<div class=\"tooltip-inner\">\n\t\t\t\t\t\t\t\t\t\t\t\t<div\n\t\t\t\t\t\tclass=\" wd-social-icons  wd-style-default wd-size-small social-share wd-shape-circle color-scheme-light text-center\">\n\t\t\t\t\n\t\t\t\t\n\t\t\t\t\t\t\t\t\t<a rel=\"noopener noreferrer nofollow\" href=\"https:\/\/www.facebook.com\/sharer\/sharer.php?u=https:\/\/www.wizualhome.pl\/projekt\/mieszkanie-z-antresola-2\/\" target=\"_blank\" class=\" wd-social-icon social-facebook\" aria-label=\"Facebook social link\">\n\t\t\t\t\t\t<span class=\"wd-icon\"><\/span>\n\t\t\t\t\t\t\t\t\t\t\t<\/a>\n\t\t\t\t\n\t\t\t\t\t\t\t\t\t<a rel=\"noopener noreferrer nofollow\" href=\"https:\/\/x.com\/share?url=https:\/\/www.wizualhome.pl\/projekt\/mieszkanie-z-antresola-2\/\" target=\"_blank\" class=\" wd-social-icon social-twitter\" aria-label=\"X social link\">\n\t\t\t\t\t\t<span class=\"wd-icon\"><\/span>\n\t\t\t\t\t\t\t\t\t\t\t<\/a>\n\t\t\t\t\n\t\t\t\t\n\t\t\t\t\t\t\t\t\t<a rel=\"noopener noreferrer nofollow\" href=\"mailto:?subject=Check%20this%20https:\/\/www.wizualhome.pl\/projekt\/mieszkanie-z-antresola-2\/\" target=\"_blank\" class=\" wd-social-icon social-email\" aria-label=\"Email social link\">\n\t\t\t\t\t\t<span class=\"wd-icon\"><\/span>\n\t\t\t\t\t\t\t\t\t\t\t<\/a>\n\t\t\t\t\n\t\t\t\t\n\t\t\t\t\n\t\t\t\t\n\t\t\t\t\t\t\t\t\t<a rel=\"noopener noreferrer nofollow\" href=\"https:\/\/pinterest.com\/pin\/create\/button\/?url=https:\/\/www.wizualhome.pl\/projekt\/mieszkanie-z-antresola-2\/&media=https:\/\/www.wizualhome.pl\/wp-content\/uploads\/2018\/01\/MieszkanieZAntresola_kw.jpg&description=Mieszkanie+z%26nbsp%3Bantresol%C4%85+2\" target=\"_blank\" class=\" wd-social-icon social-pinterest\" aria-label=\"Pinterest social link\">\n\t\t\t\t\t\t<span class=\"wd-icon\"><\/span>\n\t\t\t\t\t\t\t\t\t\t\t<\/a>\n\t\t\t\t\n\t\t\t\t\n\t\t\t\t\t\t\t\t\t<a rel=\"noopener noreferrer nofollow\" href=\"https:\/\/www.linkedin.com\/shareArticle?mini=true&url=https:\/\/www.wizualhome.pl\/projekt\/mieszkanie-z-antresola-2\/\" target=\"_blank\" class=\" wd-social-icon social-linkedin\" aria-label=\"Linkedin social link\">\n\t\t\t\t\t\t<span class=\"wd-icon\"><\/span>\n\t\t\t\t\t\t\t\t\t\t\t<\/a>\n\t\t\t\t\n\t\t\t\t\n\t\t\t\t\n\t\t\t\t\n\t\t\t\t\n\t\t\t\t\n\t\t\t\t\n\t\t\t\t\n\t\t\t\t\n\t\t\t\t\n\t\t\t\t\n\t\t\t\t\n\t\t\t\t\n\t\t\t\t\n\t\t\t\t\n\t\t\t\t\n\t\t\t\t\n\t\t\t<\/div>\n\n\t\t\t\t\t\t\t\t\t\t<\/div>\n\t\t\t\t\t\t\t<\/div>\n\t\t\t\t\t\t<\/div>\n\t\t\t\t\t\t\t\t\t<\/div>\n\t\t\t<\/figure>\n\t\t\n\t\t<div class=\"portfolio-info color-scheme-light\">\n\t\t\t\t\t\t\t<div class=\"wrap-meta\">\n\t\t\t\t\t<ul class=\"proj-cats-list\">\n\t\t\t\t\t\t\t\t\t\t\t\t\t\t\t\t\t\t\t\t<li>Kuchnia<\/li>\n\t\t\t\t\t\t\t\t\t\t\t\t\t\t\t\t\t\t\t\t<li>\u0141azienka<\/li>\n\t\t\t\t\t\t\t\t\t\t\t\t\t\t\t\t\t\t\t\t<li>Mieszkanie<\/li>\n\t\t\t\t\t\t\t\t\t\t\t\t\t\t\t\t\t\t\t\t<li>Pok\u00f3j dziecka<\/li>\n\t\t\t\t\t\t\t\t\t\t\t\t\t\t\t\t\t\t\t\t<li>Salon<\/li>\n\t\t\t\t\t\t\t\t\t\t\t\t\t\t\t\t\t\t\t\t<li>Sypialnia<\/li>\n\t\t\t\t\t\t\t\t\t\t\t<\/ul>\n\t\t\t\t<\/div>\n\t\t\t\n\t\t\t<div class=\"wrap-title\">\n\t\t\t\t<h3 class=\"wd-entities-title\">\n\t\t\t\t\t<a href=\"https:\/\/www.wizualhome.pl\/projekt\/mieszkanie-z-antresola-2\/\" rel=\"bookmark\">Mieszkanie z&nbsp;antresol\u0105 2<\/a>\n\t\t\t\t<\/h3>\n\t\t\t<\/div>\n\t\t<\/div>\n\t<\/header>\n<\/article>\n\t\t\n\t\t\n\t\t\n\t\t\t\t\t","status":"have-posts","nextPage":"https:\/\/www.wizualhome.pl\/portfolio\/lazienka\/page\/3\/?woo_ajax=1","currentPage":"https:\/\/www.wizualhome.pl\/portfolio\/lazienka\/page\/2"}