		
		{"items":"\t\t\t<link rel=\"stylesheet\" id=\"wd-photoswipe-css\" href=\"https:\/\/www.wizualhome.pl\/wp-content\/themes\/woodmart\/css\/parts\/lib-photoswipe.min.css?ver=8.3.4\" type=\"text\/css\" media=\"all\" \/> \t\t\t\t\t\t<link rel=\"stylesheet\" id=\"wd-project-alt-css\" href=\"https:\/\/www.wizualhome.pl\/wp-content\/themes\/woodmart\/css\/parts\/project-alt.min.css?ver=8.3.4\" type=\"text\/css\" media=\"all\" \/> \t\t\t\n\t\t\n\t\t\n\t\t\t\t\t\t\t\t\n<article id=\"post-10845\" class=\"wd-project portfolio-entry wd-col masonry-item portfolio-hover-inverse proj-cat-dom proj-cat-kuchnia proj-cat-wizualizacja post-10845 portfolio type-portfolio status-publish has-post-thumbnail hentry project-cat-dom project-cat-kuchnia project-cat-wizualizacja\">\n\t<header class=\"entry-header\">\n\t\t\t\t\t<figure class=\"entry-thumbnail color-scheme-light\">\n\t\t\t\t<a href=\"https:\/\/www.wizualhome.pl\/projekt\/kuchnia-z-zoltym-akcentem-2\/\" class=\"portfolio-thumbnail\">\n\t\t\t\t\t<img width=\"1024\" height=\"1024\" src=\"https:\/\/www.wizualhome.pl\/wp-content\/uploads\/2021\/02\/Opole_Zolta_Kuchnia_wiz_kw-1024x1024.jpg\" class=\"attachment-large size-large\" alt=\"\" decoding=\"async\" fetchpriority=\"high\" srcset=\"https:\/\/www.wizualhome.pl\/wp-content\/uploads\/2021\/02\/Opole_Zolta_Kuchnia_wiz_kw-1024x1024.jpg 1024w, https:\/\/www.wizualhome.pl\/wp-content\/uploads\/2021\/02\/Opole_Zolta_Kuchnia_wiz_kw-300x300.jpg 300w, https:\/\/www.wizualhome.pl\/wp-content\/uploads\/2021\/02\/Opole_Zolta_Kuchnia_wiz_kw-150x150.jpg 150w, https:\/\/www.wizualhome.pl\/wp-content\/uploads\/2021\/02\/Opole_Zolta_Kuchnia_wiz_kw-768x768.jpg 768w, https:\/\/www.wizualhome.pl\/wp-content\/uploads\/2021\/02\/Opole_Zolta_Kuchnia_wiz_kw.jpg 1536w, https:\/\/www.wizualhome.pl\/wp-content\/uploads\/2021\/02\/Opole_Zolta_Kuchnia_wiz_kw-1200x1200.jpg 1200w, https:\/\/www.wizualhome.pl\/wp-content\/uploads\/2021\/02\/Opole_Zolta_Kuchnia_wiz_kw-600x600.jpg 600w, https:\/\/www.wizualhome.pl\/wp-content\/uploads\/2021\/02\/Opole_Zolta_Kuchnia_wiz_kw-100x100.jpg 100w\" sizes=\"(max-width: 1024px) 100vw, 1024px\" \/>\t\t\t\t<\/a>\n\t\t\t\t<div class=\"wd-portfolio-btns\">\n\t\t\t\t\t<div class=\"portfolio-enlarge wd-action-btn wd-style-icon wd-enlarge-icon\">\n\t\t\t\t\t\t<a href=\"https:\/\/www.wizualhome.pl\/wp-content\/uploads\/2021\/02\/Opole_Zolta_Kuchnia_wiz_kw.jpg\" data-elementor-open-lightbox=\"no\">View Large<\/a>\n\t\t\t\t\t<\/div>\n\t\t\t\t\t\t\t\t\t\t\t<div class=\"social-icons-wrapper wd-action-btn wd-style-icon wd-share-icon wd-tltp\">\n\t\t\t\t\t\t\t<a><\/a>\n\t\t\t\t\t\t\t<div class=\"tooltip left\">\n\t\t\t\t\t\t\t\t<div class=\"tooltip-arrow\"><\/div>\n\t\t\t\t\t\t\t\t<div class=\"tooltip-inner\">\n\t\t\t\t\t\t\t\t\t\t\t\t<link rel=\"stylesheet\" id=\"wd-social-icons-css\" href=\"https:\/\/www.wizualhome.pl\/wp-content\/themes\/woodmart\/css\/parts\/el-social-icons.min.css?ver=8.3.4\" type=\"text\/css\" media=\"all\" \/> \t\t\t\t\t\t<div\n\t\t\t\t\t\tclass=\" wd-social-icons  wd-style-default wd-size-small social-share wd-shape-circle color-scheme-light text-center\">\n\t\t\t\t\n\t\t\t\t\n\t\t\t\t\t\t\t\t\t<a rel=\"noopener noreferrer nofollow\" href=\"https:\/\/www.facebook.com\/sharer\/sharer.php?u=https:\/\/www.wizualhome.pl\/projekt\/kuchnia-z-zoltym-akcentem-2\/\" target=\"_blank\" class=\" wd-social-icon social-facebook\" aria-label=\"Facebook social link\">\n\t\t\t\t\t\t<span class=\"wd-icon\"><\/span>\n\t\t\t\t\t\t\t\t\t\t\t<\/a>\n\t\t\t\t\n\t\t\t\t\t\t\t\t\t<a rel=\"noopener noreferrer nofollow\" href=\"https:\/\/x.com\/share?url=https:\/\/www.wizualhome.pl\/projekt\/kuchnia-z-zoltym-akcentem-2\/\" target=\"_blank\" class=\" wd-social-icon social-twitter\" aria-label=\"X social link\">\n\t\t\t\t\t\t<span class=\"wd-icon\"><\/span>\n\t\t\t\t\t\t\t\t\t\t\t<\/a>\n\t\t\t\t\n\t\t\t\t\n\t\t\t\t\t\t\t\t\t<a rel=\"noopener noreferrer nofollow\" href=\"mailto:?subject=Check%20this%20https:\/\/www.wizualhome.pl\/projekt\/kuchnia-z-zoltym-akcentem-2\/\" target=\"_blank\" class=\" wd-social-icon social-email\" aria-label=\"Email social link\">\n\t\t\t\t\t\t<span class=\"wd-icon\"><\/span>\n\t\t\t\t\t\t\t\t\t\t\t<\/a>\n\t\t\t\t\n\t\t\t\t\n\t\t\t\t\n\t\t\t\t\n\t\t\t\t\t\t\t\t\t<a rel=\"noopener noreferrer nofollow\" href=\"https:\/\/pinterest.com\/pin\/create\/button\/?url=https:\/\/www.wizualhome.pl\/projekt\/kuchnia-z-zoltym-akcentem-2\/&media=https:\/\/www.wizualhome.pl\/wp-content\/uploads\/2021\/02\/Opole_Zolta_Kuchnia_wiz_kw.jpg&description=Kuchnia+z%26nbsp%3B%C5%BC%C3%B3%C5%82tym+akcentem\" target=\"_blank\" class=\" wd-social-icon social-pinterest\" aria-label=\"Pinterest social link\">\n\t\t\t\t\t\t<span class=\"wd-icon\"><\/span>\n\t\t\t\t\t\t\t\t\t\t\t<\/a>\n\t\t\t\t\n\t\t\t\t\n\t\t\t\t\t\t\t\t\t<a rel=\"noopener noreferrer nofollow\" href=\"https:\/\/www.linkedin.com\/shareArticle?mini=true&url=https:\/\/www.wizualhome.pl\/projekt\/kuchnia-z-zoltym-akcentem-2\/\" target=\"_blank\" class=\" wd-social-icon social-linkedin\" aria-label=\"Linkedin social link\">\n\t\t\t\t\t\t<span class=\"wd-icon\"><\/span>\n\t\t\t\t\t\t\t\t\t\t\t<\/a>\n\t\t\t\t\n\t\t\t\t\n\t\t\t\t\n\t\t\t\t\n\t\t\t\t\n\t\t\t\t\n\t\t\t\t\n\t\t\t\t\n\t\t\t\t\n\t\t\t\t\n\t\t\t\t\n\t\t\t\t\n\t\t\t\t\n\t\t\t\t\n\t\t\t\t\n\t\t\t\t\n\t\t\t\t\n\t\t\t<\/div>\n\n\t\t\t\t\t\t\t\t\t\t<\/div>\n\t\t\t\t\t\t\t<\/div>\n\t\t\t\t\t\t<\/div>\n\t\t\t\t\t\t\t\t\t<\/div>\n\t\t\t<\/figure>\n\t\t\n\t\t<div class=\"portfolio-info color-scheme-light\">\n\t\t\t\t\t\t\t<div class=\"wrap-meta\">\n\t\t\t\t\t<ul class=\"proj-cats-list\">\n\t\t\t\t\t\t\t\t\t\t\t\t\t\t\t\t\t\t\t\t<li>Dom<\/li>\n\t\t\t\t\t\t\t\t\t\t\t\t\t\t\t\t\t\t\t\t<li>Kuchnia<\/li>\n\t\t\t\t\t\t\t\t\t\t\t\t\t\t\t\t\t\t\t\t<li>Wizualizacja<\/li>\n\t\t\t\t\t\t\t\t\t\t\t<\/ul>\n\t\t\t\t<\/div>\n\t\t\t\n\t\t\t<div class=\"wrap-title\">\n\t\t\t\t<h3 class=\"wd-entities-title\">\n\t\t\t\t\t<a href=\"https:\/\/www.wizualhome.pl\/projekt\/kuchnia-z-zoltym-akcentem-2\/\" rel=\"bookmark\">Kuchnia z&nbsp;\u017c\u00f3\u0142tym akcentem<\/a>\n\t\t\t\t<\/h3>\n\t\t\t<\/div>\n\t\t<\/div>\n\t<\/header>\n<\/article>\n\t\t\t\t\t\t\t\t\n<article id=\"post-9806\" class=\"wd-project portfolio-entry wd-col masonry-item portfolio-hover-inverse proj-cat-dom proj-cat-sypialnia proj-cat-wizualizacja post-9806 portfolio type-portfolio status-publish has-post-thumbnail hentry project-cat-dom project-cat-sypialnia project-cat-wizualizacja\">\n\t<header class=\"entry-header\">\n\t\t\t\t\t<figure class=\"entry-thumbnail color-scheme-light\">\n\t\t\t\t<a href=\"https:\/\/www.wizualhome.pl\/projekt\/granatowo-zielona-sypialnia\/\" class=\"portfolio-thumbnail\">\n\t\t\t\t\t<img width=\"1024\" height=\"1024\" src=\"https:\/\/www.wizualhome.pl\/wp-content\/uploads\/2021\/02\/znaczek_2020.jpg\" class=\"attachment-large size-large wd-lazy-fade\" alt=\"\" decoding=\"async\" srcset=\"\" sizes=\"(max-width: 1024px) 100vw, 1024px\" data-src=\"https:\/\/www.wizualhome.pl\/wp-content\/uploads\/2020\/05\/sypialnia_wiz_kw-1024x1024.jpg\" data-srcset=\"https:\/\/www.wizualhome.pl\/wp-content\/uploads\/2020\/05\/sypialnia_wiz_kw-1024x1024.jpg 1024w, https:\/\/www.wizualhome.pl\/wp-content\/uploads\/2020\/05\/sypialnia_wiz_kw-300x300.jpg 300w, https:\/\/www.wizualhome.pl\/wp-content\/uploads\/2020\/05\/sypialnia_wiz_kw-150x150.jpg 150w, https:\/\/www.wizualhome.pl\/wp-content\/uploads\/2020\/05\/sypialnia_wiz_kw-768x768.jpg 768w, https:\/\/www.wizualhome.pl\/wp-content\/uploads\/2020\/05\/sypialnia_wiz_kw-1200x1200.jpg 1200w, https:\/\/www.wizualhome.pl\/wp-content\/uploads\/2020\/05\/sypialnia_wiz_kw-600x600.jpg 600w, https:\/\/www.wizualhome.pl\/wp-content\/uploads\/2020\/05\/sypialnia_wiz_kw-100x100.jpg 100w, https:\/\/www.wizualhome.pl\/wp-content\/uploads\/2020\/05\/sypialnia_wiz_kw.jpg 1536w\" \/>\t\t\t\t<\/a>\n\t\t\t\t<div class=\"wd-portfolio-btns\">\n\t\t\t\t\t<div class=\"portfolio-enlarge wd-action-btn wd-style-icon wd-enlarge-icon\">\n\t\t\t\t\t\t<a href=\"https:\/\/www.wizualhome.pl\/wp-content\/uploads\/2020\/05\/sypialnia_wiz_kw.jpg\" data-elementor-open-lightbox=\"no\">View Large<\/a>\n\t\t\t\t\t<\/div>\n\t\t\t\t\t\t\t\t\t\t\t<div class=\"social-icons-wrapper wd-action-btn wd-style-icon wd-share-icon wd-tltp\">\n\t\t\t\t\t\t\t<a><\/a>\n\t\t\t\t\t\t\t<div class=\"tooltip left\">\n\t\t\t\t\t\t\t\t<div class=\"tooltip-arrow\"><\/div>\n\t\t\t\t\t\t\t\t<div class=\"tooltip-inner\">\n\t\t\t\t\t\t\t\t\t\t\t\t<div\n\t\t\t\t\t\tclass=\" wd-social-icons  wd-style-default wd-size-small social-share wd-shape-circle color-scheme-light text-center\">\n\t\t\t\t\n\t\t\t\t\n\t\t\t\t\t\t\t\t\t<a rel=\"noopener noreferrer nofollow\" href=\"https:\/\/www.facebook.com\/sharer\/sharer.php?u=https:\/\/www.wizualhome.pl\/projekt\/granatowo-zielona-sypialnia\/\" target=\"_blank\" class=\" wd-social-icon social-facebook\" aria-label=\"Facebook social link\">\n\t\t\t\t\t\t<span class=\"wd-icon\"><\/span>\n\t\t\t\t\t\t\t\t\t\t\t<\/a>\n\t\t\t\t\n\t\t\t\t\t\t\t\t\t<a rel=\"noopener noreferrer nofollow\" href=\"https:\/\/x.com\/share?url=https:\/\/www.wizualhome.pl\/projekt\/granatowo-zielona-sypialnia\/\" target=\"_blank\" class=\" wd-social-icon social-twitter\" aria-label=\"X social link\">\n\t\t\t\t\t\t<span class=\"wd-icon\"><\/span>\n\t\t\t\t\t\t\t\t\t\t\t<\/a>\n\t\t\t\t\n\t\t\t\t\n\t\t\t\t\t\t\t\t\t<a rel=\"noopener noreferrer nofollow\" href=\"mailto:?subject=Check%20this%20https:\/\/www.wizualhome.pl\/projekt\/granatowo-zielona-sypialnia\/\" target=\"_blank\" class=\" wd-social-icon social-email\" aria-label=\"Email social link\">\n\t\t\t\t\t\t<span class=\"wd-icon\"><\/span>\n\t\t\t\t\t\t\t\t\t\t\t<\/a>\n\t\t\t\t\n\t\t\t\t\n\t\t\t\t\n\t\t\t\t\n\t\t\t\t\t\t\t\t\t<a rel=\"noopener noreferrer nofollow\" href=\"https:\/\/pinterest.com\/pin\/create\/button\/?url=https:\/\/www.wizualhome.pl\/projekt\/granatowo-zielona-sypialnia\/&media=https:\/\/www.wizualhome.pl\/wp-content\/uploads\/2020\/05\/sypialnia_wiz_kw.jpg&description=Granatowo-zielona+sypialnia\" target=\"_blank\" class=\" wd-social-icon social-pinterest\" aria-label=\"Pinterest social link\">\n\t\t\t\t\t\t<span class=\"wd-icon\"><\/span>\n\t\t\t\t\t\t\t\t\t\t\t<\/a>\n\t\t\t\t\n\t\t\t\t\n\t\t\t\t\t\t\t\t\t<a rel=\"noopener noreferrer nofollow\" href=\"https:\/\/www.linkedin.com\/shareArticle?mini=true&url=https:\/\/www.wizualhome.pl\/projekt\/granatowo-zielona-sypialnia\/\" target=\"_blank\" class=\" wd-social-icon social-linkedin\" aria-label=\"Linkedin social link\">\n\t\t\t\t\t\t<span class=\"wd-icon\"><\/span>\n\t\t\t\t\t\t\t\t\t\t\t<\/a>\n\t\t\t\t\n\t\t\t\t\n\t\t\t\t\n\t\t\t\t\n\t\t\t\t\n\t\t\t\t\n\t\t\t\t\n\t\t\t\t\n\t\t\t\t\n\t\t\t\t\n\t\t\t\t\n\t\t\t\t\n\t\t\t\t\n\t\t\t\t\n\t\t\t\t\n\t\t\t\t\n\t\t\t\t\n\t\t\t<\/div>\n\n\t\t\t\t\t\t\t\t\t\t<\/div>\n\t\t\t\t\t\t\t<\/div>\n\t\t\t\t\t\t<\/div>\n\t\t\t\t\t\t\t\t\t<\/div>\n\t\t\t<\/figure>\n\t\t\n\t\t<div class=\"portfolio-info color-scheme-light\">\n\t\t\t\t\t\t\t<div class=\"wrap-meta\">\n\t\t\t\t\t<ul class=\"proj-cats-list\">\n\t\t\t\t\t\t\t\t\t\t\t\t\t\t\t\t\t\t\t\t<li>Dom<\/li>\n\t\t\t\t\t\t\t\t\t\t\t\t\t\t\t\t\t\t\t\t<li>Sypialnia<\/li>\n\t\t\t\t\t\t\t\t\t\t\t\t\t\t\t\t\t\t\t\t<li>Wizualizacja<\/li>\n\t\t\t\t\t\t\t\t\t\t\t<\/ul>\n\t\t\t\t<\/div>\n\t\t\t\n\t\t\t<div class=\"wrap-title\">\n\t\t\t\t<h3 class=\"wd-entities-title\">\n\t\t\t\t\t<a href=\"https:\/\/www.wizualhome.pl\/projekt\/granatowo-zielona-sypialnia\/\" rel=\"bookmark\">Granatowo-zielona sypialnia<\/a>\n\t\t\t\t<\/h3>\n\t\t\t<\/div>\n\t\t<\/div>\n\t<\/header>\n<\/article>\n\t\t\t\t\t\t\t\t\n<article id=\"post-9804\" class=\"wd-project portfolio-entry wd-col masonry-item portfolio-hover-inverse proj-cat-dom proj-cat-lazienka proj-cat-wizualizacja post-9804 portfolio type-portfolio status-publish has-post-thumbnail hentry project-cat-dom project-cat-lazienka project-cat-wizualizacja\">\n\t<header class=\"entry-header\">\n\t\t\t\t\t<figure class=\"entry-thumbnail color-scheme-light\">\n\t\t\t\t<a href=\"https:\/\/www.wizualhome.pl\/projekt\/lazienka-ze-wzorem-i-jodelka\/\" class=\"portfolio-thumbnail\">\n\t\t\t\t\t<img width=\"1024\" height=\"1024\" src=\"https:\/\/www.wizualhome.pl\/wp-content\/uploads\/2021\/02\/znaczek_2020.jpg\" class=\"attachment-large size-large wd-lazy-fade\" alt=\"\" decoding=\"async\" srcset=\"\" sizes=\"(max-width: 1024px) 100vw, 1024px\" data-src=\"https:\/\/www.wizualhome.pl\/wp-content\/uploads\/2020\/05\/wizualizacja_lazienka_kw-1024x1024.jpg\" data-srcset=\"https:\/\/www.wizualhome.pl\/wp-content\/uploads\/2020\/05\/wizualizacja_lazienka_kw-1024x1024.jpg 1024w, https:\/\/www.wizualhome.pl\/wp-content\/uploads\/2020\/05\/wizualizacja_lazienka_kw-300x300.jpg 300w, https:\/\/www.wizualhome.pl\/wp-content\/uploads\/2020\/05\/wizualizacja_lazienka_kw-150x150.jpg 150w, https:\/\/www.wizualhome.pl\/wp-content\/uploads\/2020\/05\/wizualizacja_lazienka_kw-768x768.jpg 768w, https:\/\/www.wizualhome.pl\/wp-content\/uploads\/2020\/05\/wizualizacja_lazienka_kw-600x600.jpg 600w, https:\/\/www.wizualhome.pl\/wp-content\/uploads\/2020\/05\/wizualizacja_lazienka_kw-100x100.jpg 100w, https:\/\/www.wizualhome.pl\/wp-content\/uploads\/2020\/05\/wizualizacja_lazienka_kw.jpg 1080w\" \/>\t\t\t\t<\/a>\n\t\t\t\t<div class=\"wd-portfolio-btns\">\n\t\t\t\t\t<div class=\"portfolio-enlarge wd-action-btn wd-style-icon wd-enlarge-icon\">\n\t\t\t\t\t\t<a href=\"https:\/\/www.wizualhome.pl\/wp-content\/uploads\/2020\/05\/wizualizacja_lazienka_kw.jpg\" data-elementor-open-lightbox=\"no\">View Large<\/a>\n\t\t\t\t\t<\/div>\n\t\t\t\t\t\t\t\t\t\t\t<div class=\"social-icons-wrapper wd-action-btn wd-style-icon wd-share-icon wd-tltp\">\n\t\t\t\t\t\t\t<a><\/a>\n\t\t\t\t\t\t\t<div class=\"tooltip left\">\n\t\t\t\t\t\t\t\t<div class=\"tooltip-arrow\"><\/div>\n\t\t\t\t\t\t\t\t<div class=\"tooltip-inner\">\n\t\t\t\t\t\t\t\t\t\t\t\t<div\n\t\t\t\t\t\tclass=\" wd-social-icons  wd-style-default wd-size-small social-share wd-shape-circle color-scheme-light text-center\">\n\t\t\t\t\n\t\t\t\t\n\t\t\t\t\t\t\t\t\t<a rel=\"noopener noreferrer nofollow\" href=\"https:\/\/www.facebook.com\/sharer\/sharer.php?u=https:\/\/www.wizualhome.pl\/projekt\/lazienka-ze-wzorem-i-jodelka\/\" target=\"_blank\" class=\" wd-social-icon social-facebook\" aria-label=\"Facebook social link\">\n\t\t\t\t\t\t<span class=\"wd-icon\"><\/span>\n\t\t\t\t\t\t\t\t\t\t\t<\/a>\n\t\t\t\t\n\t\t\t\t\t\t\t\t\t<a rel=\"noopener noreferrer nofollow\" href=\"https:\/\/x.com\/share?url=https:\/\/www.wizualhome.pl\/projekt\/lazienka-ze-wzorem-i-jodelka\/\" target=\"_blank\" class=\" wd-social-icon social-twitter\" aria-label=\"X social link\">\n\t\t\t\t\t\t<span class=\"wd-icon\"><\/span>\n\t\t\t\t\t\t\t\t\t\t\t<\/a>\n\t\t\t\t\n\t\t\t\t\n\t\t\t\t\t\t\t\t\t<a rel=\"noopener noreferrer nofollow\" href=\"mailto:?subject=Check%20this%20https:\/\/www.wizualhome.pl\/projekt\/lazienka-ze-wzorem-i-jodelka\/\" target=\"_blank\" class=\" wd-social-icon social-email\" aria-label=\"Email social link\">\n\t\t\t\t\t\t<span class=\"wd-icon\"><\/span>\n\t\t\t\t\t\t\t\t\t\t\t<\/a>\n\t\t\t\t\n\t\t\t\t\n\t\t\t\t\n\t\t\t\t\n\t\t\t\t\t\t\t\t\t<a rel=\"noopener noreferrer nofollow\" href=\"https:\/\/pinterest.com\/pin\/create\/button\/?url=https:\/\/www.wizualhome.pl\/projekt\/lazienka-ze-wzorem-i-jodelka\/&media=https:\/\/www.wizualhome.pl\/wp-content\/uploads\/2020\/05\/wizualizacja_lazienka_kw.jpg&description=%C5%81azienka+ze%26nbsp%3Bwzorem+i%26nbsp%3Bjode%C5%82k%C4%85\" target=\"_blank\" class=\" wd-social-icon social-pinterest\" aria-label=\"Pinterest social link\">\n\t\t\t\t\t\t<span class=\"wd-icon\"><\/span>\n\t\t\t\t\t\t\t\t\t\t\t<\/a>\n\t\t\t\t\n\t\t\t\t\n\t\t\t\t\t\t\t\t\t<a rel=\"noopener noreferrer nofollow\" href=\"https:\/\/www.linkedin.com\/shareArticle?mini=true&url=https:\/\/www.wizualhome.pl\/projekt\/lazienka-ze-wzorem-i-jodelka\/\" target=\"_blank\" class=\" wd-social-icon social-linkedin\" aria-label=\"Linkedin social link\">\n\t\t\t\t\t\t<span class=\"wd-icon\"><\/span>\n\t\t\t\t\t\t\t\t\t\t\t<\/a>\n\t\t\t\t\n\t\t\t\t\n\t\t\t\t\n\t\t\t\t\n\t\t\t\t\n\t\t\t\t\n\t\t\t\t\n\t\t\t\t\n\t\t\t\t\n\t\t\t\t\n\t\t\t\t\n\t\t\t\t\n\t\t\t\t\n\t\t\t\t\n\t\t\t\t\n\t\t\t\t\n\t\t\t\t\n\t\t\t<\/div>\n\n\t\t\t\t\t\t\t\t\t\t<\/div>\n\t\t\t\t\t\t\t<\/div>\n\t\t\t\t\t\t<\/div>\n\t\t\t\t\t\t\t\t\t<\/div>\n\t\t\t<\/figure>\n\t\t\n\t\t<div class=\"portfolio-info color-scheme-light\">\n\t\t\t\t\t\t\t<div class=\"wrap-meta\">\n\t\t\t\t\t<ul class=\"proj-cats-list\">\n\t\t\t\t\t\t\t\t\t\t\t\t\t\t\t\t\t\t\t\t<li>Dom<\/li>\n\t\t\t\t\t\t\t\t\t\t\t\t\t\t\t\t\t\t\t\t<li>\u0141azienka<\/li>\n\t\t\t\t\t\t\t\t\t\t\t\t\t\t\t\t\t\t\t\t<li>Wizualizacja<\/li>\n\t\t\t\t\t\t\t\t\t\t\t<\/ul>\n\t\t\t\t<\/div>\n\t\t\t\n\t\t\t<div class=\"wrap-title\">\n\t\t\t\t<h3 class=\"wd-entities-title\">\n\t\t\t\t\t<a href=\"https:\/\/www.wizualhome.pl\/projekt\/lazienka-ze-wzorem-i-jodelka\/\" rel=\"bookmark\">\u0141azienka ze&nbsp;wzorem i&nbsp;jode\u0142k\u0105<\/a>\n\t\t\t\t<\/h3>\n\t\t\t<\/div>\n\t\t<\/div>\n\t<\/header>\n<\/article>\n\t\t\t\t\t\t\t\t\n<article id=\"post-9801\" class=\"wd-project portfolio-entry wd-col masonry-item portfolio-hover-inverse proj-cat-dom proj-cat-lazienka proj-cat-wizualizacja post-9801 portfolio type-portfolio status-publish has-post-thumbnail hentry project-cat-dom project-cat-lazienka project-cat-wizualizacja\">\n\t<header class=\"entry-header\">\n\t\t\t\t\t<figure class=\"entry-thumbnail color-scheme-light\">\n\t\t\t\t<a href=\"https:\/\/www.wizualhome.pl\/projekt\/lazienka-z-cegla\/\" class=\"portfolio-thumbnail\">\n\t\t\t\t\t<img width=\"1024\" height=\"1024\" src=\"https:\/\/www.wizualhome.pl\/wp-content\/uploads\/2021\/02\/znaczek_2020.jpg\" class=\"attachment-large size-large wd-lazy-fade\" alt=\"\" decoding=\"async\" loading=\"lazy\" srcset=\"\" sizes=\"auto, (max-width: 1024px) 100vw, 1024px\" data-src=\"https:\/\/www.wizualhome.pl\/wp-content\/uploads\/2020\/05\/Lazienka-w-cegle-kw-1024x1024.jpg\" data-srcset=\"https:\/\/www.wizualhome.pl\/wp-content\/uploads\/2020\/05\/Lazienka-w-cegle-kw-1024x1024.jpg 1024w, https:\/\/www.wizualhome.pl\/wp-content\/uploads\/2020\/05\/Lazienka-w-cegle-kw-300x300.jpg 300w, https:\/\/www.wizualhome.pl\/wp-content\/uploads\/2020\/05\/Lazienka-w-cegle-kw-150x150.jpg 150w, https:\/\/www.wizualhome.pl\/wp-content\/uploads\/2020\/05\/Lazienka-w-cegle-kw-768x768.jpg 768w, https:\/\/www.wizualhome.pl\/wp-content\/uploads\/2020\/05\/Lazienka-w-cegle-kw-1200x1200.jpg 1200w, https:\/\/www.wizualhome.pl\/wp-content\/uploads\/2020\/05\/Lazienka-w-cegle-kw-600x600.jpg 600w, https:\/\/www.wizualhome.pl\/wp-content\/uploads\/2020\/05\/Lazienka-w-cegle-kw-100x100.jpg 100w, https:\/\/www.wizualhome.pl\/wp-content\/uploads\/2020\/05\/Lazienka-w-cegle-kw.jpg 1536w\" \/>\t\t\t\t<\/a>\n\t\t\t\t<div class=\"wd-portfolio-btns\">\n\t\t\t\t\t<div class=\"portfolio-enlarge wd-action-btn wd-style-icon wd-enlarge-icon\">\n\t\t\t\t\t\t<a href=\"https:\/\/www.wizualhome.pl\/wp-content\/uploads\/2020\/05\/Lazienka-w-cegle-kw.jpg\" data-elementor-open-lightbox=\"no\">View Large<\/a>\n\t\t\t\t\t<\/div>\n\t\t\t\t\t\t\t\t\t\t\t<div class=\"social-icons-wrapper wd-action-btn wd-style-icon wd-share-icon wd-tltp\">\n\t\t\t\t\t\t\t<a><\/a>\n\t\t\t\t\t\t\t<div class=\"tooltip left\">\n\t\t\t\t\t\t\t\t<div class=\"tooltip-arrow\"><\/div>\n\t\t\t\t\t\t\t\t<div class=\"tooltip-inner\">\n\t\t\t\t\t\t\t\t\t\t\t\t<div\n\t\t\t\t\t\tclass=\" wd-social-icons  wd-style-default wd-size-small social-share wd-shape-circle color-scheme-light text-center\">\n\t\t\t\t\n\t\t\t\t\n\t\t\t\t\t\t\t\t\t<a rel=\"noopener noreferrer nofollow\" href=\"https:\/\/www.facebook.com\/sharer\/sharer.php?u=https:\/\/www.wizualhome.pl\/projekt\/lazienka-z-cegla\/\" target=\"_blank\" class=\" wd-social-icon social-facebook\" aria-label=\"Facebook social link\">\n\t\t\t\t\t\t<span class=\"wd-icon\"><\/span>\n\t\t\t\t\t\t\t\t\t\t\t<\/a>\n\t\t\t\t\n\t\t\t\t\t\t\t\t\t<a rel=\"noopener noreferrer nofollow\" href=\"https:\/\/x.com\/share?url=https:\/\/www.wizualhome.pl\/projekt\/lazienka-z-cegla\/\" target=\"_blank\" class=\" wd-social-icon social-twitter\" aria-label=\"X social link\">\n\t\t\t\t\t\t<span class=\"wd-icon\"><\/span>\n\t\t\t\t\t\t\t\t\t\t\t<\/a>\n\t\t\t\t\n\t\t\t\t\n\t\t\t\t\t\t\t\t\t<a rel=\"noopener noreferrer nofollow\" href=\"mailto:?subject=Check%20this%20https:\/\/www.wizualhome.pl\/projekt\/lazienka-z-cegla\/\" target=\"_blank\" class=\" wd-social-icon social-email\" aria-label=\"Email social link\">\n\t\t\t\t\t\t<span class=\"wd-icon\"><\/span>\n\t\t\t\t\t\t\t\t\t\t\t<\/a>\n\t\t\t\t\n\t\t\t\t\n\t\t\t\t\n\t\t\t\t\n\t\t\t\t\t\t\t\t\t<a rel=\"noopener noreferrer nofollow\" href=\"https:\/\/pinterest.com\/pin\/create\/button\/?url=https:\/\/www.wizualhome.pl\/projekt\/lazienka-z-cegla\/&media=https:\/\/www.wizualhome.pl\/wp-content\/uploads\/2020\/05\/Lazienka-w-cegle-kw.jpg&description=%C5%81azienka+z%26nbsp%3Bceg%C5%82%C4%85\" target=\"_blank\" class=\" wd-social-icon social-pinterest\" aria-label=\"Pinterest social link\">\n\t\t\t\t\t\t<span class=\"wd-icon\"><\/span>\n\t\t\t\t\t\t\t\t\t\t\t<\/a>\n\t\t\t\t\n\t\t\t\t\n\t\t\t\t\t\t\t\t\t<a rel=\"noopener noreferrer nofollow\" href=\"https:\/\/www.linkedin.com\/shareArticle?mini=true&url=https:\/\/www.wizualhome.pl\/projekt\/lazienka-z-cegla\/\" target=\"_blank\" class=\" wd-social-icon social-linkedin\" aria-label=\"Linkedin social link\">\n\t\t\t\t\t\t<span class=\"wd-icon\"><\/span>\n\t\t\t\t\t\t\t\t\t\t\t<\/a>\n\t\t\t\t\n\t\t\t\t\n\t\t\t\t\n\t\t\t\t\n\t\t\t\t\n\t\t\t\t\n\t\t\t\t\n\t\t\t\t\n\t\t\t\t\n\t\t\t\t\n\t\t\t\t\n\t\t\t\t\n\t\t\t\t\n\t\t\t\t\n\t\t\t\t\n\t\t\t\t\n\t\t\t\t\n\t\t\t<\/div>\n\n\t\t\t\t\t\t\t\t\t\t<\/div>\n\t\t\t\t\t\t\t<\/div>\n\t\t\t\t\t\t<\/div>\n\t\t\t\t\t\t\t\t\t<\/div>\n\t\t\t<\/figure>\n\t\t\n\t\t<div class=\"portfolio-info color-scheme-light\">\n\t\t\t\t\t\t\t<div class=\"wrap-meta\">\n\t\t\t\t\t<ul class=\"proj-cats-list\">\n\t\t\t\t\t\t\t\t\t\t\t\t\t\t\t\t\t\t\t\t<li>Dom<\/li>\n\t\t\t\t\t\t\t\t\t\t\t\t\t\t\t\t\t\t\t\t<li>\u0141azienka<\/li>\n\t\t\t\t\t\t\t\t\t\t\t\t\t\t\t\t\t\t\t\t<li>Wizualizacja<\/li>\n\t\t\t\t\t\t\t\t\t\t\t<\/ul>\n\t\t\t\t<\/div>\n\t\t\t\n\t\t\t<div class=\"wrap-title\">\n\t\t\t\t<h3 class=\"wd-entities-title\">\n\t\t\t\t\t<a href=\"https:\/\/www.wizualhome.pl\/projekt\/lazienka-z-cegla\/\" rel=\"bookmark\">\u0141azienka z&nbsp;ceg\u0142\u0105<\/a>\n\t\t\t\t<\/h3>\n\t\t\t<\/div>\n\t\t<\/div>\n\t<\/header>\n<\/article>\n\t\t\t\t\t\t\t\t\n<article id=\"post-9790\" class=\"wd-project portfolio-entry wd-col masonry-item portfolio-hover-inverse proj-cat-dom proj-cat-kuchnia proj-cat-wizualizacja post-9790 portfolio type-portfolio status-publish has-post-thumbnail hentry project-cat-dom project-cat-kuchnia project-cat-wizualizacja\">\n\t<header class=\"entry-header\">\n\t\t\t\t\t<figure class=\"entry-thumbnail color-scheme-light\">\n\t\t\t\t<a href=\"https:\/\/www.wizualhome.pl\/projekt\/kuchnia-z-kamieniem-i-cegla\/\" class=\"portfolio-thumbnail\">\n\t\t\t\t\t<img width=\"1024\" height=\"1024\" src=\"https:\/\/www.wizualhome.pl\/wp-content\/uploads\/2021\/02\/znaczek_2020.jpg\" class=\"attachment-large size-large wd-lazy-fade\" alt=\"\" decoding=\"async\" loading=\"lazy\" srcset=\"\" sizes=\"auto, (max-width: 1024px) 100vw, 1024px\" data-src=\"https:\/\/www.wizualhome.pl\/wp-content\/uploads\/2020\/05\/kuchnia_Niwki_wA_kw-1024x1024.jpg\" data-srcset=\"https:\/\/www.wizualhome.pl\/wp-content\/uploads\/2020\/05\/kuchnia_Niwki_wA_kw-1024x1024.jpg 1024w, https:\/\/www.wizualhome.pl\/wp-content\/uploads\/2020\/05\/kuchnia_Niwki_wA_kw-300x300.jpg 300w, https:\/\/www.wizualhome.pl\/wp-content\/uploads\/2020\/05\/kuchnia_Niwki_wA_kw-150x150.jpg 150w, https:\/\/www.wizualhome.pl\/wp-content\/uploads\/2020\/05\/kuchnia_Niwki_wA_kw-768x768.jpg 768w, https:\/\/www.wizualhome.pl\/wp-content\/uploads\/2020\/05\/kuchnia_Niwki_wA_kw-600x600.jpg 600w, https:\/\/www.wizualhome.pl\/wp-content\/uploads\/2020\/05\/kuchnia_Niwki_wA_kw-100x100.jpg 100w, https:\/\/www.wizualhome.pl\/wp-content\/uploads\/2020\/05\/kuchnia_Niwki_wA_kw.jpg 1080w\" \/>\t\t\t\t<\/a>\n\t\t\t\t<div class=\"wd-portfolio-btns\">\n\t\t\t\t\t<div class=\"portfolio-enlarge wd-action-btn wd-style-icon wd-enlarge-icon\">\n\t\t\t\t\t\t<a href=\"https:\/\/www.wizualhome.pl\/wp-content\/uploads\/2020\/05\/kuchnia_Niwki_wA_kw.jpg\" data-elementor-open-lightbox=\"no\">View Large<\/a>\n\t\t\t\t\t<\/div>\n\t\t\t\t\t\t\t\t\t\t\t<div class=\"social-icons-wrapper wd-action-btn wd-style-icon wd-share-icon wd-tltp\">\n\t\t\t\t\t\t\t<a><\/a>\n\t\t\t\t\t\t\t<div class=\"tooltip left\">\n\t\t\t\t\t\t\t\t<div class=\"tooltip-arrow\"><\/div>\n\t\t\t\t\t\t\t\t<div class=\"tooltip-inner\">\n\t\t\t\t\t\t\t\t\t\t\t\t<div\n\t\t\t\t\t\tclass=\" wd-social-icons  wd-style-default wd-size-small social-share wd-shape-circle color-scheme-light text-center\">\n\t\t\t\t\n\t\t\t\t\n\t\t\t\t\t\t\t\t\t<a rel=\"noopener noreferrer nofollow\" href=\"https:\/\/www.facebook.com\/sharer\/sharer.php?u=https:\/\/www.wizualhome.pl\/projekt\/kuchnia-z-kamieniem-i-cegla\/\" target=\"_blank\" class=\" wd-social-icon social-facebook\" aria-label=\"Facebook social link\">\n\t\t\t\t\t\t<span class=\"wd-icon\"><\/span>\n\t\t\t\t\t\t\t\t\t\t\t<\/a>\n\t\t\t\t\n\t\t\t\t\t\t\t\t\t<a rel=\"noopener noreferrer nofollow\" href=\"https:\/\/x.com\/share?url=https:\/\/www.wizualhome.pl\/projekt\/kuchnia-z-kamieniem-i-cegla\/\" target=\"_blank\" class=\" wd-social-icon social-twitter\" aria-label=\"X social link\">\n\t\t\t\t\t\t<span class=\"wd-icon\"><\/span>\n\t\t\t\t\t\t\t\t\t\t\t<\/a>\n\t\t\t\t\n\t\t\t\t\n\t\t\t\t\t\t\t\t\t<a rel=\"noopener noreferrer nofollow\" href=\"mailto:?subject=Check%20this%20https:\/\/www.wizualhome.pl\/projekt\/kuchnia-z-kamieniem-i-cegla\/\" target=\"_blank\" class=\" wd-social-icon social-email\" aria-label=\"Email social link\">\n\t\t\t\t\t\t<span class=\"wd-icon\"><\/span>\n\t\t\t\t\t\t\t\t\t\t\t<\/a>\n\t\t\t\t\n\t\t\t\t\n\t\t\t\t\n\t\t\t\t\n\t\t\t\t\t\t\t\t\t<a rel=\"noopener noreferrer nofollow\" href=\"https:\/\/pinterest.com\/pin\/create\/button\/?url=https:\/\/www.wizualhome.pl\/projekt\/kuchnia-z-kamieniem-i-cegla\/&media=https:\/\/www.wizualhome.pl\/wp-content\/uploads\/2020\/05\/kuchnia_Niwki_wA_kw.jpg&description=Kuchnia+z%26nbsp%3Bkamieniem+i%26nbsp%3Bceg%C5%82%C4%85\" target=\"_blank\" class=\" wd-social-icon social-pinterest\" aria-label=\"Pinterest social link\">\n\t\t\t\t\t\t<span class=\"wd-icon\"><\/span>\n\t\t\t\t\t\t\t\t\t\t\t<\/a>\n\t\t\t\t\n\t\t\t\t\n\t\t\t\t\t\t\t\t\t<a rel=\"noopener noreferrer nofollow\" href=\"https:\/\/www.linkedin.com\/shareArticle?mini=true&url=https:\/\/www.wizualhome.pl\/projekt\/kuchnia-z-kamieniem-i-cegla\/\" target=\"_blank\" class=\" wd-social-icon social-linkedin\" aria-label=\"Linkedin social link\">\n\t\t\t\t\t\t<span class=\"wd-icon\"><\/span>\n\t\t\t\t\t\t\t\t\t\t\t<\/a>\n\t\t\t\t\n\t\t\t\t\n\t\t\t\t\n\t\t\t\t\n\t\t\t\t\n\t\t\t\t\n\t\t\t\t\n\t\t\t\t\n\t\t\t\t\n\t\t\t\t\n\t\t\t\t\n\t\t\t\t\n\t\t\t\t\n\t\t\t\t\n\t\t\t\t\n\t\t\t\t\n\t\t\t\t\n\t\t\t<\/div>\n\n\t\t\t\t\t\t\t\t\t\t<\/div>\n\t\t\t\t\t\t\t<\/div>\n\t\t\t\t\t\t<\/div>\n\t\t\t\t\t\t\t\t\t<\/div>\n\t\t\t<\/figure>\n\t\t\n\t\t<div class=\"portfolio-info color-scheme-light\">\n\t\t\t\t\t\t\t<div class=\"wrap-meta\">\n\t\t\t\t\t<ul class=\"proj-cats-list\">\n\t\t\t\t\t\t\t\t\t\t\t\t\t\t\t\t\t\t\t\t<li>Dom<\/li>\n\t\t\t\t\t\t\t\t\t\t\t\t\t\t\t\t\t\t\t\t<li>Kuchnia<\/li>\n\t\t\t\t\t\t\t\t\t\t\t\t\t\t\t\t\t\t\t\t<li>Wizualizacja<\/li>\n\t\t\t\t\t\t\t\t\t\t\t<\/ul>\n\t\t\t\t<\/div>\n\t\t\t\n\t\t\t<div class=\"wrap-title\">\n\t\t\t\t<h3 class=\"wd-entities-title\">\n\t\t\t\t\t<a href=\"https:\/\/www.wizualhome.pl\/projekt\/kuchnia-z-kamieniem-i-cegla\/\" rel=\"bookmark\">Kuchnia z&nbsp;kamieniem i&nbsp;ceg\u0142\u0105<\/a>\n\t\t\t\t<\/h3>\n\t\t\t<\/div>\n\t\t<\/div>\n\t<\/header>\n<\/article>\n\t\t\t\t\t\t\t\t\n<article id=\"post-9781\" class=\"wd-project portfolio-entry wd-col masonry-item portfolio-hover-inverse proj-cat-mieszkanie proj-cat-sypialnia proj-cat-wizualizacja post-9781 portfolio type-portfolio status-publish has-post-thumbnail hentry project-cat-mieszkanie project-cat-sypialnia project-cat-wizualizacja\">\n\t<header class=\"entry-header\">\n\t\t\t\t\t<figure class=\"entry-thumbnail color-scheme-light\">\n\t\t\t\t<a href=\"https:\/\/www.wizualhome.pl\/projekt\/sypialnia-z-lasem\/\" class=\"portfolio-thumbnail\">\n\t\t\t\t\t<img width=\"1024\" height=\"1024\" src=\"https:\/\/www.wizualhome.pl\/wp-content\/uploads\/2021\/02\/znaczek_2020.jpg\" class=\"attachment-large size-large wd-lazy-fade\" alt=\"\" decoding=\"async\" loading=\"lazy\" srcset=\"\" sizes=\"auto, (max-width: 1024px) 100vw, 1024px\" data-src=\"https:\/\/www.wizualhome.pl\/wp-content\/uploads\/2020\/05\/Wroclaw-Sypialnia-kw-1024x1024.jpg\" data-srcset=\"https:\/\/www.wizualhome.pl\/wp-content\/uploads\/2020\/05\/Wroclaw-Sypialnia-kw-1024x1024.jpg 1024w, https:\/\/www.wizualhome.pl\/wp-content\/uploads\/2020\/05\/Wroclaw-Sypialnia-kw-300x300.jpg 300w, https:\/\/www.wizualhome.pl\/wp-content\/uploads\/2020\/05\/Wroclaw-Sypialnia-kw-150x150.jpg 150w, https:\/\/www.wizualhome.pl\/wp-content\/uploads\/2020\/05\/Wroclaw-Sypialnia-kw-768x768.jpg 768w, https:\/\/www.wizualhome.pl\/wp-content\/uploads\/2020\/05\/Wroclaw-Sypialnia-kw-1200x1200.jpg 1200w, https:\/\/www.wizualhome.pl\/wp-content\/uploads\/2020\/05\/Wroclaw-Sypialnia-kw-600x600.jpg 600w, https:\/\/www.wizualhome.pl\/wp-content\/uploads\/2020\/05\/Wroclaw-Sypialnia-kw-100x100.jpg 100w, https:\/\/www.wizualhome.pl\/wp-content\/uploads\/2020\/05\/Wroclaw-Sypialnia-kw.jpg 1536w\" \/>\t\t\t\t<\/a>\n\t\t\t\t<div class=\"wd-portfolio-btns\">\n\t\t\t\t\t<div class=\"portfolio-enlarge wd-action-btn wd-style-icon wd-enlarge-icon\">\n\t\t\t\t\t\t<a href=\"https:\/\/www.wizualhome.pl\/wp-content\/uploads\/2020\/05\/Wroclaw-Sypialnia-kw.jpg\" data-elementor-open-lightbox=\"no\">View Large<\/a>\n\t\t\t\t\t<\/div>\n\t\t\t\t\t\t\t\t\t\t\t<div class=\"social-icons-wrapper wd-action-btn wd-style-icon wd-share-icon wd-tltp\">\n\t\t\t\t\t\t\t<a><\/a>\n\t\t\t\t\t\t\t<div class=\"tooltip left\">\n\t\t\t\t\t\t\t\t<div class=\"tooltip-arrow\"><\/div>\n\t\t\t\t\t\t\t\t<div class=\"tooltip-inner\">\n\t\t\t\t\t\t\t\t\t\t\t\t<div\n\t\t\t\t\t\tclass=\" wd-social-icons  wd-style-default wd-size-small social-share wd-shape-circle color-scheme-light text-center\">\n\t\t\t\t\n\t\t\t\t\n\t\t\t\t\t\t\t\t\t<a rel=\"noopener noreferrer nofollow\" href=\"https:\/\/www.facebook.com\/sharer\/sharer.php?u=https:\/\/www.wizualhome.pl\/projekt\/sypialnia-z-lasem\/\" target=\"_blank\" class=\" wd-social-icon social-facebook\" aria-label=\"Facebook social link\">\n\t\t\t\t\t\t<span class=\"wd-icon\"><\/span>\n\t\t\t\t\t\t\t\t\t\t\t<\/a>\n\t\t\t\t\n\t\t\t\t\t\t\t\t\t<a rel=\"noopener noreferrer nofollow\" href=\"https:\/\/x.com\/share?url=https:\/\/www.wizualhome.pl\/projekt\/sypialnia-z-lasem\/\" target=\"_blank\" class=\" wd-social-icon social-twitter\" aria-label=\"X social link\">\n\t\t\t\t\t\t<span class=\"wd-icon\"><\/span>\n\t\t\t\t\t\t\t\t\t\t\t<\/a>\n\t\t\t\t\n\t\t\t\t\n\t\t\t\t\t\t\t\t\t<a rel=\"noopener noreferrer nofollow\" href=\"mailto:?subject=Check%20this%20https:\/\/www.wizualhome.pl\/projekt\/sypialnia-z-lasem\/\" target=\"_blank\" class=\" wd-social-icon social-email\" aria-label=\"Email social link\">\n\t\t\t\t\t\t<span class=\"wd-icon\"><\/span>\n\t\t\t\t\t\t\t\t\t\t\t<\/a>\n\t\t\t\t\n\t\t\t\t\n\t\t\t\t\n\t\t\t\t\n\t\t\t\t\t\t\t\t\t<a rel=\"noopener noreferrer nofollow\" href=\"https:\/\/pinterest.com\/pin\/create\/button\/?url=https:\/\/www.wizualhome.pl\/projekt\/sypialnia-z-lasem\/&media=https:\/\/www.wizualhome.pl\/wp-content\/uploads\/2020\/05\/Wroclaw-Sypialnia-kw.jpg&description=Sypialnia+z%26nbsp%3Blasem\" target=\"_blank\" class=\" wd-social-icon social-pinterest\" aria-label=\"Pinterest social link\">\n\t\t\t\t\t\t<span class=\"wd-icon\"><\/span>\n\t\t\t\t\t\t\t\t\t\t\t<\/a>\n\t\t\t\t\n\t\t\t\t\n\t\t\t\t\t\t\t\t\t<a rel=\"noopener noreferrer nofollow\" href=\"https:\/\/www.linkedin.com\/shareArticle?mini=true&url=https:\/\/www.wizualhome.pl\/projekt\/sypialnia-z-lasem\/\" target=\"_blank\" class=\" wd-social-icon social-linkedin\" aria-label=\"Linkedin social link\">\n\t\t\t\t\t\t<span class=\"wd-icon\"><\/span>\n\t\t\t\t\t\t\t\t\t\t\t<\/a>\n\t\t\t\t\n\t\t\t\t\n\t\t\t\t\n\t\t\t\t\n\t\t\t\t\n\t\t\t\t\n\t\t\t\t\n\t\t\t\t\n\t\t\t\t\n\t\t\t\t\n\t\t\t\t\n\t\t\t\t\n\t\t\t\t\n\t\t\t\t\n\t\t\t\t\n\t\t\t\t\n\t\t\t\t\n\t\t\t<\/div>\n\n\t\t\t\t\t\t\t\t\t\t<\/div>\n\t\t\t\t\t\t\t<\/div>\n\t\t\t\t\t\t<\/div>\n\t\t\t\t\t\t\t\t\t<\/div>\n\t\t\t<\/figure>\n\t\t\n\t\t<div class=\"portfolio-info color-scheme-light\">\n\t\t\t\t\t\t\t<div class=\"wrap-meta\">\n\t\t\t\t\t<ul class=\"proj-cats-list\">\n\t\t\t\t\t\t\t\t\t\t\t\t\t\t\t\t\t\t\t\t<li>Mieszkanie<\/li>\n\t\t\t\t\t\t\t\t\t\t\t\t\t\t\t\t\t\t\t\t<li>Sypialnia<\/li>\n\t\t\t\t\t\t\t\t\t\t\t\t\t\t\t\t\t\t\t\t<li>Wizualizacja<\/li>\n\t\t\t\t\t\t\t\t\t\t\t<\/ul>\n\t\t\t\t<\/div>\n\t\t\t\n\t\t\t<div class=\"wrap-title\">\n\t\t\t\t<h3 class=\"wd-entities-title\">\n\t\t\t\t\t<a href=\"https:\/\/www.wizualhome.pl\/projekt\/sypialnia-z-lasem\/\" rel=\"bookmark\">Sypialnia z&nbsp;lasem<\/a>\n\t\t\t\t<\/h3>\n\t\t\t<\/div>\n\t\t<\/div>\n\t<\/header>\n<\/article>\n\t\t\t\t\t\t\t\t\n<article id=\"post-9770\" class=\"wd-project portfolio-entry wd-col masonry-item portfolio-hover-inverse proj-cat-restauracja proj-cat-wizualizacja post-9770 portfolio type-portfolio status-publish has-post-thumbnail hentry project-cat-restauracja project-cat-wizualizacja\">\n\t<header class=\"entry-header\">\n\t\t\t\t\t<figure class=\"entry-thumbnail color-scheme-light\">\n\t\t\t\t<a href=\"https:\/\/www.wizualhome.pl\/projekt\/metamorfoza-restauracji-pod-akacjami\/\" class=\"portfolio-thumbnail\">\n\t\t\t\t\t<img width=\"1024\" height=\"1024\" src=\"https:\/\/www.wizualhome.pl\/wp-content\/uploads\/2021\/02\/znaczek_2020.jpg\" class=\"attachment-large size-large wd-lazy-fade\" alt=\"\" decoding=\"async\" loading=\"lazy\" srcset=\"\" sizes=\"auto, (max-width: 1024px) 100vw, 1024px\" data-src=\"https:\/\/www.wizualhome.pl\/wp-content\/uploads\/2020\/05\/Pod_akacjami_wizualizacja_kw-1024x1024.jpg\" data-srcset=\"https:\/\/www.wizualhome.pl\/wp-content\/uploads\/2020\/05\/Pod_akacjami_wizualizacja_kw-1024x1024.jpg 1024w, https:\/\/www.wizualhome.pl\/wp-content\/uploads\/2020\/05\/Pod_akacjami_wizualizacja_kw-300x300.jpg 300w, https:\/\/www.wizualhome.pl\/wp-content\/uploads\/2020\/05\/Pod_akacjami_wizualizacja_kw-150x150.jpg 150w, https:\/\/www.wizualhome.pl\/wp-content\/uploads\/2020\/05\/Pod_akacjami_wizualizacja_kw-768x768.jpg 768w, https:\/\/www.wizualhome.pl\/wp-content\/uploads\/2020\/05\/Pod_akacjami_wizualizacja_kw-1200x1200.jpg 1200w, https:\/\/www.wizualhome.pl\/wp-content\/uploads\/2020\/05\/Pod_akacjami_wizualizacja_kw-600x600.jpg 600w, https:\/\/www.wizualhome.pl\/wp-content\/uploads\/2020\/05\/Pod_akacjami_wizualizacja_kw-100x100.jpg 100w, https:\/\/www.wizualhome.pl\/wp-content\/uploads\/2020\/05\/Pod_akacjami_wizualizacja_kw.jpg 1536w\" \/>\t\t\t\t<\/a>\n\t\t\t\t<div class=\"wd-portfolio-btns\">\n\t\t\t\t\t<div class=\"portfolio-enlarge wd-action-btn wd-style-icon wd-enlarge-icon\">\n\t\t\t\t\t\t<a href=\"https:\/\/www.wizualhome.pl\/wp-content\/uploads\/2020\/05\/Pod_akacjami_wizualizacja_kw.jpg\" data-elementor-open-lightbox=\"no\">View Large<\/a>\n\t\t\t\t\t<\/div>\n\t\t\t\t\t\t\t\t\t\t\t<div class=\"social-icons-wrapper wd-action-btn wd-style-icon wd-share-icon wd-tltp\">\n\t\t\t\t\t\t\t<a><\/a>\n\t\t\t\t\t\t\t<div class=\"tooltip left\">\n\t\t\t\t\t\t\t\t<div class=\"tooltip-arrow\"><\/div>\n\t\t\t\t\t\t\t\t<div class=\"tooltip-inner\">\n\t\t\t\t\t\t\t\t\t\t\t\t<div\n\t\t\t\t\t\tclass=\" wd-social-icons  wd-style-default wd-size-small social-share wd-shape-circle color-scheme-light text-center\">\n\t\t\t\t\n\t\t\t\t\n\t\t\t\t\t\t\t\t\t<a rel=\"noopener noreferrer nofollow\" href=\"https:\/\/www.facebook.com\/sharer\/sharer.php?u=https:\/\/www.wizualhome.pl\/projekt\/metamorfoza-restauracji-pod-akacjami\/\" target=\"_blank\" class=\" wd-social-icon social-facebook\" aria-label=\"Facebook social link\">\n\t\t\t\t\t\t<span class=\"wd-icon\"><\/span>\n\t\t\t\t\t\t\t\t\t\t\t<\/a>\n\t\t\t\t\n\t\t\t\t\t\t\t\t\t<a rel=\"noopener noreferrer nofollow\" href=\"https:\/\/x.com\/share?url=https:\/\/www.wizualhome.pl\/projekt\/metamorfoza-restauracji-pod-akacjami\/\" target=\"_blank\" class=\" wd-social-icon social-twitter\" aria-label=\"X social link\">\n\t\t\t\t\t\t<span class=\"wd-icon\"><\/span>\n\t\t\t\t\t\t\t\t\t\t\t<\/a>\n\t\t\t\t\n\t\t\t\t\n\t\t\t\t\t\t\t\t\t<a rel=\"noopener noreferrer nofollow\" href=\"mailto:?subject=Check%20this%20https:\/\/www.wizualhome.pl\/projekt\/metamorfoza-restauracji-pod-akacjami\/\" target=\"_blank\" class=\" wd-social-icon social-email\" aria-label=\"Email social link\">\n\t\t\t\t\t\t<span class=\"wd-icon\"><\/span>\n\t\t\t\t\t\t\t\t\t\t\t<\/a>\n\t\t\t\t\n\t\t\t\t\n\t\t\t\t\n\t\t\t\t\n\t\t\t\t\t\t\t\t\t<a rel=\"noopener noreferrer nofollow\" href=\"https:\/\/pinterest.com\/pin\/create\/button\/?url=https:\/\/www.wizualhome.pl\/projekt\/metamorfoza-restauracji-pod-akacjami\/&media=https:\/\/www.wizualhome.pl\/wp-content\/uploads\/2020\/05\/Pod_akacjami_wizualizacja_kw.jpg&description=Metamorfoza+restauracji+Pod%26nbsp%3BAkacjami\" target=\"_blank\" class=\" wd-social-icon social-pinterest\" aria-label=\"Pinterest social link\">\n\t\t\t\t\t\t<span class=\"wd-icon\"><\/span>\n\t\t\t\t\t\t\t\t\t\t\t<\/a>\n\t\t\t\t\n\t\t\t\t\n\t\t\t\t\t\t\t\t\t<a rel=\"noopener noreferrer nofollow\" href=\"https:\/\/www.linkedin.com\/shareArticle?mini=true&url=https:\/\/www.wizualhome.pl\/projekt\/metamorfoza-restauracji-pod-akacjami\/\" target=\"_blank\" class=\" wd-social-icon social-linkedin\" aria-label=\"Linkedin social link\">\n\t\t\t\t\t\t<span class=\"wd-icon\"><\/span>\n\t\t\t\t\t\t\t\t\t\t\t<\/a>\n\t\t\t\t\n\t\t\t\t\n\t\t\t\t\n\t\t\t\t\n\t\t\t\t\n\t\t\t\t\n\t\t\t\t\n\t\t\t\t\n\t\t\t\t\n\t\t\t\t\n\t\t\t\t\n\t\t\t\t\n\t\t\t\t\n\t\t\t\t\n\t\t\t\t\n\t\t\t\t\n\t\t\t\t\n\t\t\t<\/div>\n\n\t\t\t\t\t\t\t\t\t\t<\/div>\n\t\t\t\t\t\t\t<\/div>\n\t\t\t\t\t\t<\/div>\n\t\t\t\t\t\t\t\t\t<\/div>\n\t\t\t<\/figure>\n\t\t\n\t\t<div class=\"portfolio-info color-scheme-light\">\n\t\t\t\t\t\t\t<div class=\"wrap-meta\">\n\t\t\t\t\t<ul class=\"proj-cats-list\">\n\t\t\t\t\t\t\t\t\t\t\t\t\t\t\t\t\t\t\t\t<li>Restauracja<\/li>\n\t\t\t\t\t\t\t\t\t\t\t\t\t\t\t\t\t\t\t\t<li>Wizualizacja<\/li>\n\t\t\t\t\t\t\t\t\t\t\t<\/ul>\n\t\t\t\t<\/div>\n\t\t\t\n\t\t\t<div class=\"wrap-title\">\n\t\t\t\t<h3 class=\"wd-entities-title\">\n\t\t\t\t\t<a href=\"https:\/\/www.wizualhome.pl\/projekt\/metamorfoza-restauracji-pod-akacjami\/\" rel=\"bookmark\">Metamorfoza restauracji Pod&nbsp;Akacjami<\/a>\n\t\t\t\t<\/h3>\n\t\t\t<\/div>\n\t\t<\/div>\n\t<\/header>\n<\/article>\n\t\t\t\t\t\t\t\t\n<article id=\"post-9767\" class=\"wd-project portfolio-entry wd-col masonry-item portfolio-hover-inverse proj-cat-dom proj-cat-lazienka proj-cat-wizualizacja post-9767 portfolio type-portfolio status-publish has-post-thumbnail hentry project-cat-dom project-cat-lazienka project-cat-wizualizacja\">\n\t<header class=\"entry-header\">\n\t\t\t\t\t<figure class=\"entry-thumbnail color-scheme-light\">\n\t\t\t\t<a href=\"https:\/\/www.wizualhome.pl\/projekt\/lazienka-z-zielonymi-plytkami\/\" class=\"portfolio-thumbnail\">\n\t\t\t\t\t<img width=\"1024\" height=\"1024\" src=\"https:\/\/www.wizualhome.pl\/wp-content\/uploads\/2021\/02\/znaczek_2020.jpg\" class=\"attachment-large size-large wd-lazy-fade\" alt=\"\" decoding=\"async\" loading=\"lazy\" srcset=\"\" sizes=\"auto, (max-width: 1024px) 100vw, 1024px\" data-src=\"https:\/\/www.wizualhome.pl\/wp-content\/uploads\/2020\/05\/Brzeg_Lazienka_01_kw-1024x1024.jpg\" data-srcset=\"https:\/\/www.wizualhome.pl\/wp-content\/uploads\/2020\/05\/Brzeg_Lazienka_01_kw-1024x1024.jpg 1024w, https:\/\/www.wizualhome.pl\/wp-content\/uploads\/2020\/05\/Brzeg_Lazienka_01_kw-300x300.jpg 300w, https:\/\/www.wizualhome.pl\/wp-content\/uploads\/2020\/05\/Brzeg_Lazienka_01_kw-150x150.jpg 150w, https:\/\/www.wizualhome.pl\/wp-content\/uploads\/2020\/05\/Brzeg_Lazienka_01_kw-768x768.jpg 768w, https:\/\/www.wizualhome.pl\/wp-content\/uploads\/2020\/05\/Brzeg_Lazienka_01_kw-1200x1200.jpg 1200w, https:\/\/www.wizualhome.pl\/wp-content\/uploads\/2020\/05\/Brzeg_Lazienka_01_kw-600x600.jpg 600w, https:\/\/www.wizualhome.pl\/wp-content\/uploads\/2020\/05\/Brzeg_Lazienka_01_kw-100x100.jpg 100w, https:\/\/www.wizualhome.pl\/wp-content\/uploads\/2020\/05\/Brzeg_Lazienka_01_kw.jpg 1536w\" \/>\t\t\t\t<\/a>\n\t\t\t\t<div class=\"wd-portfolio-btns\">\n\t\t\t\t\t<div class=\"portfolio-enlarge wd-action-btn wd-style-icon wd-enlarge-icon\">\n\t\t\t\t\t\t<a href=\"https:\/\/www.wizualhome.pl\/wp-content\/uploads\/2020\/05\/Brzeg_Lazienka_01_kw.jpg\" data-elementor-open-lightbox=\"no\">View Large<\/a>\n\t\t\t\t\t<\/div>\n\t\t\t\t\t\t\t\t\t\t\t<div class=\"social-icons-wrapper wd-action-btn wd-style-icon wd-share-icon wd-tltp\">\n\t\t\t\t\t\t\t<a><\/a>\n\t\t\t\t\t\t\t<div class=\"tooltip left\">\n\t\t\t\t\t\t\t\t<div class=\"tooltip-arrow\"><\/div>\n\t\t\t\t\t\t\t\t<div class=\"tooltip-inner\">\n\t\t\t\t\t\t\t\t\t\t\t\t<div\n\t\t\t\t\t\tclass=\" wd-social-icons  wd-style-default wd-size-small social-share wd-shape-circle color-scheme-light text-center\">\n\t\t\t\t\n\t\t\t\t\n\t\t\t\t\t\t\t\t\t<a rel=\"noopener noreferrer nofollow\" href=\"https:\/\/www.facebook.com\/sharer\/sharer.php?u=https:\/\/www.wizualhome.pl\/projekt\/lazienka-z-zielonymi-plytkami\/\" target=\"_blank\" class=\" wd-social-icon social-facebook\" aria-label=\"Facebook social link\">\n\t\t\t\t\t\t<span class=\"wd-icon\"><\/span>\n\t\t\t\t\t\t\t\t\t\t\t<\/a>\n\t\t\t\t\n\t\t\t\t\t\t\t\t\t<a rel=\"noopener noreferrer nofollow\" href=\"https:\/\/x.com\/share?url=https:\/\/www.wizualhome.pl\/projekt\/lazienka-z-zielonymi-plytkami\/\" target=\"_blank\" class=\" wd-social-icon social-twitter\" aria-label=\"X social link\">\n\t\t\t\t\t\t<span class=\"wd-icon\"><\/span>\n\t\t\t\t\t\t\t\t\t\t\t<\/a>\n\t\t\t\t\n\t\t\t\t\n\t\t\t\t\t\t\t\t\t<a rel=\"noopener noreferrer nofollow\" href=\"mailto:?subject=Check%20this%20https:\/\/www.wizualhome.pl\/projekt\/lazienka-z-zielonymi-plytkami\/\" target=\"_blank\" class=\" wd-social-icon social-email\" aria-label=\"Email social link\">\n\t\t\t\t\t\t<span class=\"wd-icon\"><\/span>\n\t\t\t\t\t\t\t\t\t\t\t<\/a>\n\t\t\t\t\n\t\t\t\t\n\t\t\t\t\n\t\t\t\t\n\t\t\t\t\t\t\t\t\t<a rel=\"noopener noreferrer nofollow\" href=\"https:\/\/pinterest.com\/pin\/create\/button\/?url=https:\/\/www.wizualhome.pl\/projekt\/lazienka-z-zielonymi-plytkami\/&media=https:\/\/www.wizualhome.pl\/wp-content\/uploads\/2020\/05\/Brzeg_Lazienka_01_kw.jpg&description=%C5%81azienka+z%26nbsp%3Bzielonymi+p%C5%82ytkami\" target=\"_blank\" class=\" wd-social-icon social-pinterest\" aria-label=\"Pinterest social link\">\n\t\t\t\t\t\t<span class=\"wd-icon\"><\/span>\n\t\t\t\t\t\t\t\t\t\t\t<\/a>\n\t\t\t\t\n\t\t\t\t\n\t\t\t\t\t\t\t\t\t<a rel=\"noopener noreferrer nofollow\" href=\"https:\/\/www.linkedin.com\/shareArticle?mini=true&url=https:\/\/www.wizualhome.pl\/projekt\/lazienka-z-zielonymi-plytkami\/\" target=\"_blank\" class=\" wd-social-icon social-linkedin\" aria-label=\"Linkedin social link\">\n\t\t\t\t\t\t<span class=\"wd-icon\"><\/span>\n\t\t\t\t\t\t\t\t\t\t\t<\/a>\n\t\t\t\t\n\t\t\t\t\n\t\t\t\t\n\t\t\t\t\n\t\t\t\t\n\t\t\t\t\n\t\t\t\t\n\t\t\t\t\n\t\t\t\t\n\t\t\t\t\n\t\t\t\t\n\t\t\t\t\n\t\t\t\t\n\t\t\t\t\n\t\t\t\t\n\t\t\t\t\n\t\t\t\t\n\t\t\t<\/div>\n\n\t\t\t\t\t\t\t\t\t\t<\/div>\n\t\t\t\t\t\t\t<\/div>\n\t\t\t\t\t\t<\/div>\n\t\t\t\t\t\t\t\t\t<\/div>\n\t\t\t<\/figure>\n\t\t\n\t\t<div class=\"portfolio-info color-scheme-light\">\n\t\t\t\t\t\t\t<div class=\"wrap-meta\">\n\t\t\t\t\t<ul class=\"proj-cats-list\">\n\t\t\t\t\t\t\t\t\t\t\t\t\t\t\t\t\t\t\t\t<li>Dom<\/li>\n\t\t\t\t\t\t\t\t\t\t\t\t\t\t\t\t\t\t\t\t<li>\u0141azienka<\/li>\n\t\t\t\t\t\t\t\t\t\t\t\t\t\t\t\t\t\t\t\t<li>Wizualizacja<\/li>\n\t\t\t\t\t\t\t\t\t\t\t<\/ul>\n\t\t\t\t<\/div>\n\t\t\t\n\t\t\t<div class=\"wrap-title\">\n\t\t\t\t<h3 class=\"wd-entities-title\">\n\t\t\t\t\t<a href=\"https:\/\/www.wizualhome.pl\/projekt\/lazienka-z-zielonymi-plytkami\/\" rel=\"bookmark\">\u0141azienka z&nbsp;zielonymi p\u0142ytkami<\/a>\n\t\t\t\t<\/h3>\n\t\t\t<\/div>\n\t\t<\/div>\n\t<\/header>\n<\/article>\n\t\t\t\t\t\t\t\t\n<article id=\"post-9754\" class=\"wd-project portfolio-entry wd-col masonry-item portfolio-hover-inverse proj-cat-salon proj-cat-wizualizacja post-9754 portfolio type-portfolio status-publish has-post-thumbnail hentry project-cat-salon project-cat-wizualizacja\">\n\t<header class=\"entry-header\">\n\t\t\t\t\t<figure class=\"entry-thumbnail color-scheme-light\">\n\t\t\t\t<a href=\"https:\/\/www.wizualhome.pl\/projekt\/salon-w-stylu-hampton\/\" class=\"portfolio-thumbnail\">\n\t\t\t\t\t<img width=\"1024\" height=\"1024\" src=\"https:\/\/www.wizualhome.pl\/wp-content\/uploads\/2021\/02\/znaczek_2020.jpg\" class=\"attachment-large size-large wd-lazy-fade\" alt=\"\" decoding=\"async\" loading=\"lazy\" srcset=\"\" sizes=\"auto, (max-width: 1024px) 100vw, 1024px\" data-src=\"https:\/\/www.wizualhome.pl\/wp-content\/uploads\/2020\/05\/salon_hampton_wizualizacja_kw-1024x1024.jpg\" data-srcset=\"https:\/\/www.wizualhome.pl\/wp-content\/uploads\/2020\/05\/salon_hampton_wizualizacja_kw-1024x1024.jpg 1024w, https:\/\/www.wizualhome.pl\/wp-content\/uploads\/2020\/05\/salon_hampton_wizualizacja_kw-300x300.jpg 300w, https:\/\/www.wizualhome.pl\/wp-content\/uploads\/2020\/05\/salon_hampton_wizualizacja_kw-150x150.jpg 150w, https:\/\/www.wizualhome.pl\/wp-content\/uploads\/2020\/05\/salon_hampton_wizualizacja_kw-768x768.jpg 768w, https:\/\/www.wizualhome.pl\/wp-content\/uploads\/2020\/05\/salon_hampton_wizualizacja_kw-600x600.jpg 600w, https:\/\/www.wizualhome.pl\/wp-content\/uploads\/2020\/05\/salon_hampton_wizualizacja_kw-100x100.jpg 100w, https:\/\/www.wizualhome.pl\/wp-content\/uploads\/2020\/05\/salon_hampton_wizualizacja_kw.jpg 1080w\" \/>\t\t\t\t<\/a>\n\t\t\t\t<div class=\"wd-portfolio-btns\">\n\t\t\t\t\t<div class=\"portfolio-enlarge wd-action-btn wd-style-icon wd-enlarge-icon\">\n\t\t\t\t\t\t<a href=\"https:\/\/www.wizualhome.pl\/wp-content\/uploads\/2020\/05\/salon_hampton_wizualizacja_kw.jpg\" data-elementor-open-lightbox=\"no\">View Large<\/a>\n\t\t\t\t\t<\/div>\n\t\t\t\t\t\t\t\t\t\t\t<div class=\"social-icons-wrapper wd-action-btn wd-style-icon wd-share-icon wd-tltp\">\n\t\t\t\t\t\t\t<a><\/a>\n\t\t\t\t\t\t\t<div class=\"tooltip left\">\n\t\t\t\t\t\t\t\t<div class=\"tooltip-arrow\"><\/div>\n\t\t\t\t\t\t\t\t<div class=\"tooltip-inner\">\n\t\t\t\t\t\t\t\t\t\t\t\t<div\n\t\t\t\t\t\tclass=\" wd-social-icons  wd-style-default wd-size-small social-share wd-shape-circle color-scheme-light text-center\">\n\t\t\t\t\n\t\t\t\t\n\t\t\t\t\t\t\t\t\t<a rel=\"noopener noreferrer nofollow\" href=\"https:\/\/www.facebook.com\/sharer\/sharer.php?u=https:\/\/www.wizualhome.pl\/projekt\/salon-w-stylu-hampton\/\" target=\"_blank\" class=\" wd-social-icon social-facebook\" aria-label=\"Facebook social link\">\n\t\t\t\t\t\t<span class=\"wd-icon\"><\/span>\n\t\t\t\t\t\t\t\t\t\t\t<\/a>\n\t\t\t\t\n\t\t\t\t\t\t\t\t\t<a rel=\"noopener noreferrer nofollow\" href=\"https:\/\/x.com\/share?url=https:\/\/www.wizualhome.pl\/projekt\/salon-w-stylu-hampton\/\" target=\"_blank\" class=\" wd-social-icon social-twitter\" aria-label=\"X social link\">\n\t\t\t\t\t\t<span class=\"wd-icon\"><\/span>\n\t\t\t\t\t\t\t\t\t\t\t<\/a>\n\t\t\t\t\n\t\t\t\t\n\t\t\t\t\t\t\t\t\t<a rel=\"noopener noreferrer nofollow\" href=\"mailto:?subject=Check%20this%20https:\/\/www.wizualhome.pl\/projekt\/salon-w-stylu-hampton\/\" target=\"_blank\" class=\" wd-social-icon social-email\" aria-label=\"Email social link\">\n\t\t\t\t\t\t<span class=\"wd-icon\"><\/span>\n\t\t\t\t\t\t\t\t\t\t\t<\/a>\n\t\t\t\t\n\t\t\t\t\n\t\t\t\t\n\t\t\t\t\n\t\t\t\t\t\t\t\t\t<a rel=\"noopener noreferrer nofollow\" href=\"https:\/\/pinterest.com\/pin\/create\/button\/?url=https:\/\/www.wizualhome.pl\/projekt\/salon-w-stylu-hampton\/&media=https:\/\/www.wizualhome.pl\/wp-content\/uploads\/2020\/05\/salon_hampton_wizualizacja_kw.jpg&description=Salon+w%26nbsp%3Bstylu+Hampton\" target=\"_blank\" class=\" wd-social-icon social-pinterest\" aria-label=\"Pinterest social link\">\n\t\t\t\t\t\t<span class=\"wd-icon\"><\/span>\n\t\t\t\t\t\t\t\t\t\t\t<\/a>\n\t\t\t\t\n\t\t\t\t\n\t\t\t\t\t\t\t\t\t<a rel=\"noopener noreferrer nofollow\" href=\"https:\/\/www.linkedin.com\/shareArticle?mini=true&url=https:\/\/www.wizualhome.pl\/projekt\/salon-w-stylu-hampton\/\" target=\"_blank\" class=\" wd-social-icon social-linkedin\" aria-label=\"Linkedin social link\">\n\t\t\t\t\t\t<span class=\"wd-icon\"><\/span>\n\t\t\t\t\t\t\t\t\t\t\t<\/a>\n\t\t\t\t\n\t\t\t\t\n\t\t\t\t\n\t\t\t\t\n\t\t\t\t\n\t\t\t\t\n\t\t\t\t\n\t\t\t\t\n\t\t\t\t\n\t\t\t\t\n\t\t\t\t\n\t\t\t\t\n\t\t\t\t\n\t\t\t\t\n\t\t\t\t\n\t\t\t\t\n\t\t\t\t\n\t\t\t<\/div>\n\n\t\t\t\t\t\t\t\t\t\t<\/div>\n\t\t\t\t\t\t\t<\/div>\n\t\t\t\t\t\t<\/div>\n\t\t\t\t\t\t\t\t\t<\/div>\n\t\t\t<\/figure>\n\t\t\n\t\t<div class=\"portfolio-info color-scheme-light\">\n\t\t\t\t\t\t\t<div class=\"wrap-meta\">\n\t\t\t\t\t<ul class=\"proj-cats-list\">\n\t\t\t\t\t\t\t\t\t\t\t\t\t\t\t\t\t\t\t\t<li>Salon<\/li>\n\t\t\t\t\t\t\t\t\t\t\t\t\t\t\t\t\t\t\t\t<li>Wizualizacja<\/li>\n\t\t\t\t\t\t\t\t\t\t\t<\/ul>\n\t\t\t\t<\/div>\n\t\t\t\n\t\t\t<div class=\"wrap-title\">\n\t\t\t\t<h3 class=\"wd-entities-title\">\n\t\t\t\t\t<a href=\"https:\/\/www.wizualhome.pl\/projekt\/salon-w-stylu-hampton\/\" rel=\"bookmark\">Salon w&nbsp;stylu Hampton<\/a>\n\t\t\t\t<\/h3>\n\t\t\t<\/div>\n\t\t<\/div>\n\t<\/header>\n<\/article>\n\t\t\t\t\t\t\t\t\n<article id=\"post-9751\" class=\"wd-project portfolio-entry wd-col masonry-item portfolio-hover-inverse proj-cat-kuchnia proj-cat-wizualizacja post-9751 portfolio type-portfolio status-publish has-post-thumbnail hentry project-cat-kuchnia project-cat-wizualizacja\">\n\t<header class=\"entry-header\">\n\t\t\t\t\t<figure class=\"entry-thumbnail color-scheme-light\">\n\t\t\t\t<a href=\"https:\/\/www.wizualhome.pl\/projekt\/mala-kuchnia-w-bloku\/\" class=\"portfolio-thumbnail\">\n\t\t\t\t\t<img width=\"1024\" height=\"1024\" src=\"https:\/\/www.wizualhome.pl\/wp-content\/uploads\/2021\/02\/znaczek_2020.jpg\" class=\"attachment-large size-large wd-lazy-fade\" alt=\"\" decoding=\"async\" loading=\"lazy\" srcset=\"\" sizes=\"auto, (max-width: 1024px) 100vw, 1024px\" data-src=\"https:\/\/www.wizualhome.pl\/wp-content\/uploads\/2020\/05\/kuchnia_03_kw-1024x1024.jpg\" data-srcset=\"https:\/\/www.wizualhome.pl\/wp-content\/uploads\/2020\/05\/kuchnia_03_kw-1024x1024.jpg 1024w, https:\/\/www.wizualhome.pl\/wp-content\/uploads\/2020\/05\/kuchnia_03_kw-300x300.jpg 300w, https:\/\/www.wizualhome.pl\/wp-content\/uploads\/2020\/05\/kuchnia_03_kw-150x150.jpg 150w, https:\/\/www.wizualhome.pl\/wp-content\/uploads\/2020\/05\/kuchnia_03_kw-768x768.jpg 768w, https:\/\/www.wizualhome.pl\/wp-content\/uploads\/2020\/05\/kuchnia_03_kw-1200x1200.jpg 1200w, https:\/\/www.wizualhome.pl\/wp-content\/uploads\/2020\/05\/kuchnia_03_kw-600x600.jpg 600w, https:\/\/www.wizualhome.pl\/wp-content\/uploads\/2020\/05\/kuchnia_03_kw-100x100.jpg 100w, https:\/\/www.wizualhome.pl\/wp-content\/uploads\/2020\/05\/kuchnia_03_kw.jpg 1536w\" \/>\t\t\t\t<\/a>\n\t\t\t\t<div class=\"wd-portfolio-btns\">\n\t\t\t\t\t<div class=\"portfolio-enlarge wd-action-btn wd-style-icon wd-enlarge-icon\">\n\t\t\t\t\t\t<a href=\"https:\/\/www.wizualhome.pl\/wp-content\/uploads\/2020\/05\/kuchnia_03_kw.jpg\" data-elementor-open-lightbox=\"no\">View Large<\/a>\n\t\t\t\t\t<\/div>\n\t\t\t\t\t\t\t\t\t\t\t<div class=\"social-icons-wrapper wd-action-btn wd-style-icon wd-share-icon wd-tltp\">\n\t\t\t\t\t\t\t<a><\/a>\n\t\t\t\t\t\t\t<div class=\"tooltip left\">\n\t\t\t\t\t\t\t\t<div class=\"tooltip-arrow\"><\/div>\n\t\t\t\t\t\t\t\t<div class=\"tooltip-inner\">\n\t\t\t\t\t\t\t\t\t\t\t\t<div\n\t\t\t\t\t\tclass=\" wd-social-icons  wd-style-default wd-size-small social-share wd-shape-circle color-scheme-light text-center\">\n\t\t\t\t\n\t\t\t\t\n\t\t\t\t\t\t\t\t\t<a rel=\"noopener noreferrer nofollow\" href=\"https:\/\/www.facebook.com\/sharer\/sharer.php?u=https:\/\/www.wizualhome.pl\/projekt\/mala-kuchnia-w-bloku\/\" target=\"_blank\" class=\" wd-social-icon social-facebook\" aria-label=\"Facebook social link\">\n\t\t\t\t\t\t<span class=\"wd-icon\"><\/span>\n\t\t\t\t\t\t\t\t\t\t\t<\/a>\n\t\t\t\t\n\t\t\t\t\t\t\t\t\t<a rel=\"noopener noreferrer nofollow\" href=\"https:\/\/x.com\/share?url=https:\/\/www.wizualhome.pl\/projekt\/mala-kuchnia-w-bloku\/\" target=\"_blank\" class=\" wd-social-icon social-twitter\" aria-label=\"X social link\">\n\t\t\t\t\t\t<span class=\"wd-icon\"><\/span>\n\t\t\t\t\t\t\t\t\t\t\t<\/a>\n\t\t\t\t\n\t\t\t\t\n\t\t\t\t\t\t\t\t\t<a rel=\"noopener noreferrer nofollow\" href=\"mailto:?subject=Check%20this%20https:\/\/www.wizualhome.pl\/projekt\/mala-kuchnia-w-bloku\/\" target=\"_blank\" class=\" wd-social-icon social-email\" aria-label=\"Email social link\">\n\t\t\t\t\t\t<span class=\"wd-icon\"><\/span>\n\t\t\t\t\t\t\t\t\t\t\t<\/a>\n\t\t\t\t\n\t\t\t\t\n\t\t\t\t\n\t\t\t\t\n\t\t\t\t\t\t\t\t\t<a rel=\"noopener noreferrer nofollow\" href=\"https:\/\/pinterest.com\/pin\/create\/button\/?url=https:\/\/www.wizualhome.pl\/projekt\/mala-kuchnia-w-bloku\/&media=https:\/\/www.wizualhome.pl\/wp-content\/uploads\/2020\/05\/kuchnia_03_kw.jpg&description=Ma%C5%82a+kuchnia+w%26nbsp%3Bbloku\" target=\"_blank\" class=\" wd-social-icon social-pinterest\" aria-label=\"Pinterest social link\">\n\t\t\t\t\t\t<span class=\"wd-icon\"><\/span>\n\t\t\t\t\t\t\t\t\t\t\t<\/a>\n\t\t\t\t\n\t\t\t\t\n\t\t\t\t\t\t\t\t\t<a rel=\"noopener noreferrer nofollow\" href=\"https:\/\/www.linkedin.com\/shareArticle?mini=true&url=https:\/\/www.wizualhome.pl\/projekt\/mala-kuchnia-w-bloku\/\" target=\"_blank\" class=\" wd-social-icon social-linkedin\" aria-label=\"Linkedin social link\">\n\t\t\t\t\t\t<span class=\"wd-icon\"><\/span>\n\t\t\t\t\t\t\t\t\t\t\t<\/a>\n\t\t\t\t\n\t\t\t\t\n\t\t\t\t\n\t\t\t\t\n\t\t\t\t\n\t\t\t\t\n\t\t\t\t\n\t\t\t\t\n\t\t\t\t\n\t\t\t\t\n\t\t\t\t\n\t\t\t\t\n\t\t\t\t\n\t\t\t\t\n\t\t\t\t\n\t\t\t\t\n\t\t\t\t\n\t\t\t<\/div>\n\n\t\t\t\t\t\t\t\t\t\t<\/div>\n\t\t\t\t\t\t\t<\/div>\n\t\t\t\t\t\t<\/div>\n\t\t\t\t\t\t\t\t\t<\/div>\n\t\t\t<\/figure>\n\t\t\n\t\t<div class=\"portfolio-info color-scheme-light\">\n\t\t\t\t\t\t\t<div class=\"wrap-meta\">\n\t\t\t\t\t<ul class=\"proj-cats-list\">\n\t\t\t\t\t\t\t\t\t\t\t\t\t\t\t\t\t\t\t\t<li>Kuchnia<\/li>\n\t\t\t\t\t\t\t\t\t\t\t\t\t\t\t\t\t\t\t\t<li>Wizualizacja<\/li>\n\t\t\t\t\t\t\t\t\t\t\t<\/ul>\n\t\t\t\t<\/div>\n\t\t\t\n\t\t\t<div class=\"wrap-title\">\n\t\t\t\t<h3 class=\"wd-entities-title\">\n\t\t\t\t\t<a href=\"https:\/\/www.wizualhome.pl\/projekt\/mala-kuchnia-w-bloku\/\" rel=\"bookmark\">Ma\u0142a kuchnia w&nbsp;bloku<\/a>\n\t\t\t\t<\/h3>\n\t\t\t<\/div>\n\t\t<\/div>\n\t<\/header>\n<\/article>\n\t\t\t\t\t\t\t\t\n<article id=\"post-2486\" class=\"wd-project portfolio-entry wd-col masonry-item portfolio-hover-inverse proj-cat-lazienka proj-cat-wizualizacja post-2486 portfolio type-portfolio status-publish has-post-thumbnail hentry project-cat-lazienka project-cat-wizualizacja\">\n\t<header class=\"entry-header\">\n\t\t\t\t\t<figure class=\"entry-thumbnail color-scheme-light\">\n\t\t\t\t<a href=\"https:\/\/www.wizualhome.pl\/projekt\/lazienka-w-szarosciach\/\" class=\"portfolio-thumbnail\">\n\t\t\t\t\t<img width=\"1024\" height=\"1024\" src=\"https:\/\/www.wizualhome.pl\/wp-content\/uploads\/2021\/02\/znaczek_2020.jpg\" class=\"attachment-large size-large wd-lazy-fade\" alt=\"\" decoding=\"async\" loading=\"lazy\" srcset=\"\" sizes=\"auto, (max-width: 1024px) 100vw, 1024px\" data-src=\"https:\/\/www.wizualhome.pl\/wp-content\/uploads\/2019\/01\/Lazienka_w_szarosciach_KW-1024x1024.jpg\" data-srcset=\"https:\/\/www.wizualhome.pl\/wp-content\/uploads\/2019\/01\/Lazienka_w_szarosciach_KW-1024x1024.jpg 1024w, https:\/\/www.wizualhome.pl\/wp-content\/uploads\/2019\/01\/Lazienka_w_szarosciach_KW-600x600.jpg 600w, https:\/\/www.wizualhome.pl\/wp-content\/uploads\/2019\/01\/Lazienka_w_szarosciach_KW-150x150.jpg 150w, https:\/\/www.wizualhome.pl\/wp-content\/uploads\/2019\/01\/Lazienka_w_szarosciach_KW-300x300.jpg 300w, https:\/\/www.wizualhome.pl\/wp-content\/uploads\/2019\/01\/Lazienka_w_szarosciach_KW-768x768.jpg 768w, https:\/\/www.wizualhome.pl\/wp-content\/uploads\/2019\/01\/Lazienka_w_szarosciach_KW-100x100.jpg 100w, https:\/\/www.wizualhome.pl\/wp-content\/uploads\/2019\/01\/Lazienka_w_szarosciach_KW.jpg 1080w\" \/>\t\t\t\t<\/a>\n\t\t\t\t<div class=\"wd-portfolio-btns\">\n\t\t\t\t\t<div class=\"portfolio-enlarge wd-action-btn wd-style-icon wd-enlarge-icon\">\n\t\t\t\t\t\t<a href=\"https:\/\/www.wizualhome.pl\/wp-content\/uploads\/2019\/01\/Lazienka_w_szarosciach_KW.jpg\" data-elementor-open-lightbox=\"no\">View Large<\/a>\n\t\t\t\t\t<\/div>\n\t\t\t\t\t\t\t\t\t\t\t<div class=\"social-icons-wrapper wd-action-btn wd-style-icon wd-share-icon wd-tltp\">\n\t\t\t\t\t\t\t<a><\/a>\n\t\t\t\t\t\t\t<div class=\"tooltip left\">\n\t\t\t\t\t\t\t\t<div class=\"tooltip-arrow\"><\/div>\n\t\t\t\t\t\t\t\t<div class=\"tooltip-inner\">\n\t\t\t\t\t\t\t\t\t\t\t\t<div\n\t\t\t\t\t\tclass=\" wd-social-icons  wd-style-default wd-size-small social-share wd-shape-circle color-scheme-light text-center\">\n\t\t\t\t\n\t\t\t\t\n\t\t\t\t\t\t\t\t\t<a rel=\"noopener noreferrer nofollow\" href=\"https:\/\/www.facebook.com\/sharer\/sharer.php?u=https:\/\/www.wizualhome.pl\/projekt\/lazienka-w-szarosciach\/\" target=\"_blank\" class=\" wd-social-icon social-facebook\" aria-label=\"Facebook social link\">\n\t\t\t\t\t\t<span class=\"wd-icon\"><\/span>\n\t\t\t\t\t\t\t\t\t\t\t<\/a>\n\t\t\t\t\n\t\t\t\t\t\t\t\t\t<a rel=\"noopener noreferrer nofollow\" href=\"https:\/\/x.com\/share?url=https:\/\/www.wizualhome.pl\/projekt\/lazienka-w-szarosciach\/\" target=\"_blank\" class=\" wd-social-icon social-twitter\" aria-label=\"X social link\">\n\t\t\t\t\t\t<span class=\"wd-icon\"><\/span>\n\t\t\t\t\t\t\t\t\t\t\t<\/a>\n\t\t\t\t\n\t\t\t\t\n\t\t\t\t\t\t\t\t\t<a rel=\"noopener noreferrer nofollow\" href=\"mailto:?subject=Check%20this%20https:\/\/www.wizualhome.pl\/projekt\/lazienka-w-szarosciach\/\" target=\"_blank\" class=\" wd-social-icon social-email\" aria-label=\"Email social link\">\n\t\t\t\t\t\t<span class=\"wd-icon\"><\/span>\n\t\t\t\t\t\t\t\t\t\t\t<\/a>\n\t\t\t\t\n\t\t\t\t\n\t\t\t\t\n\t\t\t\t\n\t\t\t\t\t\t\t\t\t<a rel=\"noopener noreferrer nofollow\" href=\"https:\/\/pinterest.com\/pin\/create\/button\/?url=https:\/\/www.wizualhome.pl\/projekt\/lazienka-w-szarosciach\/&media=https:\/\/www.wizualhome.pl\/wp-content\/uploads\/2019\/01\/Lazienka_w_szarosciach_KW.jpg&description=%C5%81azienka+w%26nbsp%3Bszaro%C5%9Bciach\" target=\"_blank\" class=\" wd-social-icon social-pinterest\" aria-label=\"Pinterest social link\">\n\t\t\t\t\t\t<span class=\"wd-icon\"><\/span>\n\t\t\t\t\t\t\t\t\t\t\t<\/a>\n\t\t\t\t\n\t\t\t\t\n\t\t\t\t\t\t\t\t\t<a rel=\"noopener noreferrer nofollow\" href=\"https:\/\/www.linkedin.com\/shareArticle?mini=true&url=https:\/\/www.wizualhome.pl\/projekt\/lazienka-w-szarosciach\/\" target=\"_blank\" class=\" wd-social-icon social-linkedin\" aria-label=\"Linkedin social link\">\n\t\t\t\t\t\t<span class=\"wd-icon\"><\/span>\n\t\t\t\t\t\t\t\t\t\t\t<\/a>\n\t\t\t\t\n\t\t\t\t\n\t\t\t\t\n\t\t\t\t\n\t\t\t\t\n\t\t\t\t\n\t\t\t\t\n\t\t\t\t\n\t\t\t\t\n\t\t\t\t\n\t\t\t\t\n\t\t\t\t\n\t\t\t\t\n\t\t\t\t\n\t\t\t\t\n\t\t\t\t\n\t\t\t\t\n\t\t\t<\/div>\n\n\t\t\t\t\t\t\t\t\t\t<\/div>\n\t\t\t\t\t\t\t<\/div>\n\t\t\t\t\t\t<\/div>\n\t\t\t\t\t\t\t\t\t<\/div>\n\t\t\t<\/figure>\n\t\t\n\t\t<div class=\"portfolio-info color-scheme-light\">\n\t\t\t\t\t\t\t<div class=\"wrap-meta\">\n\t\t\t\t\t<ul class=\"proj-cats-list\">\n\t\t\t\t\t\t\t\t\t\t\t\t\t\t\t\t\t\t\t\t<li>\u0141azienka<\/li>\n\t\t\t\t\t\t\t\t\t\t\t\t\t\t\t\t\t\t\t\t<li>Wizualizacja<\/li>\n\t\t\t\t\t\t\t\t\t\t\t<\/ul>\n\t\t\t\t<\/div>\n\t\t\t\n\t\t\t<div class=\"wrap-title\">\n\t\t\t\t<h3 class=\"wd-entities-title\">\n\t\t\t\t\t<a href=\"https:\/\/www.wizualhome.pl\/projekt\/lazienka-w-szarosciach\/\" rel=\"bookmark\">\u0141azienka w&nbsp;szaro\u015bciach<\/a>\n\t\t\t\t<\/h3>\n\t\t\t<\/div>\n\t\t<\/div>\n\t<\/header>\n<\/article>\n\t\t\t\t\t\t\t\t\n<article id=\"post-2433\" class=\"wd-project portfolio-entry wd-col masonry-item portfolio-hover-inverse proj-cat-dom proj-cat-jadalnia proj-cat-pokoj proj-cat-salon proj-cat-sypialnia proj-cat-wizualizacja post-2433 portfolio type-portfolio status-publish has-post-thumbnail hentry project-cat-dom project-cat-jadalnia project-cat-pokoj project-cat-salon project-cat-sypialnia project-cat-wizualizacja\">\n\t<header class=\"entry-header\">\n\t\t\t\t\t<figure class=\"entry-thumbnail color-scheme-light\">\n\t\t\t\t<a href=\"https:\/\/www.wizualhome.pl\/projekt\/mieszkanie-w-stylu-hygge\/\" class=\"portfolio-thumbnail\">\n\t\t\t\t\t<img width=\"1024\" height=\"1024\" src=\"https:\/\/www.wizualhome.pl\/wp-content\/uploads\/2021\/02\/znaczek_2020.jpg\" class=\"attachment-large size-large wd-lazy-fade\" alt=\"\" decoding=\"async\" loading=\"lazy\" srcset=\"\" sizes=\"auto, (max-width: 1024px) 100vw, 1024px\" data-src=\"https:\/\/www.wizualhome.pl\/wp-content\/uploads\/2018\/11\/Przytulne_wnetrze_KW-1024x1024.jpg\" data-srcset=\"https:\/\/www.wizualhome.pl\/wp-content\/uploads\/2018\/11\/Przytulne_wnetrze_KW-1024x1024.jpg 1024w, https:\/\/www.wizualhome.pl\/wp-content\/uploads\/2018\/11\/Przytulne_wnetrze_KW-600x600.jpg 600w, https:\/\/www.wizualhome.pl\/wp-content\/uploads\/2018\/11\/Przytulne_wnetrze_KW-1200x1200.jpg 1200w, https:\/\/www.wizualhome.pl\/wp-content\/uploads\/2018\/11\/Przytulne_wnetrze_KW-150x150.jpg 150w, https:\/\/www.wizualhome.pl\/wp-content\/uploads\/2018\/11\/Przytulne_wnetrze_KW-300x300.jpg 300w, https:\/\/www.wizualhome.pl\/wp-content\/uploads\/2018\/11\/Przytulne_wnetrze_KW-768x768.jpg 768w, https:\/\/www.wizualhome.pl\/wp-content\/uploads\/2018\/11\/Przytulne_wnetrze_KW-100x100.jpg 100w, https:\/\/www.wizualhome.pl\/wp-content\/uploads\/2018\/11\/Przytulne_wnetrze_KW.jpg 1536w\" \/>\t\t\t\t<\/a>\n\t\t\t\t<div class=\"wd-portfolio-btns\">\n\t\t\t\t\t<div class=\"portfolio-enlarge wd-action-btn wd-style-icon wd-enlarge-icon\">\n\t\t\t\t\t\t<a href=\"https:\/\/www.wizualhome.pl\/wp-content\/uploads\/2018\/11\/Przytulne_wnetrze_KW.jpg\" data-elementor-open-lightbox=\"no\">View Large<\/a>\n\t\t\t\t\t<\/div>\n\t\t\t\t\t\t\t\t\t\t\t<div class=\"social-icons-wrapper wd-action-btn wd-style-icon wd-share-icon wd-tltp\">\n\t\t\t\t\t\t\t<a><\/a>\n\t\t\t\t\t\t\t<div class=\"tooltip left\">\n\t\t\t\t\t\t\t\t<div class=\"tooltip-arrow\"><\/div>\n\t\t\t\t\t\t\t\t<div class=\"tooltip-inner\">\n\t\t\t\t\t\t\t\t\t\t\t\t<div\n\t\t\t\t\t\tclass=\" wd-social-icons  wd-style-default wd-size-small social-share wd-shape-circle color-scheme-light text-center\">\n\t\t\t\t\n\t\t\t\t\n\t\t\t\t\t\t\t\t\t<a rel=\"noopener noreferrer nofollow\" href=\"https:\/\/www.facebook.com\/sharer\/sharer.php?u=https:\/\/www.wizualhome.pl\/projekt\/mieszkanie-w-stylu-hygge\/\" target=\"_blank\" class=\" wd-social-icon social-facebook\" aria-label=\"Facebook social link\">\n\t\t\t\t\t\t<span class=\"wd-icon\"><\/span>\n\t\t\t\t\t\t\t\t\t\t\t<\/a>\n\t\t\t\t\n\t\t\t\t\t\t\t\t\t<a rel=\"noopener noreferrer nofollow\" href=\"https:\/\/x.com\/share?url=https:\/\/www.wizualhome.pl\/projekt\/mieszkanie-w-stylu-hygge\/\" target=\"_blank\" class=\" wd-social-icon social-twitter\" aria-label=\"X social link\">\n\t\t\t\t\t\t<span class=\"wd-icon\"><\/span>\n\t\t\t\t\t\t\t\t\t\t\t<\/a>\n\t\t\t\t\n\t\t\t\t\n\t\t\t\t\t\t\t\t\t<a rel=\"noopener noreferrer nofollow\" href=\"mailto:?subject=Check%20this%20https:\/\/www.wizualhome.pl\/projekt\/mieszkanie-w-stylu-hygge\/\" target=\"_blank\" class=\" wd-social-icon social-email\" aria-label=\"Email social link\">\n\t\t\t\t\t\t<span class=\"wd-icon\"><\/span>\n\t\t\t\t\t\t\t\t\t\t\t<\/a>\n\t\t\t\t\n\t\t\t\t\n\t\t\t\t\n\t\t\t\t\n\t\t\t\t\t\t\t\t\t<a rel=\"noopener noreferrer nofollow\" href=\"https:\/\/pinterest.com\/pin\/create\/button\/?url=https:\/\/www.wizualhome.pl\/projekt\/mieszkanie-w-stylu-hygge\/&media=https:\/\/www.wizualhome.pl\/wp-content\/uploads\/2018\/11\/Przytulne_wnetrze_KW.jpg&description=Mieszkanie+w%26nbsp%3Bstylu+hygge\" target=\"_blank\" class=\" wd-social-icon social-pinterest\" aria-label=\"Pinterest social link\">\n\t\t\t\t\t\t<span class=\"wd-icon\"><\/span>\n\t\t\t\t\t\t\t\t\t\t\t<\/a>\n\t\t\t\t\n\t\t\t\t\n\t\t\t\t\t\t\t\t\t<a rel=\"noopener noreferrer nofollow\" href=\"https:\/\/www.linkedin.com\/shareArticle?mini=true&url=https:\/\/www.wizualhome.pl\/projekt\/mieszkanie-w-stylu-hygge\/\" target=\"_blank\" class=\" wd-social-icon social-linkedin\" aria-label=\"Linkedin social link\">\n\t\t\t\t\t\t<span class=\"wd-icon\"><\/span>\n\t\t\t\t\t\t\t\t\t\t\t<\/a>\n\t\t\t\t\n\t\t\t\t\n\t\t\t\t\n\t\t\t\t\n\t\t\t\t\n\t\t\t\t\n\t\t\t\t\n\t\t\t\t\n\t\t\t\t\n\t\t\t\t\n\t\t\t\t\n\t\t\t\t\n\t\t\t\t\n\t\t\t\t\n\t\t\t\t\n\t\t\t\t\n\t\t\t\t\n\t\t\t<\/div>\n\n\t\t\t\t\t\t\t\t\t\t<\/div>\n\t\t\t\t\t\t\t<\/div>\n\t\t\t\t\t\t<\/div>\n\t\t\t\t\t\t\t\t\t<\/div>\n\t\t\t<\/figure>\n\t\t\n\t\t<div class=\"portfolio-info color-scheme-light\">\n\t\t\t\t\t\t\t<div class=\"wrap-meta\">\n\t\t\t\t\t<ul class=\"proj-cats-list\">\n\t\t\t\t\t\t\t\t\t\t\t\t\t\t\t\t\t\t\t\t<li>Dom<\/li>\n\t\t\t\t\t\t\t\t\t\t\t\t\t\t\t\t\t\t\t\t<li>Jadalnia<\/li>\n\t\t\t\t\t\t\t\t\t\t\t\t\t\t\t\t\t\t\t\t<li>Pok\u00f3j<\/li>\n\t\t\t\t\t\t\t\t\t\t\t\t\t\t\t\t\t\t\t\t<li>Salon<\/li>\n\t\t\t\t\t\t\t\t\t\t\t\t\t\t\t\t\t\t\t\t<li>Sypialnia<\/li>\n\t\t\t\t\t\t\t\t\t\t\t\t\t\t\t\t\t\t\t\t<li>Wizualizacja<\/li>\n\t\t\t\t\t\t\t\t\t\t\t<\/ul>\n\t\t\t\t<\/div>\n\t\t\t\n\t\t\t<div class=\"wrap-title\">\n\t\t\t\t<h3 class=\"wd-entities-title\">\n\t\t\t\t\t<a href=\"https:\/\/www.wizualhome.pl\/projekt\/mieszkanie-w-stylu-hygge\/\" rel=\"bookmark\">Mieszkanie w&nbsp;stylu hygge<\/a>\n\t\t\t\t<\/h3>\n\t\t\t<\/div>\n\t\t<\/div>\n\t<\/header>\n<\/article>\n\t\t\n\t\t\n\t\t\n\t\t\t\t\t","status":"have-posts","nextPage":"https:\/\/www.wizualhome.pl\/portfolio\/wizualizacja\/page\/4\/?woo_ajax=1","currentPage":"https:\/\/www.wizualhome.pl\/portfolio\/wizualizacja\/page\/3"}