		
		{"items":"\t\t\t<link rel=\"stylesheet\" id=\"wd-photoswipe-css\" href=\"https:\/\/www.wizualhome.pl\/wp-content\/themes\/woodmart\/css\/parts\/lib-photoswipe.min.css?ver=8.3.4\" type=\"text\/css\" media=\"all\" \/> \t\t\t\t\t\t<link rel=\"stylesheet\" id=\"wd-project-alt-css\" href=\"https:\/\/www.wizualhome.pl\/wp-content\/themes\/woodmart\/css\/parts\/project-alt.min.css?ver=8.3.4\" type=\"text\/css\" media=\"all\" \/> \t\t\t\n\t\t\n\t\t\n\t\t\t\t\t\t\t\t\n<article id=\"post-9756\" class=\"wd-project portfolio-entry wd-col masonry-item portfolio-hover-inverse proj-cat-dom proj-cat-kuchnia post-9756 portfolio type-portfolio status-publish has-post-thumbnail hentry project-cat-dom project-cat-kuchnia\">\n\t<header class=\"entry-header\">\n\t\t\t\t\t<figure class=\"entry-thumbnail color-scheme-light\">\n\t\t\t\t<a href=\"https:\/\/www.wizualhome.pl\/projekt\/kuchnia-z-butelkowa-zielenia\/\" class=\"portfolio-thumbnail\">\n\t\t\t\t\t<img width=\"1024\" height=\"1024\" src=\"https:\/\/www.wizualhome.pl\/wp-content\/uploads\/2020\/01\/Brzeg_wizualizacja_kuchnia_1_kw-1024x1024.jpg\" class=\"attachment-large size-large\" alt=\"\" decoding=\"async\" fetchpriority=\"high\" srcset=\"https:\/\/www.wizualhome.pl\/wp-content\/uploads\/2020\/01\/Brzeg_wizualizacja_kuchnia_1_kw-1024x1024.jpg 1024w, https:\/\/www.wizualhome.pl\/wp-content\/uploads\/2020\/01\/Brzeg_wizualizacja_kuchnia_1_kw-300x300.jpg 300w, https:\/\/www.wizualhome.pl\/wp-content\/uploads\/2020\/01\/Brzeg_wizualizacja_kuchnia_1_kw-150x150.jpg 150w, https:\/\/www.wizualhome.pl\/wp-content\/uploads\/2020\/01\/Brzeg_wizualizacja_kuchnia_1_kw-768x768.jpg 768w, https:\/\/www.wizualhome.pl\/wp-content\/uploads\/2020\/01\/Brzeg_wizualizacja_kuchnia_1_kw-1200x1200.jpg 1200w, https:\/\/www.wizualhome.pl\/wp-content\/uploads\/2020\/01\/Brzeg_wizualizacja_kuchnia_1_kw-600x600.jpg 600w, https:\/\/www.wizualhome.pl\/wp-content\/uploads\/2020\/01\/Brzeg_wizualizacja_kuchnia_1_kw-100x100.jpg 100w, https:\/\/www.wizualhome.pl\/wp-content\/uploads\/2020\/01\/Brzeg_wizualizacja_kuchnia_1_kw.jpg 1536w\" sizes=\"(max-width: 1024px) 100vw, 1024px\" \/>\t\t\t\t<\/a>\n\t\t\t\t<div class=\"wd-portfolio-btns\">\n\t\t\t\t\t<div class=\"portfolio-enlarge wd-action-btn wd-style-icon wd-enlarge-icon\">\n\t\t\t\t\t\t<a href=\"https:\/\/www.wizualhome.pl\/wp-content\/uploads\/2020\/01\/Brzeg_wizualizacja_kuchnia_1_kw.jpg\" data-elementor-open-lightbox=\"no\">View Large<\/a>\n\t\t\t\t\t<\/div>\n\t\t\t\t\t\t\t\t\t\t\t<div class=\"social-icons-wrapper wd-action-btn wd-style-icon wd-share-icon wd-tltp\">\n\t\t\t\t\t\t\t<a><\/a>\n\t\t\t\t\t\t\t<div class=\"tooltip left\">\n\t\t\t\t\t\t\t\t<div class=\"tooltip-arrow\"><\/div>\n\t\t\t\t\t\t\t\t<div class=\"tooltip-inner\">\n\t\t\t\t\t\t\t\t\t\t\t\t<link rel=\"stylesheet\" id=\"wd-social-icons-css\" href=\"https:\/\/www.wizualhome.pl\/wp-content\/themes\/woodmart\/css\/parts\/el-social-icons.min.css?ver=8.3.4\" type=\"text\/css\" media=\"all\" \/> \t\t\t\t\t\t<div\n\t\t\t\t\t\tclass=\" wd-social-icons  wd-style-default wd-size-small social-share wd-shape-circle color-scheme-light text-center\">\n\t\t\t\t\n\t\t\t\t\n\t\t\t\t\t\t\t\t\t<a rel=\"noopener noreferrer nofollow\" href=\"https:\/\/www.facebook.com\/sharer\/sharer.php?u=https:\/\/www.wizualhome.pl\/projekt\/kuchnia-z-butelkowa-zielenia\/\" target=\"_blank\" class=\" wd-social-icon social-facebook\" aria-label=\"Facebook social link\">\n\t\t\t\t\t\t<span class=\"wd-icon\"><\/span>\n\t\t\t\t\t\t\t\t\t\t\t<\/a>\n\t\t\t\t\n\t\t\t\t\t\t\t\t\t<a rel=\"noopener noreferrer nofollow\" href=\"https:\/\/x.com\/share?url=https:\/\/www.wizualhome.pl\/projekt\/kuchnia-z-butelkowa-zielenia\/\" target=\"_blank\" class=\" wd-social-icon social-twitter\" aria-label=\"X social link\">\n\t\t\t\t\t\t<span class=\"wd-icon\"><\/span>\n\t\t\t\t\t\t\t\t\t\t\t<\/a>\n\t\t\t\t\n\t\t\t\t\n\t\t\t\t\t\t\t\t\t<a rel=\"noopener noreferrer nofollow\" href=\"mailto:?subject=Check%20this%20https:\/\/www.wizualhome.pl\/projekt\/kuchnia-z-butelkowa-zielenia\/\" target=\"_blank\" class=\" wd-social-icon social-email\" aria-label=\"Email social link\">\n\t\t\t\t\t\t<span class=\"wd-icon\"><\/span>\n\t\t\t\t\t\t\t\t\t\t\t<\/a>\n\t\t\t\t\n\t\t\t\t\n\t\t\t\t\n\t\t\t\t\n\t\t\t\t\t\t\t\t\t<a rel=\"noopener noreferrer nofollow\" href=\"https:\/\/pinterest.com\/pin\/create\/button\/?url=https:\/\/www.wizualhome.pl\/projekt\/kuchnia-z-butelkowa-zielenia\/&media=https:\/\/www.wizualhome.pl\/wp-content\/uploads\/2020\/01\/Brzeg_wizualizacja_kuchnia_1_kw.jpg&description=Kuchnia+z%26nbsp%3Bbutelkow%C4%85+zieleni%C4%85\" target=\"_blank\" class=\" wd-social-icon social-pinterest\" aria-label=\"Pinterest social link\">\n\t\t\t\t\t\t<span class=\"wd-icon\"><\/span>\n\t\t\t\t\t\t\t\t\t\t\t<\/a>\n\t\t\t\t\n\t\t\t\t\n\t\t\t\t\t\t\t\t\t<a rel=\"noopener noreferrer nofollow\" href=\"https:\/\/www.linkedin.com\/shareArticle?mini=true&url=https:\/\/www.wizualhome.pl\/projekt\/kuchnia-z-butelkowa-zielenia\/\" target=\"_blank\" class=\" wd-social-icon social-linkedin\" aria-label=\"Linkedin social link\">\n\t\t\t\t\t\t<span class=\"wd-icon\"><\/span>\n\t\t\t\t\t\t\t\t\t\t\t<\/a>\n\t\t\t\t\n\t\t\t\t\n\t\t\t\t\n\t\t\t\t\n\t\t\t\t\n\t\t\t\t\n\t\t\t\t\n\t\t\t\t\n\t\t\t\t\n\t\t\t\t\n\t\t\t\t\n\t\t\t\t\n\t\t\t\t\n\t\t\t\t\n\t\t\t\t\n\t\t\t\t\n\t\t\t\t\n\t\t\t<\/div>\n\n\t\t\t\t\t\t\t\t\t\t<\/div>\n\t\t\t\t\t\t\t<\/div>\n\t\t\t\t\t\t<\/div>\n\t\t\t\t\t\t\t\t\t<\/div>\n\t\t\t<\/figure>\n\t\t\n\t\t<div class=\"portfolio-info color-scheme-light\">\n\t\t\t\t\t\t\t<div class=\"wrap-meta\">\n\t\t\t\t\t<ul class=\"proj-cats-list\">\n\t\t\t\t\t\t\t\t\t\t\t\t\t\t\t\t\t\t\t\t<li>Dom<\/li>\n\t\t\t\t\t\t\t\t\t\t\t\t\t\t\t\t\t\t\t\t<li>Kuchnia<\/li>\n\t\t\t\t\t\t\t\t\t\t\t<\/ul>\n\t\t\t\t<\/div>\n\t\t\t\n\t\t\t<div class=\"wrap-title\">\n\t\t\t\t<h3 class=\"wd-entities-title\">\n\t\t\t\t\t<a href=\"https:\/\/www.wizualhome.pl\/projekt\/kuchnia-z-butelkowa-zielenia\/\" rel=\"bookmark\">Kuchnia z&nbsp;butelkow\u0105 zieleni\u0105<\/a>\n\t\t\t\t<\/h3>\n\t\t\t<\/div>\n\t\t<\/div>\n\t<\/header>\n<\/article>\n\t\t\t\t\t\t\t\t\n<article id=\"post-9754\" class=\"wd-project portfolio-entry wd-col masonry-item portfolio-hover-inverse proj-cat-salon proj-cat-wizualizacja post-9754 portfolio type-portfolio status-publish has-post-thumbnail hentry project-cat-salon project-cat-wizualizacja\">\n\t<header class=\"entry-header\">\n\t\t\t\t\t<figure class=\"entry-thumbnail color-scheme-light\">\n\t\t\t\t<a href=\"https:\/\/www.wizualhome.pl\/projekt\/salon-w-stylu-hampton\/\" class=\"portfolio-thumbnail\">\n\t\t\t\t\t<img width=\"1024\" height=\"1024\" src=\"https:\/\/www.wizualhome.pl\/wp-content\/uploads\/2021\/02\/znaczek_2020.jpg\" class=\"attachment-large size-large wd-lazy-fade\" alt=\"\" decoding=\"async\" srcset=\"\" sizes=\"(max-width: 1024px) 100vw, 1024px\" data-src=\"https:\/\/www.wizualhome.pl\/wp-content\/uploads\/2020\/05\/salon_hampton_wizualizacja_kw-1024x1024.jpg\" data-srcset=\"https:\/\/www.wizualhome.pl\/wp-content\/uploads\/2020\/05\/salon_hampton_wizualizacja_kw-1024x1024.jpg 1024w, https:\/\/www.wizualhome.pl\/wp-content\/uploads\/2020\/05\/salon_hampton_wizualizacja_kw-300x300.jpg 300w, https:\/\/www.wizualhome.pl\/wp-content\/uploads\/2020\/05\/salon_hampton_wizualizacja_kw-150x150.jpg 150w, https:\/\/www.wizualhome.pl\/wp-content\/uploads\/2020\/05\/salon_hampton_wizualizacja_kw-768x768.jpg 768w, https:\/\/www.wizualhome.pl\/wp-content\/uploads\/2020\/05\/salon_hampton_wizualizacja_kw-600x600.jpg 600w, https:\/\/www.wizualhome.pl\/wp-content\/uploads\/2020\/05\/salon_hampton_wizualizacja_kw-100x100.jpg 100w, https:\/\/www.wizualhome.pl\/wp-content\/uploads\/2020\/05\/salon_hampton_wizualizacja_kw.jpg 1080w\" \/>\t\t\t\t<\/a>\n\t\t\t\t<div class=\"wd-portfolio-btns\">\n\t\t\t\t\t<div class=\"portfolio-enlarge wd-action-btn wd-style-icon wd-enlarge-icon\">\n\t\t\t\t\t\t<a href=\"https:\/\/www.wizualhome.pl\/wp-content\/uploads\/2020\/05\/salon_hampton_wizualizacja_kw.jpg\" data-elementor-open-lightbox=\"no\">View Large<\/a>\n\t\t\t\t\t<\/div>\n\t\t\t\t\t\t\t\t\t\t\t<div class=\"social-icons-wrapper wd-action-btn wd-style-icon wd-share-icon wd-tltp\">\n\t\t\t\t\t\t\t<a><\/a>\n\t\t\t\t\t\t\t<div class=\"tooltip left\">\n\t\t\t\t\t\t\t\t<div class=\"tooltip-arrow\"><\/div>\n\t\t\t\t\t\t\t\t<div class=\"tooltip-inner\">\n\t\t\t\t\t\t\t\t\t\t\t\t<div\n\t\t\t\t\t\tclass=\" wd-social-icons  wd-style-default wd-size-small social-share wd-shape-circle color-scheme-light text-center\">\n\t\t\t\t\n\t\t\t\t\n\t\t\t\t\t\t\t\t\t<a rel=\"noopener noreferrer nofollow\" href=\"https:\/\/www.facebook.com\/sharer\/sharer.php?u=https:\/\/www.wizualhome.pl\/projekt\/salon-w-stylu-hampton\/\" target=\"_blank\" class=\" wd-social-icon social-facebook\" aria-label=\"Facebook social link\">\n\t\t\t\t\t\t<span class=\"wd-icon\"><\/span>\n\t\t\t\t\t\t\t\t\t\t\t<\/a>\n\t\t\t\t\n\t\t\t\t\t\t\t\t\t<a rel=\"noopener noreferrer nofollow\" href=\"https:\/\/x.com\/share?url=https:\/\/www.wizualhome.pl\/projekt\/salon-w-stylu-hampton\/\" target=\"_blank\" class=\" wd-social-icon social-twitter\" aria-label=\"X social link\">\n\t\t\t\t\t\t<span class=\"wd-icon\"><\/span>\n\t\t\t\t\t\t\t\t\t\t\t<\/a>\n\t\t\t\t\n\t\t\t\t\n\t\t\t\t\t\t\t\t\t<a rel=\"noopener noreferrer nofollow\" href=\"mailto:?subject=Check%20this%20https:\/\/www.wizualhome.pl\/projekt\/salon-w-stylu-hampton\/\" target=\"_blank\" class=\" wd-social-icon social-email\" aria-label=\"Email social link\">\n\t\t\t\t\t\t<span class=\"wd-icon\"><\/span>\n\t\t\t\t\t\t\t\t\t\t\t<\/a>\n\t\t\t\t\n\t\t\t\t\n\t\t\t\t\n\t\t\t\t\n\t\t\t\t\t\t\t\t\t<a rel=\"noopener noreferrer nofollow\" href=\"https:\/\/pinterest.com\/pin\/create\/button\/?url=https:\/\/www.wizualhome.pl\/projekt\/salon-w-stylu-hampton\/&media=https:\/\/www.wizualhome.pl\/wp-content\/uploads\/2020\/05\/salon_hampton_wizualizacja_kw.jpg&description=Salon+w%26nbsp%3Bstylu+Hampton\" target=\"_blank\" class=\" wd-social-icon social-pinterest\" aria-label=\"Pinterest social link\">\n\t\t\t\t\t\t<span class=\"wd-icon\"><\/span>\n\t\t\t\t\t\t\t\t\t\t\t<\/a>\n\t\t\t\t\n\t\t\t\t\n\t\t\t\t\t\t\t\t\t<a rel=\"noopener noreferrer nofollow\" href=\"https:\/\/www.linkedin.com\/shareArticle?mini=true&url=https:\/\/www.wizualhome.pl\/projekt\/salon-w-stylu-hampton\/\" target=\"_blank\" class=\" wd-social-icon social-linkedin\" aria-label=\"Linkedin social link\">\n\t\t\t\t\t\t<span class=\"wd-icon\"><\/span>\n\t\t\t\t\t\t\t\t\t\t\t<\/a>\n\t\t\t\t\n\t\t\t\t\n\t\t\t\t\n\t\t\t\t\n\t\t\t\t\n\t\t\t\t\n\t\t\t\t\n\t\t\t\t\n\t\t\t\t\n\t\t\t\t\n\t\t\t\t\n\t\t\t\t\n\t\t\t\t\n\t\t\t\t\n\t\t\t\t\n\t\t\t\t\n\t\t\t\t\n\t\t\t<\/div>\n\n\t\t\t\t\t\t\t\t\t\t<\/div>\n\t\t\t\t\t\t\t<\/div>\n\t\t\t\t\t\t<\/div>\n\t\t\t\t\t\t\t\t\t<\/div>\n\t\t\t<\/figure>\n\t\t\n\t\t<div class=\"portfolio-info color-scheme-light\">\n\t\t\t\t\t\t\t<div class=\"wrap-meta\">\n\t\t\t\t\t<ul class=\"proj-cats-list\">\n\t\t\t\t\t\t\t\t\t\t\t\t\t\t\t\t\t\t\t\t<li>Salon<\/li>\n\t\t\t\t\t\t\t\t\t\t\t\t\t\t\t\t\t\t\t\t<li>Wizualizacja<\/li>\n\t\t\t\t\t\t\t\t\t\t\t<\/ul>\n\t\t\t\t<\/div>\n\t\t\t\n\t\t\t<div class=\"wrap-title\">\n\t\t\t\t<h3 class=\"wd-entities-title\">\n\t\t\t\t\t<a href=\"https:\/\/www.wizualhome.pl\/projekt\/salon-w-stylu-hampton\/\" rel=\"bookmark\">Salon w&nbsp;stylu Hampton<\/a>\n\t\t\t\t<\/h3>\n\t\t\t<\/div>\n\t\t<\/div>\n\t<\/header>\n<\/article>\n\t\t\t\t\t\t\t\t\n<article id=\"post-9751\" class=\"wd-project portfolio-entry wd-col masonry-item portfolio-hover-inverse proj-cat-kuchnia proj-cat-wizualizacja post-9751 portfolio type-portfolio status-publish has-post-thumbnail hentry project-cat-kuchnia project-cat-wizualizacja\">\n\t<header class=\"entry-header\">\n\t\t\t\t\t<figure class=\"entry-thumbnail color-scheme-light\">\n\t\t\t\t<a href=\"https:\/\/www.wizualhome.pl\/projekt\/mala-kuchnia-w-bloku\/\" class=\"portfolio-thumbnail\">\n\t\t\t\t\t<img width=\"1024\" height=\"1024\" src=\"https:\/\/www.wizualhome.pl\/wp-content\/uploads\/2021\/02\/znaczek_2020.jpg\" class=\"attachment-large size-large wd-lazy-fade\" alt=\"\" decoding=\"async\" srcset=\"\" sizes=\"(max-width: 1024px) 100vw, 1024px\" data-src=\"https:\/\/www.wizualhome.pl\/wp-content\/uploads\/2020\/05\/kuchnia_03_kw-1024x1024.jpg\" data-srcset=\"https:\/\/www.wizualhome.pl\/wp-content\/uploads\/2020\/05\/kuchnia_03_kw-1024x1024.jpg 1024w, https:\/\/www.wizualhome.pl\/wp-content\/uploads\/2020\/05\/kuchnia_03_kw-300x300.jpg 300w, https:\/\/www.wizualhome.pl\/wp-content\/uploads\/2020\/05\/kuchnia_03_kw-150x150.jpg 150w, https:\/\/www.wizualhome.pl\/wp-content\/uploads\/2020\/05\/kuchnia_03_kw-768x768.jpg 768w, https:\/\/www.wizualhome.pl\/wp-content\/uploads\/2020\/05\/kuchnia_03_kw-1200x1200.jpg 1200w, https:\/\/www.wizualhome.pl\/wp-content\/uploads\/2020\/05\/kuchnia_03_kw-600x600.jpg 600w, https:\/\/www.wizualhome.pl\/wp-content\/uploads\/2020\/05\/kuchnia_03_kw-100x100.jpg 100w, https:\/\/www.wizualhome.pl\/wp-content\/uploads\/2020\/05\/kuchnia_03_kw.jpg 1536w\" \/>\t\t\t\t<\/a>\n\t\t\t\t<div class=\"wd-portfolio-btns\">\n\t\t\t\t\t<div class=\"portfolio-enlarge wd-action-btn wd-style-icon wd-enlarge-icon\">\n\t\t\t\t\t\t<a href=\"https:\/\/www.wizualhome.pl\/wp-content\/uploads\/2020\/05\/kuchnia_03_kw.jpg\" data-elementor-open-lightbox=\"no\">View Large<\/a>\n\t\t\t\t\t<\/div>\n\t\t\t\t\t\t\t\t\t\t\t<div class=\"social-icons-wrapper wd-action-btn wd-style-icon wd-share-icon wd-tltp\">\n\t\t\t\t\t\t\t<a><\/a>\n\t\t\t\t\t\t\t<div class=\"tooltip left\">\n\t\t\t\t\t\t\t\t<div class=\"tooltip-arrow\"><\/div>\n\t\t\t\t\t\t\t\t<div class=\"tooltip-inner\">\n\t\t\t\t\t\t\t\t\t\t\t\t<div\n\t\t\t\t\t\tclass=\" wd-social-icons  wd-style-default wd-size-small social-share wd-shape-circle color-scheme-light text-center\">\n\t\t\t\t\n\t\t\t\t\n\t\t\t\t\t\t\t\t\t<a rel=\"noopener noreferrer nofollow\" href=\"https:\/\/www.facebook.com\/sharer\/sharer.php?u=https:\/\/www.wizualhome.pl\/projekt\/mala-kuchnia-w-bloku\/\" target=\"_blank\" class=\" wd-social-icon social-facebook\" aria-label=\"Facebook social link\">\n\t\t\t\t\t\t<span class=\"wd-icon\"><\/span>\n\t\t\t\t\t\t\t\t\t\t\t<\/a>\n\t\t\t\t\n\t\t\t\t\t\t\t\t\t<a rel=\"noopener noreferrer nofollow\" href=\"https:\/\/x.com\/share?url=https:\/\/www.wizualhome.pl\/projekt\/mala-kuchnia-w-bloku\/\" target=\"_blank\" class=\" wd-social-icon social-twitter\" aria-label=\"X social link\">\n\t\t\t\t\t\t<span class=\"wd-icon\"><\/span>\n\t\t\t\t\t\t\t\t\t\t\t<\/a>\n\t\t\t\t\n\t\t\t\t\n\t\t\t\t\t\t\t\t\t<a rel=\"noopener noreferrer nofollow\" href=\"mailto:?subject=Check%20this%20https:\/\/www.wizualhome.pl\/projekt\/mala-kuchnia-w-bloku\/\" target=\"_blank\" class=\" wd-social-icon social-email\" aria-label=\"Email social link\">\n\t\t\t\t\t\t<span class=\"wd-icon\"><\/span>\n\t\t\t\t\t\t\t\t\t\t\t<\/a>\n\t\t\t\t\n\t\t\t\t\n\t\t\t\t\n\t\t\t\t\n\t\t\t\t\t\t\t\t\t<a rel=\"noopener noreferrer nofollow\" href=\"https:\/\/pinterest.com\/pin\/create\/button\/?url=https:\/\/www.wizualhome.pl\/projekt\/mala-kuchnia-w-bloku\/&media=https:\/\/www.wizualhome.pl\/wp-content\/uploads\/2020\/05\/kuchnia_03_kw.jpg&description=Ma%C5%82a+kuchnia+w%26nbsp%3Bbloku\" target=\"_blank\" class=\" wd-social-icon social-pinterest\" aria-label=\"Pinterest social link\">\n\t\t\t\t\t\t<span class=\"wd-icon\"><\/span>\n\t\t\t\t\t\t\t\t\t\t\t<\/a>\n\t\t\t\t\n\t\t\t\t\n\t\t\t\t\t\t\t\t\t<a rel=\"noopener noreferrer nofollow\" href=\"https:\/\/www.linkedin.com\/shareArticle?mini=true&url=https:\/\/www.wizualhome.pl\/projekt\/mala-kuchnia-w-bloku\/\" target=\"_blank\" class=\" wd-social-icon social-linkedin\" aria-label=\"Linkedin social link\">\n\t\t\t\t\t\t<span class=\"wd-icon\"><\/span>\n\t\t\t\t\t\t\t\t\t\t\t<\/a>\n\t\t\t\t\n\t\t\t\t\n\t\t\t\t\n\t\t\t\t\n\t\t\t\t\n\t\t\t\t\n\t\t\t\t\n\t\t\t\t\n\t\t\t\t\n\t\t\t\t\n\t\t\t\t\n\t\t\t\t\n\t\t\t\t\n\t\t\t\t\n\t\t\t\t\n\t\t\t\t\n\t\t\t\t\n\t\t\t<\/div>\n\n\t\t\t\t\t\t\t\t\t\t<\/div>\n\t\t\t\t\t\t\t<\/div>\n\t\t\t\t\t\t<\/div>\n\t\t\t\t\t\t\t\t\t<\/div>\n\t\t\t<\/figure>\n\t\t\n\t\t<div class=\"portfolio-info color-scheme-light\">\n\t\t\t\t\t\t\t<div class=\"wrap-meta\">\n\t\t\t\t\t<ul class=\"proj-cats-list\">\n\t\t\t\t\t\t\t\t\t\t\t\t\t\t\t\t\t\t\t\t<li>Kuchnia<\/li>\n\t\t\t\t\t\t\t\t\t\t\t\t\t\t\t\t\t\t\t\t<li>Wizualizacja<\/li>\n\t\t\t\t\t\t\t\t\t\t\t<\/ul>\n\t\t\t\t<\/div>\n\t\t\t\n\t\t\t<div class=\"wrap-title\">\n\t\t\t\t<h3 class=\"wd-entities-title\">\n\t\t\t\t\t<a href=\"https:\/\/www.wizualhome.pl\/projekt\/mala-kuchnia-w-bloku\/\" rel=\"bookmark\">Ma\u0142a kuchnia w&nbsp;bloku<\/a>\n\t\t\t\t<\/h3>\n\t\t\t<\/div>\n\t\t<\/div>\n\t<\/header>\n<\/article>\n\t\t\t\t\t\t\t\t\n<article id=\"post-8145\" class=\"wd-project portfolio-entry wd-col masonry-item portfolio-hover-inverse proj-cat-kuchnia proj-cat-mieszkanie post-8145 portfolio type-portfolio status-publish has-post-thumbnail hentry project-cat-kuchnia project-cat-mieszkanie\">\n\t<header class=\"entry-header\">\n\t\t\t\t\t<figure class=\"entry-thumbnail color-scheme-light\">\n\t\t\t\t<a href=\"https:\/\/www.wizualhome.pl\/projekt\/kuchnia-z-niebieskim-akcentem\/\" class=\"portfolio-thumbnail\">\n\t\t\t\t\t<img width=\"1024\" height=\"1024\" src=\"https:\/\/www.wizualhome.pl\/wp-content\/uploads\/2021\/02\/znaczek_2020.jpg\" class=\"attachment-large size-large wd-lazy-fade\" alt=\"\" decoding=\"async\" loading=\"lazy\" srcset=\"\" sizes=\"auto, (max-width: 1024px) 100vw, 1024px\" data-src=\"https:\/\/www.wizualhome.pl\/wp-content\/uploads\/2020\/01\/Opole_kamienica_wizualizacja_kuchnia_06_kw-1024x1024.jpg\" data-srcset=\"https:\/\/www.wizualhome.pl\/wp-content\/uploads\/2020\/01\/Opole_kamienica_wizualizacja_kuchnia_06_kw-1024x1024.jpg 1024w, https:\/\/www.wizualhome.pl\/wp-content\/uploads\/2020\/01\/Opole_kamienica_wizualizacja_kuchnia_06_kw-300x300.jpg 300w, https:\/\/www.wizualhome.pl\/wp-content\/uploads\/2020\/01\/Opole_kamienica_wizualizacja_kuchnia_06_kw-150x150.jpg 150w, https:\/\/www.wizualhome.pl\/wp-content\/uploads\/2020\/01\/Opole_kamienica_wizualizacja_kuchnia_06_kw-768x768.jpg 768w, https:\/\/www.wizualhome.pl\/wp-content\/uploads\/2020\/01\/Opole_kamienica_wizualizacja_kuchnia_06_kw-1200x1200.jpg 1200w, https:\/\/www.wizualhome.pl\/wp-content\/uploads\/2020\/01\/Opole_kamienica_wizualizacja_kuchnia_06_kw-600x600.jpg 600w, https:\/\/www.wizualhome.pl\/wp-content\/uploads\/2020\/01\/Opole_kamienica_wizualizacja_kuchnia_06_kw-100x100.jpg 100w, https:\/\/www.wizualhome.pl\/wp-content\/uploads\/2020\/01\/Opole_kamienica_wizualizacja_kuchnia_06_kw.jpg 1536w\" \/>\t\t\t\t<\/a>\n\t\t\t\t<div class=\"wd-portfolio-btns\">\n\t\t\t\t\t<div class=\"portfolio-enlarge wd-action-btn wd-style-icon wd-enlarge-icon\">\n\t\t\t\t\t\t<a href=\"https:\/\/www.wizualhome.pl\/wp-content\/uploads\/2020\/01\/Opole_kamienica_wizualizacja_kuchnia_06_kw.jpg\" data-elementor-open-lightbox=\"no\">View Large<\/a>\n\t\t\t\t\t<\/div>\n\t\t\t\t\t\t\t\t\t\t\t<div class=\"social-icons-wrapper wd-action-btn wd-style-icon wd-share-icon wd-tltp\">\n\t\t\t\t\t\t\t<a><\/a>\n\t\t\t\t\t\t\t<div class=\"tooltip left\">\n\t\t\t\t\t\t\t\t<div class=\"tooltip-arrow\"><\/div>\n\t\t\t\t\t\t\t\t<div class=\"tooltip-inner\">\n\t\t\t\t\t\t\t\t\t\t\t\t<div\n\t\t\t\t\t\tclass=\" wd-social-icons  wd-style-default wd-size-small social-share wd-shape-circle color-scheme-light text-center\">\n\t\t\t\t\n\t\t\t\t\n\t\t\t\t\t\t\t\t\t<a rel=\"noopener noreferrer nofollow\" href=\"https:\/\/www.facebook.com\/sharer\/sharer.php?u=https:\/\/www.wizualhome.pl\/projekt\/kuchnia-z-niebieskim-akcentem\/\" target=\"_blank\" class=\" wd-social-icon social-facebook\" aria-label=\"Facebook social link\">\n\t\t\t\t\t\t<span class=\"wd-icon\"><\/span>\n\t\t\t\t\t\t\t\t\t\t\t<\/a>\n\t\t\t\t\n\t\t\t\t\t\t\t\t\t<a rel=\"noopener noreferrer nofollow\" href=\"https:\/\/x.com\/share?url=https:\/\/www.wizualhome.pl\/projekt\/kuchnia-z-niebieskim-akcentem\/\" target=\"_blank\" class=\" wd-social-icon social-twitter\" aria-label=\"X social link\">\n\t\t\t\t\t\t<span class=\"wd-icon\"><\/span>\n\t\t\t\t\t\t\t\t\t\t\t<\/a>\n\t\t\t\t\n\t\t\t\t\n\t\t\t\t\t\t\t\t\t<a rel=\"noopener noreferrer nofollow\" href=\"mailto:?subject=Check%20this%20https:\/\/www.wizualhome.pl\/projekt\/kuchnia-z-niebieskim-akcentem\/\" target=\"_blank\" class=\" wd-social-icon social-email\" aria-label=\"Email social link\">\n\t\t\t\t\t\t<span class=\"wd-icon\"><\/span>\n\t\t\t\t\t\t\t\t\t\t\t<\/a>\n\t\t\t\t\n\t\t\t\t\n\t\t\t\t\n\t\t\t\t\n\t\t\t\t\t\t\t\t\t<a rel=\"noopener noreferrer nofollow\" href=\"https:\/\/pinterest.com\/pin\/create\/button\/?url=https:\/\/www.wizualhome.pl\/projekt\/kuchnia-z-niebieskim-akcentem\/&media=https:\/\/www.wizualhome.pl\/wp-content\/uploads\/2020\/01\/Opole_kamienica_wizualizacja_kuchnia_06_kw.jpg&description=Kuchnia+z%26nbsp%3Bniebieskim+akcentem\" target=\"_blank\" class=\" wd-social-icon social-pinterest\" aria-label=\"Pinterest social link\">\n\t\t\t\t\t\t<span class=\"wd-icon\"><\/span>\n\t\t\t\t\t\t\t\t\t\t\t<\/a>\n\t\t\t\t\n\t\t\t\t\n\t\t\t\t\t\t\t\t\t<a rel=\"noopener noreferrer nofollow\" href=\"https:\/\/www.linkedin.com\/shareArticle?mini=true&url=https:\/\/www.wizualhome.pl\/projekt\/kuchnia-z-niebieskim-akcentem\/\" target=\"_blank\" class=\" wd-social-icon social-linkedin\" aria-label=\"Linkedin social link\">\n\t\t\t\t\t\t<span class=\"wd-icon\"><\/span>\n\t\t\t\t\t\t\t\t\t\t\t<\/a>\n\t\t\t\t\n\t\t\t\t\n\t\t\t\t\n\t\t\t\t\n\t\t\t\t\n\t\t\t\t\n\t\t\t\t\n\t\t\t\t\n\t\t\t\t\n\t\t\t\t\n\t\t\t\t\n\t\t\t\t\n\t\t\t\t\n\t\t\t\t\n\t\t\t\t\n\t\t\t\t\n\t\t\t\t\n\t\t\t<\/div>\n\n\t\t\t\t\t\t\t\t\t\t<\/div>\n\t\t\t\t\t\t\t<\/div>\n\t\t\t\t\t\t<\/div>\n\t\t\t\t\t\t\t\t\t<\/div>\n\t\t\t<\/figure>\n\t\t\n\t\t<div class=\"portfolio-info color-scheme-light\">\n\t\t\t\t\t\t\t<div class=\"wrap-meta\">\n\t\t\t\t\t<ul class=\"proj-cats-list\">\n\t\t\t\t\t\t\t\t\t\t\t\t\t\t\t\t\t\t\t\t<li>Kuchnia<\/li>\n\t\t\t\t\t\t\t\t\t\t\t\t\t\t\t\t\t\t\t\t<li>Mieszkanie<\/li>\n\t\t\t\t\t\t\t\t\t\t\t<\/ul>\n\t\t\t\t<\/div>\n\t\t\t\n\t\t\t<div class=\"wrap-title\">\n\t\t\t\t<h3 class=\"wd-entities-title\">\n\t\t\t\t\t<a href=\"https:\/\/www.wizualhome.pl\/projekt\/kuchnia-z-niebieskim-akcentem\/\" rel=\"bookmark\">Kuchnia z&nbsp;niebieskim akcentem<\/a>\n\t\t\t\t<\/h3>\n\t\t\t<\/div>\n\t\t<\/div>\n\t<\/header>\n<\/article>\n\t\t\t\t\t\t\t\t\n<article id=\"post-4897\" class=\"wd-project portfolio-entry wd-col masonry-item portfolio-hover-inverse proj-cat-jadalnia proj-cat-kuchnia proj-cat-salon post-4897 portfolio type-portfolio status-publish has-post-thumbnail hentry project-cat-jadalnia project-cat-kuchnia project-cat-salon\">\n\t<header class=\"entry-header\">\n\t\t\t\t\t<figure class=\"entry-thumbnail color-scheme-light\">\n\t\t\t\t<a href=\"https:\/\/www.wizualhome.pl\/projekt\/przytulny-salon-z-kominkiem\/\" class=\"portfolio-thumbnail\">\n\t\t\t\t\t<img width=\"1024\" height=\"1024\" src=\"https:\/\/www.wizualhome.pl\/wp-content\/uploads\/2021\/02\/znaczek_2020.jpg\" class=\"attachment-large size-large wd-lazy-fade\" alt=\"\" decoding=\"async\" loading=\"lazy\" srcset=\"\" sizes=\"auto, (max-width: 1024px) 100vw, 1024px\" data-src=\"https:\/\/www.wizualhome.pl\/wp-content\/uploads\/2019\/09\/new_Nysa_wizualizacja_jadalnia_kw-1024x1024.jpg\" data-srcset=\"https:\/\/www.wizualhome.pl\/wp-content\/uploads\/2019\/09\/new_Nysa_wizualizacja_jadalnia_kw-1024x1024.jpg 1024w, https:\/\/www.wizualhome.pl\/wp-content\/uploads\/2019\/09\/new_Nysa_wizualizacja_jadalnia_kw-150x150.jpg 150w, https:\/\/www.wizualhome.pl\/wp-content\/uploads\/2019\/09\/new_Nysa_wizualizacja_jadalnia_kw-300x300.jpg 300w, https:\/\/www.wizualhome.pl\/wp-content\/uploads\/2019\/09\/new_Nysa_wizualizacja_jadalnia_kw-768x768.jpg 768w, https:\/\/www.wizualhome.pl\/wp-content\/uploads\/2019\/09\/new_Nysa_wizualizacja_jadalnia_kw-600x600.jpg 600w, https:\/\/www.wizualhome.pl\/wp-content\/uploads\/2019\/09\/new_Nysa_wizualizacja_jadalnia_kw-100x100.jpg 100w, https:\/\/www.wizualhome.pl\/wp-content\/uploads\/2019\/09\/new_Nysa_wizualizacja_jadalnia_kw.jpg 1080w\" \/>\t\t\t\t<\/a>\n\t\t\t\t<div class=\"wd-portfolio-btns\">\n\t\t\t\t\t<div class=\"portfolio-enlarge wd-action-btn wd-style-icon wd-enlarge-icon\">\n\t\t\t\t\t\t<a href=\"https:\/\/www.wizualhome.pl\/wp-content\/uploads\/2019\/09\/new_Nysa_wizualizacja_jadalnia_kw.jpg\" data-elementor-open-lightbox=\"no\">View Large<\/a>\n\t\t\t\t\t<\/div>\n\t\t\t\t\t\t\t\t\t\t\t<div class=\"social-icons-wrapper wd-action-btn wd-style-icon wd-share-icon wd-tltp\">\n\t\t\t\t\t\t\t<a><\/a>\n\t\t\t\t\t\t\t<div class=\"tooltip left\">\n\t\t\t\t\t\t\t\t<div class=\"tooltip-arrow\"><\/div>\n\t\t\t\t\t\t\t\t<div class=\"tooltip-inner\">\n\t\t\t\t\t\t\t\t\t\t\t\t<div\n\t\t\t\t\t\tclass=\" wd-social-icons  wd-style-default wd-size-small social-share wd-shape-circle color-scheme-light text-center\">\n\t\t\t\t\n\t\t\t\t\n\t\t\t\t\t\t\t\t\t<a rel=\"noopener noreferrer nofollow\" href=\"https:\/\/www.facebook.com\/sharer\/sharer.php?u=https:\/\/www.wizualhome.pl\/projekt\/przytulny-salon-z-kominkiem\/\" target=\"_blank\" class=\" wd-social-icon social-facebook\" aria-label=\"Facebook social link\">\n\t\t\t\t\t\t<span class=\"wd-icon\"><\/span>\n\t\t\t\t\t\t\t\t\t\t\t<\/a>\n\t\t\t\t\n\t\t\t\t\t\t\t\t\t<a rel=\"noopener noreferrer nofollow\" href=\"https:\/\/x.com\/share?url=https:\/\/www.wizualhome.pl\/projekt\/przytulny-salon-z-kominkiem\/\" target=\"_blank\" class=\" wd-social-icon social-twitter\" aria-label=\"X social link\">\n\t\t\t\t\t\t<span class=\"wd-icon\"><\/span>\n\t\t\t\t\t\t\t\t\t\t\t<\/a>\n\t\t\t\t\n\t\t\t\t\n\t\t\t\t\t\t\t\t\t<a rel=\"noopener noreferrer nofollow\" href=\"mailto:?subject=Check%20this%20https:\/\/www.wizualhome.pl\/projekt\/przytulny-salon-z-kominkiem\/\" target=\"_blank\" class=\" wd-social-icon social-email\" aria-label=\"Email social link\">\n\t\t\t\t\t\t<span class=\"wd-icon\"><\/span>\n\t\t\t\t\t\t\t\t\t\t\t<\/a>\n\t\t\t\t\n\t\t\t\t\n\t\t\t\t\n\t\t\t\t\n\t\t\t\t\t\t\t\t\t<a rel=\"noopener noreferrer nofollow\" href=\"https:\/\/pinterest.com\/pin\/create\/button\/?url=https:\/\/www.wizualhome.pl\/projekt\/przytulny-salon-z-kominkiem\/&media=https:\/\/www.wizualhome.pl\/wp-content\/uploads\/2019\/09\/new_Nysa_wizualizacja_jadalnia_kw.jpg&description=Przytulny+salon+z%26nbsp%3Bkominkiem\" target=\"_blank\" class=\" wd-social-icon social-pinterest\" aria-label=\"Pinterest social link\">\n\t\t\t\t\t\t<span class=\"wd-icon\"><\/span>\n\t\t\t\t\t\t\t\t\t\t\t<\/a>\n\t\t\t\t\n\t\t\t\t\n\t\t\t\t\t\t\t\t\t<a rel=\"noopener noreferrer nofollow\" href=\"https:\/\/www.linkedin.com\/shareArticle?mini=true&url=https:\/\/www.wizualhome.pl\/projekt\/przytulny-salon-z-kominkiem\/\" target=\"_blank\" class=\" wd-social-icon social-linkedin\" aria-label=\"Linkedin social link\">\n\t\t\t\t\t\t<span class=\"wd-icon\"><\/span>\n\t\t\t\t\t\t\t\t\t\t\t<\/a>\n\t\t\t\t\n\t\t\t\t\n\t\t\t\t\n\t\t\t\t\n\t\t\t\t\n\t\t\t\t\n\t\t\t\t\n\t\t\t\t\n\t\t\t\t\n\t\t\t\t\n\t\t\t\t\n\t\t\t\t\n\t\t\t\t\n\t\t\t\t\n\t\t\t\t\n\t\t\t\t\n\t\t\t\t\n\t\t\t<\/div>\n\n\t\t\t\t\t\t\t\t\t\t<\/div>\n\t\t\t\t\t\t\t<\/div>\n\t\t\t\t\t\t<\/div>\n\t\t\t\t\t\t\t\t\t<\/div>\n\t\t\t<\/figure>\n\t\t\n\t\t<div class=\"portfolio-info color-scheme-light\">\n\t\t\t\t\t\t\t<div class=\"wrap-meta\">\n\t\t\t\t\t<ul class=\"proj-cats-list\">\n\t\t\t\t\t\t\t\t\t\t\t\t\t\t\t\t\t\t\t\t<li>Jadalnia<\/li>\n\t\t\t\t\t\t\t\t\t\t\t\t\t\t\t\t\t\t\t\t<li>Kuchnia<\/li>\n\t\t\t\t\t\t\t\t\t\t\t\t\t\t\t\t\t\t\t\t<li>Salon<\/li>\n\t\t\t\t\t\t\t\t\t\t\t<\/ul>\n\t\t\t\t<\/div>\n\t\t\t\n\t\t\t<div class=\"wrap-title\">\n\t\t\t\t<h3 class=\"wd-entities-title\">\n\t\t\t\t\t<a href=\"https:\/\/www.wizualhome.pl\/projekt\/przytulny-salon-z-kominkiem\/\" rel=\"bookmark\">Przytulny salon z&nbsp;kominkiem<\/a>\n\t\t\t\t<\/h3>\n\t\t\t<\/div>\n\t\t<\/div>\n\t<\/header>\n<\/article>\n\t\t\t\t\t\t\t\t\n<article id=\"post-4787\" class=\"wd-project portfolio-entry wd-col masonry-item portfolio-hover-inverse proj-cat-kuchnia proj-cat-lazienka proj-cat-mieszkanie proj-cat-pokoj proj-cat-salon proj-cat-sypialnia post-4787 portfolio type-portfolio status-publish has-post-thumbnail hentry project-cat-kuchnia project-cat-lazienka project-cat-mieszkanie project-cat-pokoj project-cat-salon project-cat-sypialnia\">\n\t<header class=\"entry-header\">\n\t\t\t\t\t<figure class=\"entry-thumbnail color-scheme-light\">\n\t\t\t\t<a href=\"https:\/\/www.wizualhome.pl\/projekt\/niebiesko-zielone-mieszkanie\/\" class=\"portfolio-thumbnail\">\n\t\t\t\t\t<img width=\"1024\" height=\"1024\" src=\"https:\/\/www.wizualhome.pl\/wp-content\/uploads\/2021\/02\/znaczek_2020.jpg\" class=\"attachment-large size-large wd-lazy-fade\" alt=\"\" decoding=\"async\" loading=\"lazy\" srcset=\"\" sizes=\"auto, (max-width: 1024px) 100vw, 1024px\" data-src=\"https:\/\/www.wizualhome.pl\/wp-content\/uploads\/2019\/09\/Realizacja-Warszawa-Ursus-Kuchnia-kw-1024x1024.jpg\" data-srcset=\"https:\/\/www.wizualhome.pl\/wp-content\/uploads\/2019\/09\/Realizacja-Warszawa-Ursus-Kuchnia-kw-1024x1024.jpg 1024w, https:\/\/www.wizualhome.pl\/wp-content\/uploads\/2019\/09\/Realizacja-Warszawa-Ursus-Kuchnia-kw-300x300.jpg 300w, https:\/\/www.wizualhome.pl\/wp-content\/uploads\/2019\/09\/Realizacja-Warszawa-Ursus-Kuchnia-kw-150x150.jpg 150w, https:\/\/www.wizualhome.pl\/wp-content\/uploads\/2019\/09\/Realizacja-Warszawa-Ursus-Kuchnia-kw-768x768.jpg 768w, https:\/\/www.wizualhome.pl\/wp-content\/uploads\/2019\/09\/Realizacja-Warszawa-Ursus-Kuchnia-kw-1536x1536.jpg 1536w, https:\/\/www.wizualhome.pl\/wp-content\/uploads\/2019\/09\/Realizacja-Warszawa-Ursus-Kuchnia-kw-1200x1200.jpg 1200w, https:\/\/www.wizualhome.pl\/wp-content\/uploads\/2019\/09\/Realizacja-Warszawa-Ursus-Kuchnia-kw-600x600.jpg 600w, https:\/\/www.wizualhome.pl\/wp-content\/uploads\/2019\/09\/Realizacja-Warszawa-Ursus-Kuchnia-kw.jpg 1920w\" \/>\t\t\t\t<\/a>\n\t\t\t\t<div class=\"wd-portfolio-btns\">\n\t\t\t\t\t<div class=\"portfolio-enlarge wd-action-btn wd-style-icon wd-enlarge-icon\">\n\t\t\t\t\t\t<a href=\"https:\/\/www.wizualhome.pl\/wp-content\/uploads\/2019\/09\/Realizacja-Warszawa-Ursus-Kuchnia-kw.jpg\" data-elementor-open-lightbox=\"no\">View Large<\/a>\n\t\t\t\t\t<\/div>\n\t\t\t\t\t\t\t\t\t\t\t<div class=\"social-icons-wrapper wd-action-btn wd-style-icon wd-share-icon wd-tltp\">\n\t\t\t\t\t\t\t<a><\/a>\n\t\t\t\t\t\t\t<div class=\"tooltip left\">\n\t\t\t\t\t\t\t\t<div class=\"tooltip-arrow\"><\/div>\n\t\t\t\t\t\t\t\t<div class=\"tooltip-inner\">\n\t\t\t\t\t\t\t\t\t\t\t\t<div\n\t\t\t\t\t\tclass=\" wd-social-icons  wd-style-default wd-size-small social-share wd-shape-circle color-scheme-light text-center\">\n\t\t\t\t\n\t\t\t\t\n\t\t\t\t\t\t\t\t\t<a rel=\"noopener noreferrer nofollow\" href=\"https:\/\/www.facebook.com\/sharer\/sharer.php?u=https:\/\/www.wizualhome.pl\/projekt\/niebiesko-zielone-mieszkanie\/\" target=\"_blank\" class=\" wd-social-icon social-facebook\" aria-label=\"Facebook social link\">\n\t\t\t\t\t\t<span class=\"wd-icon\"><\/span>\n\t\t\t\t\t\t\t\t\t\t\t<\/a>\n\t\t\t\t\n\t\t\t\t\t\t\t\t\t<a rel=\"noopener noreferrer nofollow\" href=\"https:\/\/x.com\/share?url=https:\/\/www.wizualhome.pl\/projekt\/niebiesko-zielone-mieszkanie\/\" target=\"_blank\" class=\" wd-social-icon social-twitter\" aria-label=\"X social link\">\n\t\t\t\t\t\t<span class=\"wd-icon\"><\/span>\n\t\t\t\t\t\t\t\t\t\t\t<\/a>\n\t\t\t\t\n\t\t\t\t\n\t\t\t\t\t\t\t\t\t<a rel=\"noopener noreferrer nofollow\" href=\"mailto:?subject=Check%20this%20https:\/\/www.wizualhome.pl\/projekt\/niebiesko-zielone-mieszkanie\/\" target=\"_blank\" class=\" wd-social-icon social-email\" aria-label=\"Email social link\">\n\t\t\t\t\t\t<span class=\"wd-icon\"><\/span>\n\t\t\t\t\t\t\t\t\t\t\t<\/a>\n\t\t\t\t\n\t\t\t\t\n\t\t\t\t\n\t\t\t\t\n\t\t\t\t\t\t\t\t\t<a rel=\"noopener noreferrer nofollow\" href=\"https:\/\/pinterest.com\/pin\/create\/button\/?url=https:\/\/www.wizualhome.pl\/projekt\/niebiesko-zielone-mieszkanie\/&media=https:\/\/www.wizualhome.pl\/wp-content\/uploads\/2019\/09\/Realizacja-Warszawa-Ursus-Kuchnia-kw.jpg&description=Niebiesko-zielone+mieszkanie\" target=\"_blank\" class=\" wd-social-icon social-pinterest\" aria-label=\"Pinterest social link\">\n\t\t\t\t\t\t<span class=\"wd-icon\"><\/span>\n\t\t\t\t\t\t\t\t\t\t\t<\/a>\n\t\t\t\t\n\t\t\t\t\n\t\t\t\t\t\t\t\t\t<a rel=\"noopener noreferrer nofollow\" href=\"https:\/\/www.linkedin.com\/shareArticle?mini=true&url=https:\/\/www.wizualhome.pl\/projekt\/niebiesko-zielone-mieszkanie\/\" target=\"_blank\" class=\" wd-social-icon social-linkedin\" aria-label=\"Linkedin social link\">\n\t\t\t\t\t\t<span class=\"wd-icon\"><\/span>\n\t\t\t\t\t\t\t\t\t\t\t<\/a>\n\t\t\t\t\n\t\t\t\t\n\t\t\t\t\n\t\t\t\t\n\t\t\t\t\n\t\t\t\t\n\t\t\t\t\n\t\t\t\t\n\t\t\t\t\n\t\t\t\t\n\t\t\t\t\n\t\t\t\t\n\t\t\t\t\n\t\t\t\t\n\t\t\t\t\n\t\t\t\t\n\t\t\t\t\n\t\t\t<\/div>\n\n\t\t\t\t\t\t\t\t\t\t<\/div>\n\t\t\t\t\t\t\t<\/div>\n\t\t\t\t\t\t<\/div>\n\t\t\t\t\t\t\t\t\t<\/div>\n\t\t\t<\/figure>\n\t\t\n\t\t<div class=\"portfolio-info color-scheme-light\">\n\t\t\t\t\t\t\t<div class=\"wrap-meta\">\n\t\t\t\t\t<ul class=\"proj-cats-list\">\n\t\t\t\t\t\t\t\t\t\t\t\t\t\t\t\t\t\t\t\t<li>Kuchnia<\/li>\n\t\t\t\t\t\t\t\t\t\t\t\t\t\t\t\t\t\t\t\t<li>\u0141azienka<\/li>\n\t\t\t\t\t\t\t\t\t\t\t\t\t\t\t\t\t\t\t\t<li>Mieszkanie<\/li>\n\t\t\t\t\t\t\t\t\t\t\t\t\t\t\t\t\t\t\t\t<li>Pok\u00f3j<\/li>\n\t\t\t\t\t\t\t\t\t\t\t\t\t\t\t\t\t\t\t\t<li>Salon<\/li>\n\t\t\t\t\t\t\t\t\t\t\t\t\t\t\t\t\t\t\t\t<li>Sypialnia<\/li>\n\t\t\t\t\t\t\t\t\t\t\t<\/ul>\n\t\t\t\t<\/div>\n\t\t\t\n\t\t\t<div class=\"wrap-title\">\n\t\t\t\t<h3 class=\"wd-entities-title\">\n\t\t\t\t\t<a href=\"https:\/\/www.wizualhome.pl\/projekt\/niebiesko-zielone-mieszkanie\/\" rel=\"bookmark\">Niebiesko-zielone mieszkanie<\/a>\n\t\t\t\t<\/h3>\n\t\t\t<\/div>\n\t\t<\/div>\n\t<\/header>\n<\/article>\n\t\t\t\t\t\t\t\t\n<article id=\"post-4770\" class=\"wd-project portfolio-entry wd-col masonry-item portfolio-hover-inverse proj-cat-pokoj-dziecka post-4770 portfolio type-portfolio status-publish has-post-thumbnail hentry project-cat-pokoj-dziecka\">\n\t<header class=\"entry-header\">\n\t\t\t\t\t<figure class=\"entry-thumbnail color-scheme-light\">\n\t\t\t\t<a href=\"https:\/\/www.wizualhome.pl\/projekt\/zolty-pokoj-z-plusem\/\" class=\"portfolio-thumbnail\">\n\t\t\t\t\t<img width=\"1024\" height=\"1024\" src=\"https:\/\/www.wizualhome.pl\/wp-content\/uploads\/2021\/02\/znaczek_2020.jpg\" class=\"attachment-large size-large wd-lazy-fade\" alt=\"\" decoding=\"async\" loading=\"lazy\" srcset=\"\" sizes=\"auto, (max-width: 1024px) 100vw, 1024px\" data-src=\"https:\/\/www.wizualhome.pl\/wp-content\/uploads\/2019\/09\/pokoj_nastolatka_01_kw-1-1024x1024.jpg\" data-srcset=\"https:\/\/www.wizualhome.pl\/wp-content\/uploads\/2019\/09\/pokoj_nastolatka_01_kw-1-1024x1024.jpg 1024w, https:\/\/www.wizualhome.pl\/wp-content\/uploads\/2019\/09\/pokoj_nastolatka_01_kw-1-150x150.jpg 150w, https:\/\/www.wizualhome.pl\/wp-content\/uploads\/2019\/09\/pokoj_nastolatka_01_kw-1-300x300.jpg 300w, https:\/\/www.wizualhome.pl\/wp-content\/uploads\/2019\/09\/pokoj_nastolatka_01_kw-1-768x768.jpg 768w, https:\/\/www.wizualhome.pl\/wp-content\/uploads\/2019\/09\/pokoj_nastolatka_01_kw-1-600x600.jpg 600w, https:\/\/www.wizualhome.pl\/wp-content\/uploads\/2019\/09\/pokoj_nastolatka_01_kw-1-100x100.jpg 100w, https:\/\/www.wizualhome.pl\/wp-content\/uploads\/2019\/09\/pokoj_nastolatka_01_kw-1.jpg 1080w\" \/>\t\t\t\t<\/a>\n\t\t\t\t<div class=\"wd-portfolio-btns\">\n\t\t\t\t\t<div class=\"portfolio-enlarge wd-action-btn wd-style-icon wd-enlarge-icon\">\n\t\t\t\t\t\t<a href=\"https:\/\/www.wizualhome.pl\/wp-content\/uploads\/2019\/09\/pokoj_nastolatka_01_kw-1.jpg\" data-elementor-open-lightbox=\"no\">View Large<\/a>\n\t\t\t\t\t<\/div>\n\t\t\t\t\t\t\t\t\t\t\t<div class=\"social-icons-wrapper wd-action-btn wd-style-icon wd-share-icon wd-tltp\">\n\t\t\t\t\t\t\t<a><\/a>\n\t\t\t\t\t\t\t<div class=\"tooltip left\">\n\t\t\t\t\t\t\t\t<div class=\"tooltip-arrow\"><\/div>\n\t\t\t\t\t\t\t\t<div class=\"tooltip-inner\">\n\t\t\t\t\t\t\t\t\t\t\t\t<div\n\t\t\t\t\t\tclass=\" wd-social-icons  wd-style-default wd-size-small social-share wd-shape-circle color-scheme-light text-center\">\n\t\t\t\t\n\t\t\t\t\n\t\t\t\t\t\t\t\t\t<a rel=\"noopener noreferrer nofollow\" href=\"https:\/\/www.facebook.com\/sharer\/sharer.php?u=https:\/\/www.wizualhome.pl\/projekt\/zolty-pokoj-z-plusem\/\" target=\"_blank\" class=\" wd-social-icon social-facebook\" aria-label=\"Facebook social link\">\n\t\t\t\t\t\t<span class=\"wd-icon\"><\/span>\n\t\t\t\t\t\t\t\t\t\t\t<\/a>\n\t\t\t\t\n\t\t\t\t\t\t\t\t\t<a rel=\"noopener noreferrer nofollow\" href=\"https:\/\/x.com\/share?url=https:\/\/www.wizualhome.pl\/projekt\/zolty-pokoj-z-plusem\/\" target=\"_blank\" class=\" wd-social-icon social-twitter\" aria-label=\"X social link\">\n\t\t\t\t\t\t<span class=\"wd-icon\"><\/span>\n\t\t\t\t\t\t\t\t\t\t\t<\/a>\n\t\t\t\t\n\t\t\t\t\n\t\t\t\t\t\t\t\t\t<a rel=\"noopener noreferrer nofollow\" href=\"mailto:?subject=Check%20this%20https:\/\/www.wizualhome.pl\/projekt\/zolty-pokoj-z-plusem\/\" target=\"_blank\" class=\" wd-social-icon social-email\" aria-label=\"Email social link\">\n\t\t\t\t\t\t<span class=\"wd-icon\"><\/span>\n\t\t\t\t\t\t\t\t\t\t\t<\/a>\n\t\t\t\t\n\t\t\t\t\n\t\t\t\t\n\t\t\t\t\n\t\t\t\t\t\t\t\t\t<a rel=\"noopener noreferrer nofollow\" href=\"https:\/\/pinterest.com\/pin\/create\/button\/?url=https:\/\/www.wizualhome.pl\/projekt\/zolty-pokoj-z-plusem\/&media=https:\/\/www.wizualhome.pl\/wp-content\/uploads\/2019\/09\/pokoj_nastolatka_01_kw-1.jpg&description=%C5%BB%C3%B3%C5%82ty+pok%C3%B3j+z%26nbsp%3Bplusem\" target=\"_blank\" class=\" wd-social-icon social-pinterest\" aria-label=\"Pinterest social link\">\n\t\t\t\t\t\t<span class=\"wd-icon\"><\/span>\n\t\t\t\t\t\t\t\t\t\t\t<\/a>\n\t\t\t\t\n\t\t\t\t\n\t\t\t\t\t\t\t\t\t<a rel=\"noopener noreferrer nofollow\" href=\"https:\/\/www.linkedin.com\/shareArticle?mini=true&url=https:\/\/www.wizualhome.pl\/projekt\/zolty-pokoj-z-plusem\/\" target=\"_blank\" class=\" wd-social-icon social-linkedin\" aria-label=\"Linkedin social link\">\n\t\t\t\t\t\t<span class=\"wd-icon\"><\/span>\n\t\t\t\t\t\t\t\t\t\t\t<\/a>\n\t\t\t\t\n\t\t\t\t\n\t\t\t\t\n\t\t\t\t\n\t\t\t\t\n\t\t\t\t\n\t\t\t\t\n\t\t\t\t\n\t\t\t\t\n\t\t\t\t\n\t\t\t\t\n\t\t\t\t\n\t\t\t\t\n\t\t\t\t\n\t\t\t\t\n\t\t\t\t\n\t\t\t\t\n\t\t\t<\/div>\n\n\t\t\t\t\t\t\t\t\t\t<\/div>\n\t\t\t\t\t\t\t<\/div>\n\t\t\t\t\t\t<\/div>\n\t\t\t\t\t\t\t\t\t<\/div>\n\t\t\t<\/figure>\n\t\t\n\t\t<div class=\"portfolio-info color-scheme-light\">\n\t\t\t\t\t\t\t<div class=\"wrap-meta\">\n\t\t\t\t\t<ul class=\"proj-cats-list\">\n\t\t\t\t\t\t\t\t\t\t\t\t\t\t\t\t\t\t\t\t<li>Pok\u00f3j dziecka<\/li>\n\t\t\t\t\t\t\t\t\t\t\t<\/ul>\n\t\t\t\t<\/div>\n\t\t\t\n\t\t\t<div class=\"wrap-title\">\n\t\t\t\t<h3 class=\"wd-entities-title\">\n\t\t\t\t\t<a href=\"https:\/\/www.wizualhome.pl\/projekt\/zolty-pokoj-z-plusem\/\" rel=\"bookmark\">\u017b\u00f3\u0142ty pok\u00f3j z&nbsp;plusem<\/a>\n\t\t\t\t<\/h3>\n\t\t\t<\/div>\n\t\t<\/div>\n\t<\/header>\n<\/article>\n\t\t\t\t\t\t\t\t\n<article id=\"post-2614\" class=\"wd-project portfolio-entry wd-col masonry-item portfolio-hover-inverse proj-cat-kuchnia proj-cat-lazienka proj-cat-mieszkanie proj-cat-pokoj post-2614 portfolio type-portfolio status-publish has-post-thumbnail hentry project-cat-kuchnia project-cat-lazienka project-cat-mieszkanie project-cat-pokoj\">\n\t<header class=\"entry-header\">\n\t\t\t\t\t<figure class=\"entry-thumbnail color-scheme-light\">\n\t\t\t\t<a href=\"https:\/\/www.wizualhome.pl\/projekt\/turkusowa-metamorfoza\/\" class=\"portfolio-thumbnail\">\n\t\t\t\t\t<img width=\"1024\" height=\"1024\" src=\"https:\/\/www.wizualhome.pl\/wp-content\/uploads\/2021\/02\/znaczek_2020.jpg\" class=\"attachment-large size-large wd-lazy-fade\" alt=\"\" decoding=\"async\" loading=\"lazy\" srcset=\"\" sizes=\"auto, (max-width: 1024px) 100vw, 1024px\" data-src=\"https:\/\/www.wizualhome.pl\/wp-content\/uploads\/2019\/04\/Mieszkanie_Kedzierzyn_kuchnia_KW-1024x1024.jpg\" data-srcset=\"https:\/\/www.wizualhome.pl\/wp-content\/uploads\/2019\/04\/Mieszkanie_Kedzierzyn_kuchnia_KW-1024x1024.jpg 1024w, https:\/\/www.wizualhome.pl\/wp-content\/uploads\/2019\/04\/Mieszkanie_Kedzierzyn_kuchnia_KW-150x150.jpg 150w, https:\/\/www.wizualhome.pl\/wp-content\/uploads\/2019\/04\/Mieszkanie_Kedzierzyn_kuchnia_KW-300x300.jpg 300w, https:\/\/www.wizualhome.pl\/wp-content\/uploads\/2019\/04\/Mieszkanie_Kedzierzyn_kuchnia_KW-768x768.jpg 768w, https:\/\/www.wizualhome.pl\/wp-content\/uploads\/2019\/04\/Mieszkanie_Kedzierzyn_kuchnia_KW-1200x1200.jpg 1200w, https:\/\/www.wizualhome.pl\/wp-content\/uploads\/2019\/04\/Mieszkanie_Kedzierzyn_kuchnia_KW-600x600.jpg 600w, https:\/\/www.wizualhome.pl\/wp-content\/uploads\/2019\/04\/Mieszkanie_Kedzierzyn_kuchnia_KW-100x100.jpg 100w, https:\/\/www.wizualhome.pl\/wp-content\/uploads\/2019\/04\/Mieszkanie_Kedzierzyn_kuchnia_KW.jpg 1536w\" \/>\t\t\t\t<\/a>\n\t\t\t\t<div class=\"wd-portfolio-btns\">\n\t\t\t\t\t<div class=\"portfolio-enlarge wd-action-btn wd-style-icon wd-enlarge-icon\">\n\t\t\t\t\t\t<a href=\"https:\/\/www.wizualhome.pl\/wp-content\/uploads\/2019\/04\/Mieszkanie_Kedzierzyn_kuchnia_KW.jpg\" data-elementor-open-lightbox=\"no\">View Large<\/a>\n\t\t\t\t\t<\/div>\n\t\t\t\t\t\t\t\t\t\t\t<div class=\"social-icons-wrapper wd-action-btn wd-style-icon wd-share-icon wd-tltp\">\n\t\t\t\t\t\t\t<a><\/a>\n\t\t\t\t\t\t\t<div class=\"tooltip left\">\n\t\t\t\t\t\t\t\t<div class=\"tooltip-arrow\"><\/div>\n\t\t\t\t\t\t\t\t<div class=\"tooltip-inner\">\n\t\t\t\t\t\t\t\t\t\t\t\t<div\n\t\t\t\t\t\tclass=\" wd-social-icons  wd-style-default wd-size-small social-share wd-shape-circle color-scheme-light text-center\">\n\t\t\t\t\n\t\t\t\t\n\t\t\t\t\t\t\t\t\t<a rel=\"noopener noreferrer nofollow\" href=\"https:\/\/www.facebook.com\/sharer\/sharer.php?u=https:\/\/www.wizualhome.pl\/projekt\/turkusowa-metamorfoza\/\" target=\"_blank\" class=\" wd-social-icon social-facebook\" aria-label=\"Facebook social link\">\n\t\t\t\t\t\t<span class=\"wd-icon\"><\/span>\n\t\t\t\t\t\t\t\t\t\t\t<\/a>\n\t\t\t\t\n\t\t\t\t\t\t\t\t\t<a rel=\"noopener noreferrer nofollow\" href=\"https:\/\/x.com\/share?url=https:\/\/www.wizualhome.pl\/projekt\/turkusowa-metamorfoza\/\" target=\"_blank\" class=\" wd-social-icon social-twitter\" aria-label=\"X social link\">\n\t\t\t\t\t\t<span class=\"wd-icon\"><\/span>\n\t\t\t\t\t\t\t\t\t\t\t<\/a>\n\t\t\t\t\n\t\t\t\t\n\t\t\t\t\t\t\t\t\t<a rel=\"noopener noreferrer nofollow\" href=\"mailto:?subject=Check%20this%20https:\/\/www.wizualhome.pl\/projekt\/turkusowa-metamorfoza\/\" target=\"_blank\" class=\" wd-social-icon social-email\" aria-label=\"Email social link\">\n\t\t\t\t\t\t<span class=\"wd-icon\"><\/span>\n\t\t\t\t\t\t\t\t\t\t\t<\/a>\n\t\t\t\t\n\t\t\t\t\n\t\t\t\t\n\t\t\t\t\n\t\t\t\t\t\t\t\t\t<a rel=\"noopener noreferrer nofollow\" href=\"https:\/\/pinterest.com\/pin\/create\/button\/?url=https:\/\/www.wizualhome.pl\/projekt\/turkusowa-metamorfoza\/&media=https:\/\/www.wizualhome.pl\/wp-content\/uploads\/2019\/04\/Mieszkanie_Kedzierzyn_kuchnia_KW.jpg&description=Turkusowa+metamorfoza\" target=\"_blank\" class=\" wd-social-icon social-pinterest\" aria-label=\"Pinterest social link\">\n\t\t\t\t\t\t<span class=\"wd-icon\"><\/span>\n\t\t\t\t\t\t\t\t\t\t\t<\/a>\n\t\t\t\t\n\t\t\t\t\n\t\t\t\t\t\t\t\t\t<a rel=\"noopener noreferrer nofollow\" href=\"https:\/\/www.linkedin.com\/shareArticle?mini=true&url=https:\/\/www.wizualhome.pl\/projekt\/turkusowa-metamorfoza\/\" target=\"_blank\" class=\" wd-social-icon social-linkedin\" aria-label=\"Linkedin social link\">\n\t\t\t\t\t\t<span class=\"wd-icon\"><\/span>\n\t\t\t\t\t\t\t\t\t\t\t<\/a>\n\t\t\t\t\n\t\t\t\t\n\t\t\t\t\n\t\t\t\t\n\t\t\t\t\n\t\t\t\t\n\t\t\t\t\n\t\t\t\t\n\t\t\t\t\n\t\t\t\t\n\t\t\t\t\n\t\t\t\t\n\t\t\t\t\n\t\t\t\t\n\t\t\t\t\n\t\t\t\t\n\t\t\t\t\n\t\t\t<\/div>\n\n\t\t\t\t\t\t\t\t\t\t<\/div>\n\t\t\t\t\t\t\t<\/div>\n\t\t\t\t\t\t<\/div>\n\t\t\t\t\t\t\t\t\t<\/div>\n\t\t\t<\/figure>\n\t\t\n\t\t<div class=\"portfolio-info color-scheme-light\">\n\t\t\t\t\t\t\t<div class=\"wrap-meta\">\n\t\t\t\t\t<ul class=\"proj-cats-list\">\n\t\t\t\t\t\t\t\t\t\t\t\t\t\t\t\t\t\t\t\t<li>Kuchnia<\/li>\n\t\t\t\t\t\t\t\t\t\t\t\t\t\t\t\t\t\t\t\t<li>\u0141azienka<\/li>\n\t\t\t\t\t\t\t\t\t\t\t\t\t\t\t\t\t\t\t\t<li>Mieszkanie<\/li>\n\t\t\t\t\t\t\t\t\t\t\t\t\t\t\t\t\t\t\t\t<li>Pok\u00f3j<\/li>\n\t\t\t\t\t\t\t\t\t\t\t<\/ul>\n\t\t\t\t<\/div>\n\t\t\t\n\t\t\t<div class=\"wrap-title\">\n\t\t\t\t<h3 class=\"wd-entities-title\">\n\t\t\t\t\t<a href=\"https:\/\/www.wizualhome.pl\/projekt\/turkusowa-metamorfoza\/\" rel=\"bookmark\">Turkusowa metamorfoza<\/a>\n\t\t\t\t<\/h3>\n\t\t\t<\/div>\n\t\t<\/div>\n\t<\/header>\n<\/article>\n\t\t\t\t\t\t\t\t\n<article id=\"post-2532\" class=\"wd-project portfolio-entry wd-col masonry-item portfolio-hover-inverse proj-cat-kuchnia post-2532 portfolio type-portfolio status-publish has-post-thumbnail hentry project-cat-kuchnia\">\n\t<header class=\"entry-header\">\n\t\t\t\t\t<figure class=\"entry-thumbnail color-scheme-light\">\n\t\t\t\t<a href=\"https:\/\/www.wizualhome.pl\/projekt\/klasyczna-kuchnia-z-fuksja\/\" class=\"portfolio-thumbnail\">\n\t\t\t\t\t<img width=\"1024\" height=\"1024\" src=\"https:\/\/www.wizualhome.pl\/wp-content\/uploads\/2021\/02\/znaczek_2020.jpg\" class=\"attachment-large size-large wd-lazy-fade\" alt=\"\" decoding=\"async\" loading=\"lazy\" srcset=\"\" sizes=\"auto, (max-width: 1024px) 100vw, 1024px\" data-src=\"https:\/\/www.wizualhome.pl\/wp-content\/uploads\/2019\/02\/Kuchnia_klasyczna_z_fuksja_01_kw-1024x1024.jpg\" data-srcset=\"https:\/\/www.wizualhome.pl\/wp-content\/uploads\/2019\/02\/Kuchnia_klasyczna_z_fuksja_01_kw-1024x1024.jpg 1024w, https:\/\/www.wizualhome.pl\/wp-content\/uploads\/2019\/02\/Kuchnia_klasyczna_z_fuksja_01_kw-600x600.jpg 600w, https:\/\/www.wizualhome.pl\/wp-content\/uploads\/2019\/02\/Kuchnia_klasyczna_z_fuksja_01_kw-150x150.jpg 150w, https:\/\/www.wizualhome.pl\/wp-content\/uploads\/2019\/02\/Kuchnia_klasyczna_z_fuksja_01_kw-300x300.jpg 300w, https:\/\/www.wizualhome.pl\/wp-content\/uploads\/2019\/02\/Kuchnia_klasyczna_z_fuksja_01_kw-768x768.jpg 768w, https:\/\/www.wizualhome.pl\/wp-content\/uploads\/2019\/02\/Kuchnia_klasyczna_z_fuksja_01_kw-100x100.jpg 100w, https:\/\/www.wizualhome.pl\/wp-content\/uploads\/2019\/02\/Kuchnia_klasyczna_z_fuksja_01_kw.jpg 1080w\" \/>\t\t\t\t<\/a>\n\t\t\t\t<div class=\"wd-portfolio-btns\">\n\t\t\t\t\t<div class=\"portfolio-enlarge wd-action-btn wd-style-icon wd-enlarge-icon\">\n\t\t\t\t\t\t<a href=\"https:\/\/www.wizualhome.pl\/wp-content\/uploads\/2019\/02\/Kuchnia_klasyczna_z_fuksja_01_kw.jpg\" data-elementor-open-lightbox=\"no\">View Large<\/a>\n\t\t\t\t\t<\/div>\n\t\t\t\t\t\t\t\t\t\t\t<div class=\"social-icons-wrapper wd-action-btn wd-style-icon wd-share-icon wd-tltp\">\n\t\t\t\t\t\t\t<a><\/a>\n\t\t\t\t\t\t\t<div class=\"tooltip left\">\n\t\t\t\t\t\t\t\t<div class=\"tooltip-arrow\"><\/div>\n\t\t\t\t\t\t\t\t<div class=\"tooltip-inner\">\n\t\t\t\t\t\t\t\t\t\t\t\t<div\n\t\t\t\t\t\tclass=\" wd-social-icons  wd-style-default wd-size-small social-share wd-shape-circle color-scheme-light text-center\">\n\t\t\t\t\n\t\t\t\t\n\t\t\t\t\t\t\t\t\t<a rel=\"noopener noreferrer nofollow\" href=\"https:\/\/www.facebook.com\/sharer\/sharer.php?u=https:\/\/www.wizualhome.pl\/projekt\/klasyczna-kuchnia-z-fuksja\/\" target=\"_blank\" class=\" wd-social-icon social-facebook\" aria-label=\"Facebook social link\">\n\t\t\t\t\t\t<span class=\"wd-icon\"><\/span>\n\t\t\t\t\t\t\t\t\t\t\t<\/a>\n\t\t\t\t\n\t\t\t\t\t\t\t\t\t<a rel=\"noopener noreferrer nofollow\" href=\"https:\/\/x.com\/share?url=https:\/\/www.wizualhome.pl\/projekt\/klasyczna-kuchnia-z-fuksja\/\" target=\"_blank\" class=\" wd-social-icon social-twitter\" aria-label=\"X social link\">\n\t\t\t\t\t\t<span class=\"wd-icon\"><\/span>\n\t\t\t\t\t\t\t\t\t\t\t<\/a>\n\t\t\t\t\n\t\t\t\t\n\t\t\t\t\t\t\t\t\t<a rel=\"noopener noreferrer nofollow\" href=\"mailto:?subject=Check%20this%20https:\/\/www.wizualhome.pl\/projekt\/klasyczna-kuchnia-z-fuksja\/\" target=\"_blank\" class=\" wd-social-icon social-email\" aria-label=\"Email social link\">\n\t\t\t\t\t\t<span class=\"wd-icon\"><\/span>\n\t\t\t\t\t\t\t\t\t\t\t<\/a>\n\t\t\t\t\n\t\t\t\t\n\t\t\t\t\n\t\t\t\t\n\t\t\t\t\t\t\t\t\t<a rel=\"noopener noreferrer nofollow\" href=\"https:\/\/pinterest.com\/pin\/create\/button\/?url=https:\/\/www.wizualhome.pl\/projekt\/klasyczna-kuchnia-z-fuksja\/&media=https:\/\/www.wizualhome.pl\/wp-content\/uploads\/2019\/02\/Kuchnia_klasyczna_z_fuksja_01_kw.jpg&description=Klasyczna+kuchnia+z%26nbsp%3Bfuksj%C4%85\" target=\"_blank\" class=\" wd-social-icon social-pinterest\" aria-label=\"Pinterest social link\">\n\t\t\t\t\t\t<span class=\"wd-icon\"><\/span>\n\t\t\t\t\t\t\t\t\t\t\t<\/a>\n\t\t\t\t\n\t\t\t\t\n\t\t\t\t\t\t\t\t\t<a rel=\"noopener noreferrer nofollow\" href=\"https:\/\/www.linkedin.com\/shareArticle?mini=true&url=https:\/\/www.wizualhome.pl\/projekt\/klasyczna-kuchnia-z-fuksja\/\" target=\"_blank\" class=\" wd-social-icon social-linkedin\" aria-label=\"Linkedin social link\">\n\t\t\t\t\t\t<span class=\"wd-icon\"><\/span>\n\t\t\t\t\t\t\t\t\t\t\t<\/a>\n\t\t\t\t\n\t\t\t\t\n\t\t\t\t\n\t\t\t\t\n\t\t\t\t\n\t\t\t\t\n\t\t\t\t\n\t\t\t\t\n\t\t\t\t\n\t\t\t\t\n\t\t\t\t\n\t\t\t\t\n\t\t\t\t\n\t\t\t\t\n\t\t\t\t\n\t\t\t\t\n\t\t\t\t\n\t\t\t<\/div>\n\n\t\t\t\t\t\t\t\t\t\t<\/div>\n\t\t\t\t\t\t\t<\/div>\n\t\t\t\t\t\t<\/div>\n\t\t\t\t\t\t\t\t\t<\/div>\n\t\t\t<\/figure>\n\t\t\n\t\t<div class=\"portfolio-info color-scheme-light\">\n\t\t\t\t\t\t\t<div class=\"wrap-meta\">\n\t\t\t\t\t<ul class=\"proj-cats-list\">\n\t\t\t\t\t\t\t\t\t\t\t\t\t\t\t\t\t\t\t\t<li>Kuchnia<\/li>\n\t\t\t\t\t\t\t\t\t\t\t<\/ul>\n\t\t\t\t<\/div>\n\t\t\t\n\t\t\t<div class=\"wrap-title\">\n\t\t\t\t<h3 class=\"wd-entities-title\">\n\t\t\t\t\t<a href=\"https:\/\/www.wizualhome.pl\/projekt\/klasyczna-kuchnia-z-fuksja\/\" rel=\"bookmark\">Klasyczna kuchnia z&nbsp;fuksj\u0105<\/a>\n\t\t\t\t<\/h3>\n\t\t\t<\/div>\n\t\t<\/div>\n\t<\/header>\n<\/article>\n\t\t\t\t\t\t\t\t\n<article id=\"post-2497\" class=\"wd-project portfolio-entry wd-col masonry-item portfolio-hover-inverse proj-cat-kuchnia proj-cat-lazienka proj-cat-mieszkanie proj-cat-pokoj proj-cat-salon post-2497 portfolio type-portfolio status-publish has-post-thumbnail hentry project-cat-kuchnia project-cat-lazienka project-cat-mieszkanie project-cat-pokoj project-cat-salon\">\n\t<header class=\"entry-header\">\n\t\t\t\t\t<figure class=\"entry-thumbnail color-scheme-light\">\n\t\t\t\t<a href=\"https:\/\/www.wizualhome.pl\/projekt\/kawalerka-na-wynajem\/\" class=\"portfolio-thumbnail\">\n\t\t\t\t\t<img width=\"1024\" height=\"1024\" src=\"https:\/\/www.wizualhome.pl\/wp-content\/uploads\/2021\/02\/znaczek_2020.jpg\" class=\"attachment-large size-large wd-lazy-fade\" alt=\"\" decoding=\"async\" loading=\"lazy\" srcset=\"\" sizes=\"auto, (max-width: 1024px) 100vw, 1024px\" data-src=\"https:\/\/www.wizualhome.pl\/wp-content\/uploads\/2019\/04\/Brzeg_salon_05_kw-1024x1024.jpg\" data-srcset=\"https:\/\/www.wizualhome.pl\/wp-content\/uploads\/2019\/04\/Brzeg_salon_05_kw-1024x1024.jpg 1024w, https:\/\/www.wizualhome.pl\/wp-content\/uploads\/2019\/04\/Brzeg_salon_05_kw-150x150.jpg 150w, https:\/\/www.wizualhome.pl\/wp-content\/uploads\/2019\/04\/Brzeg_salon_05_kw-300x300.jpg 300w, https:\/\/www.wizualhome.pl\/wp-content\/uploads\/2019\/04\/Brzeg_salon_05_kw-768x768.jpg 768w, https:\/\/www.wizualhome.pl\/wp-content\/uploads\/2019\/04\/Brzeg_salon_05_kw-1200x1200.jpg 1200w, https:\/\/www.wizualhome.pl\/wp-content\/uploads\/2019\/04\/Brzeg_salon_05_kw-600x600.jpg 600w, https:\/\/www.wizualhome.pl\/wp-content\/uploads\/2019\/04\/Brzeg_salon_05_kw-100x100.jpg 100w, https:\/\/www.wizualhome.pl\/wp-content\/uploads\/2019\/04\/Brzeg_salon_05_kw.jpg 1280w\" \/>\t\t\t\t<\/a>\n\t\t\t\t<div class=\"wd-portfolio-btns\">\n\t\t\t\t\t<div class=\"portfolio-enlarge wd-action-btn wd-style-icon wd-enlarge-icon\">\n\t\t\t\t\t\t<a href=\"https:\/\/www.wizualhome.pl\/wp-content\/uploads\/2019\/04\/Brzeg_salon_05_kw.jpg\" data-elementor-open-lightbox=\"no\">View Large<\/a>\n\t\t\t\t\t<\/div>\n\t\t\t\t\t\t\t\t\t\t\t<div class=\"social-icons-wrapper wd-action-btn wd-style-icon wd-share-icon wd-tltp\">\n\t\t\t\t\t\t\t<a><\/a>\n\t\t\t\t\t\t\t<div class=\"tooltip left\">\n\t\t\t\t\t\t\t\t<div class=\"tooltip-arrow\"><\/div>\n\t\t\t\t\t\t\t\t<div class=\"tooltip-inner\">\n\t\t\t\t\t\t\t\t\t\t\t\t<div\n\t\t\t\t\t\tclass=\" wd-social-icons  wd-style-default wd-size-small social-share wd-shape-circle color-scheme-light text-center\">\n\t\t\t\t\n\t\t\t\t\n\t\t\t\t\t\t\t\t\t<a rel=\"noopener noreferrer nofollow\" href=\"https:\/\/www.facebook.com\/sharer\/sharer.php?u=https:\/\/www.wizualhome.pl\/projekt\/kawalerka-na-wynajem\/\" target=\"_blank\" class=\" wd-social-icon social-facebook\" aria-label=\"Facebook social link\">\n\t\t\t\t\t\t<span class=\"wd-icon\"><\/span>\n\t\t\t\t\t\t\t\t\t\t\t<\/a>\n\t\t\t\t\n\t\t\t\t\t\t\t\t\t<a rel=\"noopener noreferrer nofollow\" href=\"https:\/\/x.com\/share?url=https:\/\/www.wizualhome.pl\/projekt\/kawalerka-na-wynajem\/\" target=\"_blank\" class=\" wd-social-icon social-twitter\" aria-label=\"X social link\">\n\t\t\t\t\t\t<span class=\"wd-icon\"><\/span>\n\t\t\t\t\t\t\t\t\t\t\t<\/a>\n\t\t\t\t\n\t\t\t\t\n\t\t\t\t\t\t\t\t\t<a rel=\"noopener noreferrer nofollow\" href=\"mailto:?subject=Check%20this%20https:\/\/www.wizualhome.pl\/projekt\/kawalerka-na-wynajem\/\" target=\"_blank\" class=\" wd-social-icon social-email\" aria-label=\"Email social link\">\n\t\t\t\t\t\t<span class=\"wd-icon\"><\/span>\n\t\t\t\t\t\t\t\t\t\t\t<\/a>\n\t\t\t\t\n\t\t\t\t\n\t\t\t\t\n\t\t\t\t\n\t\t\t\t\t\t\t\t\t<a rel=\"noopener noreferrer nofollow\" href=\"https:\/\/pinterest.com\/pin\/create\/button\/?url=https:\/\/www.wizualhome.pl\/projekt\/kawalerka-na-wynajem\/&media=https:\/\/www.wizualhome.pl\/wp-content\/uploads\/2019\/04\/Brzeg_salon_05_kw.jpg&description=Kawalerka+na%26nbsp%3Bwynajem\" target=\"_blank\" class=\" wd-social-icon social-pinterest\" aria-label=\"Pinterest social link\">\n\t\t\t\t\t\t<span class=\"wd-icon\"><\/span>\n\t\t\t\t\t\t\t\t\t\t\t<\/a>\n\t\t\t\t\n\t\t\t\t\n\t\t\t\t\t\t\t\t\t<a rel=\"noopener noreferrer nofollow\" href=\"https:\/\/www.linkedin.com\/shareArticle?mini=true&url=https:\/\/www.wizualhome.pl\/projekt\/kawalerka-na-wynajem\/\" target=\"_blank\" class=\" wd-social-icon social-linkedin\" aria-label=\"Linkedin social link\">\n\t\t\t\t\t\t<span class=\"wd-icon\"><\/span>\n\t\t\t\t\t\t\t\t\t\t\t<\/a>\n\t\t\t\t\n\t\t\t\t\n\t\t\t\t\n\t\t\t\t\n\t\t\t\t\n\t\t\t\t\n\t\t\t\t\n\t\t\t\t\n\t\t\t\t\n\t\t\t\t\n\t\t\t\t\n\t\t\t\t\n\t\t\t\t\n\t\t\t\t\n\t\t\t\t\n\t\t\t\t\n\t\t\t\t\n\t\t\t<\/div>\n\n\t\t\t\t\t\t\t\t\t\t<\/div>\n\t\t\t\t\t\t\t<\/div>\n\t\t\t\t\t\t<\/div>\n\t\t\t\t\t\t\t\t\t<\/div>\n\t\t\t<\/figure>\n\t\t\n\t\t<div class=\"portfolio-info color-scheme-light\">\n\t\t\t\t\t\t\t<div class=\"wrap-meta\">\n\t\t\t\t\t<ul class=\"proj-cats-list\">\n\t\t\t\t\t\t\t\t\t\t\t\t\t\t\t\t\t\t\t\t<li>Kuchnia<\/li>\n\t\t\t\t\t\t\t\t\t\t\t\t\t\t\t\t\t\t\t\t<li>\u0141azienka<\/li>\n\t\t\t\t\t\t\t\t\t\t\t\t\t\t\t\t\t\t\t\t<li>Mieszkanie<\/li>\n\t\t\t\t\t\t\t\t\t\t\t\t\t\t\t\t\t\t\t\t<li>Pok\u00f3j<\/li>\n\t\t\t\t\t\t\t\t\t\t\t\t\t\t\t\t\t\t\t\t<li>Salon<\/li>\n\t\t\t\t\t\t\t\t\t\t\t<\/ul>\n\t\t\t\t<\/div>\n\t\t\t\n\t\t\t<div class=\"wrap-title\">\n\t\t\t\t<h3 class=\"wd-entities-title\">\n\t\t\t\t\t<a href=\"https:\/\/www.wizualhome.pl\/projekt\/kawalerka-na-wynajem\/\" rel=\"bookmark\">Kawalerka na&nbsp;wynajem<\/a>\n\t\t\t\t<\/h3>\n\t\t\t<\/div>\n\t\t<\/div>\n\t<\/header>\n<\/article>\n\t\t\t\t\t\t\t\t\n<article id=\"post-2494\" class=\"wd-project portfolio-entry wd-col masonry-item portfolio-hover-inverse proj-cat-kuchnia post-2494 portfolio type-portfolio status-publish has-post-thumbnail hentry project-cat-kuchnia\">\n\t<header class=\"entry-header\">\n\t\t\t\t\t<figure class=\"entry-thumbnail color-scheme-light\">\n\t\t\t\t<a href=\"https:\/\/www.wizualhome.pl\/projekt\/kuchnia-z-czarnym-akcentem\/\" class=\"portfolio-thumbnail\">\n\t\t\t\t\t<img width=\"1024\" height=\"1024\" src=\"https:\/\/www.wizualhome.pl\/wp-content\/uploads\/2021\/02\/znaczek_2020.jpg\" class=\"attachment-large size-large wd-lazy-fade\" alt=\"\" decoding=\"async\" loading=\"lazy\" srcset=\"\" sizes=\"auto, (max-width: 1024px) 100vw, 1024px\" data-src=\"https:\/\/www.wizualhome.pl\/wp-content\/uploads\/2019\/01\/Kuchnia_z_czarnym_akcentem_KW-1-1024x1024.jpg\" data-srcset=\"https:\/\/www.wizualhome.pl\/wp-content\/uploads\/2019\/01\/Kuchnia_z_czarnym_akcentem_KW-1-1024x1024.jpg 1024w, https:\/\/www.wizualhome.pl\/wp-content\/uploads\/2019\/01\/Kuchnia_z_czarnym_akcentem_KW-1-600x600.jpg 600w, https:\/\/www.wizualhome.pl\/wp-content\/uploads\/2019\/01\/Kuchnia_z_czarnym_akcentem_KW-1-1200x1200.jpg 1200w, https:\/\/www.wizualhome.pl\/wp-content\/uploads\/2019\/01\/Kuchnia_z_czarnym_akcentem_KW-1-150x150.jpg 150w, https:\/\/www.wizualhome.pl\/wp-content\/uploads\/2019\/01\/Kuchnia_z_czarnym_akcentem_KW-1-300x300.jpg 300w, https:\/\/www.wizualhome.pl\/wp-content\/uploads\/2019\/01\/Kuchnia_z_czarnym_akcentem_KW-1-768x768.jpg 768w, https:\/\/www.wizualhome.pl\/wp-content\/uploads\/2019\/01\/Kuchnia_z_czarnym_akcentem_KW-1-100x100.jpg 100w, https:\/\/www.wizualhome.pl\/wp-content\/uploads\/2019\/01\/Kuchnia_z_czarnym_akcentem_KW-1.jpg 1536w\" \/>\t\t\t\t<\/a>\n\t\t\t\t<div class=\"wd-portfolio-btns\">\n\t\t\t\t\t<div class=\"portfolio-enlarge wd-action-btn wd-style-icon wd-enlarge-icon\">\n\t\t\t\t\t\t<a href=\"https:\/\/www.wizualhome.pl\/wp-content\/uploads\/2019\/01\/Kuchnia_z_czarnym_akcentem_KW-1.jpg\" data-elementor-open-lightbox=\"no\">View Large<\/a>\n\t\t\t\t\t<\/div>\n\t\t\t\t\t\t\t\t\t\t\t<div class=\"social-icons-wrapper wd-action-btn wd-style-icon wd-share-icon wd-tltp\">\n\t\t\t\t\t\t\t<a><\/a>\n\t\t\t\t\t\t\t<div class=\"tooltip left\">\n\t\t\t\t\t\t\t\t<div class=\"tooltip-arrow\"><\/div>\n\t\t\t\t\t\t\t\t<div class=\"tooltip-inner\">\n\t\t\t\t\t\t\t\t\t\t\t\t<div\n\t\t\t\t\t\tclass=\" wd-social-icons  wd-style-default wd-size-small social-share wd-shape-circle color-scheme-light text-center\">\n\t\t\t\t\n\t\t\t\t\n\t\t\t\t\t\t\t\t\t<a rel=\"noopener noreferrer nofollow\" href=\"https:\/\/www.facebook.com\/sharer\/sharer.php?u=https:\/\/www.wizualhome.pl\/projekt\/kuchnia-z-czarnym-akcentem\/\" target=\"_blank\" class=\" wd-social-icon social-facebook\" aria-label=\"Facebook social link\">\n\t\t\t\t\t\t<span class=\"wd-icon\"><\/span>\n\t\t\t\t\t\t\t\t\t\t\t<\/a>\n\t\t\t\t\n\t\t\t\t\t\t\t\t\t<a rel=\"noopener noreferrer nofollow\" href=\"https:\/\/x.com\/share?url=https:\/\/www.wizualhome.pl\/projekt\/kuchnia-z-czarnym-akcentem\/\" target=\"_blank\" class=\" wd-social-icon social-twitter\" aria-label=\"X social link\">\n\t\t\t\t\t\t<span class=\"wd-icon\"><\/span>\n\t\t\t\t\t\t\t\t\t\t\t<\/a>\n\t\t\t\t\n\t\t\t\t\n\t\t\t\t\t\t\t\t\t<a rel=\"noopener noreferrer nofollow\" href=\"mailto:?subject=Check%20this%20https:\/\/www.wizualhome.pl\/projekt\/kuchnia-z-czarnym-akcentem\/\" target=\"_blank\" class=\" wd-social-icon social-email\" aria-label=\"Email social link\">\n\t\t\t\t\t\t<span class=\"wd-icon\"><\/span>\n\t\t\t\t\t\t\t\t\t\t\t<\/a>\n\t\t\t\t\n\t\t\t\t\n\t\t\t\t\n\t\t\t\t\n\t\t\t\t\t\t\t\t\t<a rel=\"noopener noreferrer nofollow\" href=\"https:\/\/pinterest.com\/pin\/create\/button\/?url=https:\/\/www.wizualhome.pl\/projekt\/kuchnia-z-czarnym-akcentem\/&media=https:\/\/www.wizualhome.pl\/wp-content\/uploads\/2019\/01\/Kuchnia_z_czarnym_akcentem_KW-1.jpg&description=Kuchnia+z%26nbsp%3Bczarnym+akcentem\" target=\"_blank\" class=\" wd-social-icon social-pinterest\" aria-label=\"Pinterest social link\">\n\t\t\t\t\t\t<span class=\"wd-icon\"><\/span>\n\t\t\t\t\t\t\t\t\t\t\t<\/a>\n\t\t\t\t\n\t\t\t\t\n\t\t\t\t\t\t\t\t\t<a rel=\"noopener noreferrer nofollow\" href=\"https:\/\/www.linkedin.com\/shareArticle?mini=true&url=https:\/\/www.wizualhome.pl\/projekt\/kuchnia-z-czarnym-akcentem\/\" target=\"_blank\" class=\" wd-social-icon social-linkedin\" aria-label=\"Linkedin social link\">\n\t\t\t\t\t\t<span class=\"wd-icon\"><\/span>\n\t\t\t\t\t\t\t\t\t\t\t<\/a>\n\t\t\t\t\n\t\t\t\t\n\t\t\t\t\n\t\t\t\t\n\t\t\t\t\n\t\t\t\t\n\t\t\t\t\n\t\t\t\t\n\t\t\t\t\n\t\t\t\t\n\t\t\t\t\n\t\t\t\t\n\t\t\t\t\n\t\t\t\t\n\t\t\t\t\n\t\t\t\t\n\t\t\t\t\n\t\t\t<\/div>\n\n\t\t\t\t\t\t\t\t\t\t<\/div>\n\t\t\t\t\t\t\t<\/div>\n\t\t\t\t\t\t<\/div>\n\t\t\t\t\t\t\t\t\t<\/div>\n\t\t\t<\/figure>\n\t\t\n\t\t<div class=\"portfolio-info color-scheme-light\">\n\t\t\t\t\t\t\t<div class=\"wrap-meta\">\n\t\t\t\t\t<ul class=\"proj-cats-list\">\n\t\t\t\t\t\t\t\t\t\t\t\t\t\t\t\t\t\t\t\t<li>Kuchnia<\/li>\n\t\t\t\t\t\t\t\t\t\t\t<\/ul>\n\t\t\t\t<\/div>\n\t\t\t\n\t\t\t<div class=\"wrap-title\">\n\t\t\t\t<h3 class=\"wd-entities-title\">\n\t\t\t\t\t<a href=\"https:\/\/www.wizualhome.pl\/projekt\/kuchnia-z-czarnym-akcentem\/\" rel=\"bookmark\">Kuchnia z&nbsp;czarnym akcentem<\/a>\n\t\t\t\t<\/h3>\n\t\t\t<\/div>\n\t\t<\/div>\n\t<\/header>\n<\/article>\n\t\t\t\t\t\t\t\t\n<article id=\"post-2486\" class=\"wd-project portfolio-entry wd-col masonry-item portfolio-hover-inverse proj-cat-lazienka proj-cat-wizualizacja post-2486 portfolio type-portfolio status-publish has-post-thumbnail hentry project-cat-lazienka project-cat-wizualizacja\">\n\t<header class=\"entry-header\">\n\t\t\t\t\t<figure class=\"entry-thumbnail color-scheme-light\">\n\t\t\t\t<a href=\"https:\/\/www.wizualhome.pl\/projekt\/lazienka-w-szarosciach\/\" class=\"portfolio-thumbnail\">\n\t\t\t\t\t<img width=\"1024\" height=\"1024\" src=\"https:\/\/www.wizualhome.pl\/wp-content\/uploads\/2021\/02\/znaczek_2020.jpg\" class=\"attachment-large size-large wd-lazy-fade\" alt=\"\" decoding=\"async\" loading=\"lazy\" srcset=\"\" sizes=\"auto, (max-width: 1024px) 100vw, 1024px\" data-src=\"https:\/\/www.wizualhome.pl\/wp-content\/uploads\/2019\/01\/Lazienka_w_szarosciach_KW-1024x1024.jpg\" data-srcset=\"https:\/\/www.wizualhome.pl\/wp-content\/uploads\/2019\/01\/Lazienka_w_szarosciach_KW-1024x1024.jpg 1024w, https:\/\/www.wizualhome.pl\/wp-content\/uploads\/2019\/01\/Lazienka_w_szarosciach_KW-600x600.jpg 600w, https:\/\/www.wizualhome.pl\/wp-content\/uploads\/2019\/01\/Lazienka_w_szarosciach_KW-150x150.jpg 150w, https:\/\/www.wizualhome.pl\/wp-content\/uploads\/2019\/01\/Lazienka_w_szarosciach_KW-300x300.jpg 300w, https:\/\/www.wizualhome.pl\/wp-content\/uploads\/2019\/01\/Lazienka_w_szarosciach_KW-768x768.jpg 768w, https:\/\/www.wizualhome.pl\/wp-content\/uploads\/2019\/01\/Lazienka_w_szarosciach_KW-100x100.jpg 100w, https:\/\/www.wizualhome.pl\/wp-content\/uploads\/2019\/01\/Lazienka_w_szarosciach_KW.jpg 1080w\" \/>\t\t\t\t<\/a>\n\t\t\t\t<div class=\"wd-portfolio-btns\">\n\t\t\t\t\t<div class=\"portfolio-enlarge wd-action-btn wd-style-icon wd-enlarge-icon\">\n\t\t\t\t\t\t<a href=\"https:\/\/www.wizualhome.pl\/wp-content\/uploads\/2019\/01\/Lazienka_w_szarosciach_KW.jpg\" data-elementor-open-lightbox=\"no\">View Large<\/a>\n\t\t\t\t\t<\/div>\n\t\t\t\t\t\t\t\t\t\t\t<div class=\"social-icons-wrapper wd-action-btn wd-style-icon wd-share-icon wd-tltp\">\n\t\t\t\t\t\t\t<a><\/a>\n\t\t\t\t\t\t\t<div class=\"tooltip left\">\n\t\t\t\t\t\t\t\t<div class=\"tooltip-arrow\"><\/div>\n\t\t\t\t\t\t\t\t<div class=\"tooltip-inner\">\n\t\t\t\t\t\t\t\t\t\t\t\t<div\n\t\t\t\t\t\tclass=\" wd-social-icons  wd-style-default wd-size-small social-share wd-shape-circle color-scheme-light text-center\">\n\t\t\t\t\n\t\t\t\t\n\t\t\t\t\t\t\t\t\t<a rel=\"noopener noreferrer nofollow\" href=\"https:\/\/www.facebook.com\/sharer\/sharer.php?u=https:\/\/www.wizualhome.pl\/projekt\/lazienka-w-szarosciach\/\" target=\"_blank\" class=\" wd-social-icon social-facebook\" aria-label=\"Facebook social link\">\n\t\t\t\t\t\t<span class=\"wd-icon\"><\/span>\n\t\t\t\t\t\t\t\t\t\t\t<\/a>\n\t\t\t\t\n\t\t\t\t\t\t\t\t\t<a rel=\"noopener noreferrer nofollow\" href=\"https:\/\/x.com\/share?url=https:\/\/www.wizualhome.pl\/projekt\/lazienka-w-szarosciach\/\" target=\"_blank\" class=\" wd-social-icon social-twitter\" aria-label=\"X social link\">\n\t\t\t\t\t\t<span class=\"wd-icon\"><\/span>\n\t\t\t\t\t\t\t\t\t\t\t<\/a>\n\t\t\t\t\n\t\t\t\t\n\t\t\t\t\t\t\t\t\t<a rel=\"noopener noreferrer nofollow\" href=\"mailto:?subject=Check%20this%20https:\/\/www.wizualhome.pl\/projekt\/lazienka-w-szarosciach\/\" target=\"_blank\" class=\" wd-social-icon social-email\" aria-label=\"Email social link\">\n\t\t\t\t\t\t<span class=\"wd-icon\"><\/span>\n\t\t\t\t\t\t\t\t\t\t\t<\/a>\n\t\t\t\t\n\t\t\t\t\n\t\t\t\t\n\t\t\t\t\n\t\t\t\t\t\t\t\t\t<a rel=\"noopener noreferrer nofollow\" href=\"https:\/\/pinterest.com\/pin\/create\/button\/?url=https:\/\/www.wizualhome.pl\/projekt\/lazienka-w-szarosciach\/&media=https:\/\/www.wizualhome.pl\/wp-content\/uploads\/2019\/01\/Lazienka_w_szarosciach_KW.jpg&description=%C5%81azienka+w%26nbsp%3Bszaro%C5%9Bciach\" target=\"_blank\" class=\" wd-social-icon social-pinterest\" aria-label=\"Pinterest social link\">\n\t\t\t\t\t\t<span class=\"wd-icon\"><\/span>\n\t\t\t\t\t\t\t\t\t\t\t<\/a>\n\t\t\t\t\n\t\t\t\t\n\t\t\t\t\t\t\t\t\t<a rel=\"noopener noreferrer nofollow\" href=\"https:\/\/www.linkedin.com\/shareArticle?mini=true&url=https:\/\/www.wizualhome.pl\/projekt\/lazienka-w-szarosciach\/\" target=\"_blank\" class=\" wd-social-icon social-linkedin\" aria-label=\"Linkedin social link\">\n\t\t\t\t\t\t<span class=\"wd-icon\"><\/span>\n\t\t\t\t\t\t\t\t\t\t\t<\/a>\n\t\t\t\t\n\t\t\t\t\n\t\t\t\t\n\t\t\t\t\n\t\t\t\t\n\t\t\t\t\n\t\t\t\t\n\t\t\t\t\n\t\t\t\t\n\t\t\t\t\n\t\t\t\t\n\t\t\t\t\n\t\t\t\t\n\t\t\t\t\n\t\t\t\t\n\t\t\t\t\n\t\t\t\t\n\t\t\t<\/div>\n\n\t\t\t\t\t\t\t\t\t\t<\/div>\n\t\t\t\t\t\t\t<\/div>\n\t\t\t\t\t\t<\/div>\n\t\t\t\t\t\t\t\t\t<\/div>\n\t\t\t<\/figure>\n\t\t\n\t\t<div class=\"portfolio-info color-scheme-light\">\n\t\t\t\t\t\t\t<div class=\"wrap-meta\">\n\t\t\t\t\t<ul class=\"proj-cats-list\">\n\t\t\t\t\t\t\t\t\t\t\t\t\t\t\t\t\t\t\t\t<li>\u0141azienka<\/li>\n\t\t\t\t\t\t\t\t\t\t\t\t\t\t\t\t\t\t\t\t<li>Wizualizacja<\/li>\n\t\t\t\t\t\t\t\t\t\t\t<\/ul>\n\t\t\t\t<\/div>\n\t\t\t\n\t\t\t<div class=\"wrap-title\">\n\t\t\t\t<h3 class=\"wd-entities-title\">\n\t\t\t\t\t<a href=\"https:\/\/www.wizualhome.pl\/projekt\/lazienka-w-szarosciach\/\" rel=\"bookmark\">\u0141azienka w&nbsp;szaro\u015bciach<\/a>\n\t\t\t\t<\/h3>\n\t\t\t<\/div>\n\t\t<\/div>\n\t<\/header>\n<\/article>\n\t\t\n\t\t\n\t\t\n\t\t\t\t\t","status":"have-posts","nextPage":"https:\/\/www.wizualhome.pl\/projekt\/page\/5\/?woo_ajax=1","currentPage":"https:\/\/www.wizualhome.pl\/projekt\/page\/4"}